{"id":143171,"date":"2026-01-15T15:37:07","date_gmt":"2026-01-15T15:37:07","guid":{"rendered":"https:\/\/www.europesays.com\/fi\/143171\/"},"modified":"2026-01-15T15:37:07","modified_gmt":"2026-01-15T15:37:07","slug":"venaja-iski-puolassa-joulukuussa-sahkot-yritettiin-katkaista","status":"publish","type":"post","link":"https:\/\/www.europesays.com\/fi\/143171\/","title":{"rendered":"Ven\u00e4j\u00e4 iski Puolassa joulukuussa &#8211; &#8221;S\u00e4hk\u00f6t yritettiin katkaista&#8221;"},"content":{"rendered":"<p class=\"ai-optimize-6 ai-optimize-introduction\">Puolassa koettiin joulukuussa valtava ven\u00e4l\u00e4inen kyberhy\u00f6kk\u00e4ys, joka oli v\u00e4h\u00e4ll\u00e4 aiheuttaa laajan s\u00e4hk\u00f6katkon, digiasioiden ministeri <strong>Krzystof<\/strong> <strong>Gawkowski<\/strong> paljastaa RMF-radiokanavan <a href=\"https:\/\/www.rmf24.pl\/tylko-w-rmf24\/popoludniowa-rozmowa\/news-polsce-grozil-blackout-gawkowski-cyfrowe-czolgi-juz-tu-sa,nId,8057521\" target=\"_blank\" rel=\"noopener nofollow\">haastattelussa<\/a>.<\/p>\n<p class=\"ai-optimize-7\">\u2013 Digitaaliset panssarivaunut ovat jo t\u00e4\u00e4ll\u00e4. T\u00e4m\u00e4 oli er\u00e4s vakavimmista hy\u00f6kk\u00e4yksist\u00e4 energiainfrastruktuuria vastaan ja sen tavoitteena oli katkaista kansalaisilta s\u00e4hk\u00f6t joulukuun lopussa, Gawkowski toteaa.<\/p>\n<p class=\"ai-optimize-9\">Puolan energiaj\u00e4rjestelm\u00e4\u00e4n kohdistui ministerin mukaan viime vuoden lopulla lukuisia hy\u00f6kk\u00e4yksi\u00e4. Joulukuun lopun isku oli h\u00e4nen mukaansa niist\u00e4 vakavin.<\/p>\n<p class=\"ai-optimize-10\">Puolan energiaministeri <strong>Milosz<\/strong> <strong>Motyka<\/strong> kertoi aiemmin, ett\u00e4 useisiin s\u00e4hk\u00f6laitoksiin kohdistui loppuvuodesta kyberhy\u00f6kk\u00e4ys, joka ei kuitenkaan onnistunut.<\/p>\n<p class=\"ai-optimize-11\">Iskun kerrotaan kohdistuneen yhteen l\u00e4mp\u00f6voimalaa ja useisiin erillisiin uusiutuvan energian laitoksiin ymp\u00e4ri maata.<\/p>\n<p class=\"ai-optimize-12\">\u2013 Kaikki viittaa siihen, ett\u00e4 olemme tekemisiss\u00e4 ven\u00e4l\u00e4isen sabotaasin kanssa. T\u00e4st\u00e4 on puhuttava oikealla nimell\u00e4. Tavoitteena oli luoda ep\u00e4vakautta Puolassa, Krzystof Gawkowski sanoo.<\/p>\n<p class=\"ai-optimize-13\">H\u00e4nen mukaansa Puolassa on varauduttu t\u00e4llaiseen hyvin ja paniikkiin ei ole syyt\u00e4.<\/p>\n<blockquote class=\"twitter-tweet\" data-width=\"550\" data-dnt=\"true\">\n<p lang=\"en\" dir=\"ltr\">\u26a1\ufe0fAt the end of December 2025, Poland was on the verge of a massive blackout due to a targeted cyberattack on the energy sector. This was stated by the Deputy Prime Minister and Minister of Digitalization of Poland, Krzysztof Tch\u00f3rzewski, who also reported russia&#8217;s involvement. <a href=\"https:\/\/t.co\/nJH97eDB7B\" rel=\"nofollow\">pic.twitter.com\/nJH97eDB7B<\/a><\/p>\n<p>\u2014 Center for Countering Disinformation (@CforCD) <a href=\"https:\/\/twitter.com\/CforCD\/status\/2011720314796065212?ref_src=twsrc%5Etfw\" rel=\"nofollow noopener\" target=\"_blank\">January 15, 2026<\/a><\/p>\n<\/blockquote>\n<p>\t\t\t\t<script async src=\"https:\/\/platform.twitter.com\/widgets.js\" charset=\"utf-8\"><\/script><\/p>\n","protected":false},"excerpt":{"rendered":"Puolassa koettiin joulukuussa valtava ven\u00e4l\u00e4inen kyberhy\u00f6kk\u00e4ys, joka oli v\u00e4h\u00e4ll\u00e4 aiheuttaa laajan s\u00e4hk\u00f6katkon, digiasioiden ministeri Krzystof Gawkowski paljastaa RMF-radiokanavan&hellip;\n","protected":false},"author":2,"featured_media":143172,"comment_status":"","ping_status":"","sticky":false,"template":"","format":"standard","meta":{"footnotes":""},"categories":[14],"tags":[22,23,26,27,33,31,30,17,6644,24,25,28,29,15,18,21,2700,32,19,20,56,16,547,59,60,61],"class_list":{"0":"post-143171","1":"post","2":"type-post","3":"status-publish","4":"format-standard","5":"has-post-thumbnail","7":"category-ulkomaat","8":"tag-breaking-news","9":"tag-breakingnews","10":"tag-featured-news","11":"tag-featurednews","12":"tag-fi","13":"tag-finland","14":"tag-finnish","15":"tag-headlines","16":"tag-hybridivaikuttaminen","17":"tag-latest-news","18":"tag-latestnews","19":"tag-main-news","20":"tag-mainnews","21":"tag-news","22":"tag-otsikot","23":"tag-paauutiset","24":"tag-puola","25":"tag-suomi","26":"tag-top-stories","27":"tag-topstories","28":"tag-ulkomaat","29":"tag-uutiset","30":"tag-venaja","31":"tag-world","32":"tag-world-news","33":"tag-worldnews"},"share_on_mastodon":{"url":"https:\/\/pubeurope.com\/@fi\/115899861874241151","error":""},"_links":{"self":[{"href":"https:\/\/www.europesays.com\/fi\/wp-json\/wp\/v2\/posts\/143171","targetHints":{"allow":["GET"]}}],"collection":[{"href":"https:\/\/www.europesays.com\/fi\/wp-json\/wp\/v2\/posts"}],"about":[{"href":"https:\/\/www.europesays.com\/fi\/wp-json\/wp\/v2\/types\/post"}],"author":[{"embeddable":true,"href":"https:\/\/www.europesays.com\/fi\/wp-json\/wp\/v2\/users\/2"}],"replies":[{"embeddable":true,"href":"https:\/\/www.europesays.com\/fi\/wp-json\/wp\/v2\/comments?post=143171"}],"version-history":[{"count":0,"href":"https:\/\/www.europesays.com\/fi\/wp-json\/wp\/v2\/posts\/143171\/revisions"}],"wp:featuredmedia":[{"embeddable":true,"href":"https:\/\/www.europesays.com\/fi\/wp-json\/wp\/v2\/media\/143172"}],"wp:attachment":[{"href":"https:\/\/www.europesays.com\/fi\/wp-json\/wp\/v2\/media?parent=143171"}],"wp:term":[{"taxonomy":"category","embeddable":true,"href":"https:\/\/www.europesays.com\/fi\/wp-json\/wp\/v2\/categories?post=143171"},{"taxonomy":"post_tag","embeddable":true,"href":"https:\/\/www.europesays.com\/fi\/wp-json\/wp\/v2\/tags?post=143171"}],"curies":[{"name":"wp","href":"https:\/\/api.w.org\/{rel}","templated":true}]}}