{"id":143173,"date":"2026-01-15T15:38:09","date_gmt":"2026-01-15T15:38:09","guid":{"rendered":"https:\/\/www.europesays.com\/fi\/143173\/"},"modified":"2026-01-15T15:38:09","modified_gmt":"2026-01-15T15:38:09","slug":"lappiin-lensi-jouluna-viisi-venalaisturistia-rajavartiosto-varmaan-unohtunut-etta-rajoitukset-ovat-edelleen-voimassa-lappi","status":"publish","type":"post","link":"https:\/\/www.europesays.com\/fi\/143173\/","title":{"rendered":"Lappiin lensi jouluna viisi ven\u00e4l\u00e4isturistia \u2013 rajavartiosto: \u201dVarmaan unohtunut, ett\u00e4 rajoitukset ovat edelleen voimassa\u201d | Lappi"},"content":{"rendered":"<p class=\"aw-1gybjub aw-5vja16 kEtdKx kmuxyA yle__article__paragraph\">Kyseess\u00e4 on rajavartioston mukaan harvinainen, muttei ennenkuulumaton tapahtuma.<\/p>\n<p><img decoding=\"async\" alt=\"Matkailijoita Rovaniemen lentoasemalla.\" src=\"https:\/\/www.europesays.com\/fi\/wp-content\/uploads\/2026\/01\/39-15821146968f288ad774.jpeg\" class=\"aw-1l9m598 hKVVvP\"\/><\/p>\n<p>Avaa kuvien katselu<\/p>\n<p>Maahan saapuneille ven\u00e4l\u00e4isturisteille m\u00e4\u00e4r\u00e4ttiin my\u00f6s maahantulokieltoa. Kuvituskuva. Kuva: Antti Mikkola \/ Yle<\/p>\n<p class=\"aw-1gybjub aw-1p7kakr kEtdKx cEmitX yle__article__paragraph\">Lapin lentoasemille saapui joulun aikaan viisi ven\u00e4l\u00e4isturistia, joiden maahanp\u00e4\u00e4sy ev\u00e4ttiin. Turisteista kolme laskeutui Rovaniemelle ennen joulua ja kaksi Kittil\u00e4\u00e4n joulun j\u00e4lkeen.<\/p>\n<p class=\"aw-1gybjub aw-1p7kakr kEtdKx cEmitX yle__article__paragraph\">Lapin rajavartiosto ev\u00e4si turistien maahanp\u00e4\u00e4syn, koska kyse oli ven\u00e4l\u00e4isten ei-v\u00e4ltt\u00e4m\u00e4tt\u00f6m\u00e4ss\u00e4 tarkoituksessa tapahtuneesta matkustamisesta Suomeen. Matkustamista on rajoitettu valtioneuvoston p\u00e4\u00e4t\u00f6ksell\u00e4.<\/p>\n<p class=\"aw-1gybjub aw-1p7kakr kEtdKx cEmitX yle__article__paragraph\">Lapin rajavartioston rajatarkastusupseeri <strong class=\"aw-ak79eh KyCXm yle__article__strong\">Tommi Tiilikaisen<\/strong> mukaan kyseess\u00e4 on harvinainen tapahtuma. Onhan it\u00e4raja ollut kiinni jo yli kaksi vuotta. Kyseiset viisi tapausta olivat viime vuoden ainoat.<\/p>\n<p><img decoding=\"async\" alt=\"Turvapaikanhakijoita polkupy\u00f6rill\u00e4 Nuijamaan rajapuomilla.\" src=\"https:\/\/www.europesays.com\/fi\/wp-content\/uploads\/2026\/01\/39-12007146554698130f1f.jpeg\" class=\"aw-1l9m598 hKVVvP\"\/><\/p>\n<p class=\"aw-1gybjub aw-1p7kakr kEtdKx cEmitX yle__article__paragraph\">T\u00e4ysin ennenkuulumatonta ven\u00e4l\u00e4isturistien k\u00e4\u00e4nnytt\u00e4minen lentokent\u00e4ll\u00e4 ei kuitenkaan ole. Edellisvuonna tapauksia oli yksi.<\/p>\n<p class=\"aw-1gybjub aw-1p7kakr kEtdKx cEmitX yle__article__paragraph\">\u2013 Aikaa on vier\u00e4ht\u00e4nyt, niin varmaan t\u00e4ss\u00e4 ajan my\u00f6t\u00e4 on unohtunut, ett\u00e4 rajoitukset ovat edelleen voimassa, Tiilikainen arvelee.<\/p>\n<p class=\"aw-1gybjub aw-1p7kakr kEtdKx cEmitX yle__article__paragraph\">H\u00e4n ei ota kantaa siihen, olivatko turistit ihmeiss\u00e4\u00e4n, kun heille kerrottiin, ett\u00e4 maahanp\u00e4\u00e4sy ev\u00e4t\u00e4\u00e4n.<\/p>\n<p class=\"aw-1gybjub aw-1p7kakr kEtdKx cEmitX yle__article__paragraph\">\u2013 Menem\u00e4tt\u00e4 yksityiskohtiin, niin siin\u00e4 on yhteisymm\u00e4rryksess\u00e4 todettu, etteiv\u00e4t maahantulon edellytykset t\u00e4yty.<\/p>\n<p>Yksi ehti paluukoneeseen<\/p>\n<p class=\"aw-1gybjub aw-1p7kakr kEtdKx cEmitX yle__article__paragraph\">Tiilikaisen mukaan yksi ven\u00e4l\u00e4isturisti ehdittiin laittaa heti takaisin l\u00e4htev\u00e4\u00e4n koneeseen. T\u00e4llaisessa tapauksessa lentoyhti\u00f6ll\u00e4 on velvollisuus kuljettaa henkil\u00f6 my\u00f6s takaisin.<\/p>\n<p class=\"aw-1gybjub aw-1p7kakr kEtdKx cEmitX yle__article__paragraph\">Muilta ven\u00e4l\u00e4isilt\u00e4 otettiin matkustusasiakirjat talteen, ja annettiin ilmoittautumisvelvollisuus seuraavalle p\u00e4iv\u00e4lle paluulentoa varten. Kittil\u00e4n tapauksissa Hannes-myrsky aiheutti tosin viel\u00e4 lis\u00e4viiv\u00e4styst\u00e4 l\u00e4ht\u00f6\u00f6n.<\/p>\n<p class=\"aw-1gybjub aw-1p7kakr kEtdKx cEmitX yle__article__paragraph\">Maahan saapuneille ven\u00e4l\u00e4isturisteille m\u00e4\u00e4r\u00e4ttiin my\u00f6s maahantulokieltoa.<\/p>\n<p class=\"aw-1gybjub aw-1p7kakr kEtdKx cEmitX yle__article__paragraph\">Tapauksesta uutisoi ensimm\u00e4isen\u00e4 <a class=\"aw-iao6s4 iHOxEa yle__article__link\" href=\"https:\/\/www.hs.fi\/alueet\/art-2000011748020.html\" role=\"link\" rel=\"nofollow noopener\" target=\"_blank\">Helsingin Sanoma<\/a>t.<\/p>\n","protected":false},"excerpt":{"rendered":"Kyseess\u00e4 on rajavartioston mukaan harvinainen, muttei ennenkuulumaton tapahtuma. Avaa kuvien katselu Maahan saapuneille ven\u00e4l\u00e4isturisteille m\u00e4\u00e4r\u00e4ttiin my\u00f6s maahantulokieltoa. Kuvituskuva.&hellip;\n","protected":false},"author":2,"featured_media":143174,"comment_status":"","ping_status":"","sticky":false,"template":"","format":"standard","meta":{"footnotes":""},"categories":[12],"tags":[22,23,26,27,33,31,30,17,71,667,24,25,1224,28,29,1478,15,18,21,4272,1482,32,19,20,16,547],"class_list":{"0":"post-143173","1":"post","2":"type-post","3":"status-publish","4":"format-standard","5":"has-post-thumbnail","7":"category-suomi","8":"tag-breaking-news","9":"tag-breakingnews","10":"tag-featured-news","11":"tag-featurednews","12":"tag-fi","13":"tag-finland","14":"tag-finnish","15":"tag-headlines","16":"tag-kotimaa","17":"tag-lappi","18":"tag-latest-news","19":"tag-latestnews","20":"tag-lentoliikenne","21":"tag-main-news","22":"tag-mainnews","23":"tag-matkailu","24":"tag-news","25":"tag-otsikot","26":"tag-paauutiset","27":"tag-rajavalvonta","28":"tag-suomeen-matkustaminen","29":"tag-suomi","30":"tag-top-stories","31":"tag-topstories","32":"tag-uutiset","33":"tag-venaja"},"share_on_mastodon":{"url":"https:\/\/pubeurope.com\/@fi\/115899865775407175","error":""},"_links":{"self":[{"href":"https:\/\/www.europesays.com\/fi\/wp-json\/wp\/v2\/posts\/143173","targetHints":{"allow":["GET"]}}],"collection":[{"href":"https:\/\/www.europesays.com\/fi\/wp-json\/wp\/v2\/posts"}],"about":[{"href":"https:\/\/www.europesays.com\/fi\/wp-json\/wp\/v2\/types\/post"}],"author":[{"embeddable":true,"href":"https:\/\/www.europesays.com\/fi\/wp-json\/wp\/v2\/users\/2"}],"replies":[{"embeddable":true,"href":"https:\/\/www.europesays.com\/fi\/wp-json\/wp\/v2\/comments?post=143173"}],"version-history":[{"count":0,"href":"https:\/\/www.europesays.com\/fi\/wp-json\/wp\/v2\/posts\/143173\/revisions"}],"wp:featuredmedia":[{"embeddable":true,"href":"https:\/\/www.europesays.com\/fi\/wp-json\/wp\/v2\/media\/143174"}],"wp:attachment":[{"href":"https:\/\/www.europesays.com\/fi\/wp-json\/wp\/v2\/media?parent=143173"}],"wp:term":[{"taxonomy":"category","embeddable":true,"href":"https:\/\/www.europesays.com\/fi\/wp-json\/wp\/v2\/categories?post=143173"},{"taxonomy":"post_tag","embeddable":true,"href":"https:\/\/www.europesays.com\/fi\/wp-json\/wp\/v2\/tags?post=143173"}],"curies":[{"name":"wp","href":"https:\/\/api.w.org\/{rel}","templated":true}]}}