{"id":143180,"date":"2026-01-15T15:52:14","date_gmt":"2026-01-15T15:52:14","guid":{"rendered":"https:\/\/www.europesays.com\/fi\/143180\/"},"modified":"2026-01-15T15:52:14","modified_gmt":"2026-01-15T15:52:14","slug":"onko-tama-julkisivu-kauhea-vai-mahtava-katso-moron-kuvat-ja-paata-itse-pidatko-vai-inhoatko","status":"publish","type":"post","link":"https:\/\/www.europesays.com\/fi\/143180\/","title":{"rendered":"Onko t\u00e4m\u00e4 julkisivu kauhea vai mahtava? \u2013 Katso Moron kuvat ja p\u00e4\u00e4t\u00e4 itse, pid\u00e4tk\u00f6 vai inhoatko"},"content":{"rendered":"<p>\u201dHerra mun vereni! Jo on kammotus!\u201d vai \u201dHieno tuohon paikkaan.\u201d Moro tutustui Tampereen puhutuimpaan julkisivuun.<\/p>\n<p>14.1. 15:00<\/p>\n<p class=\"article-body mb-nof-24 px-nof-16\">Moro, Nekala<\/p>\n<p class=\"article-body mb-nof-24 px-nof-16\">Onko se avaruusalus, nykytaiteeseen keskittyv\u00e4 museo, kaunis vai ruma? Tampereen puhutuin ja mielenkiintoisin julkisivu on Nekalassa Viinikankadun ja Vihiojantien kulmauksessa. Vastap\u00e4\u00e4t\u00e4 rakentuu parasta aikaa Tampereen uusi poliisiasema.<\/p>\n<p class=\"article-body mb-nof-24 px-nof-16\">Grip Action Sports Hub -liikuntakeskuksen alumiinikomposiittinen kulmikas julkisivu on her\u00e4tt\u00e4nyt kovaa keskustelua Tampereella ja muun muassa sosiaalisen median arkkitehtiryhm\u00e4ss\u00e4. Siell\u00e4 julkisivu jakaa porukan mielipiteit\u00e4 jyrk\u00e4sti:<\/p>\n<p class=\"article-body mb-nof-24 px-nof-16\">\u201dHerra mun vereni! Jo on kammotus!\u201d<\/p>\n<p><img decoding=\"async\" src=\"https:\/\/www.europesays.com\/fi\/wp-content\/uploads\/2026\/01\/1768492332_879_468.jpg\" alt=\"Keskuksen molemmin puolin on huomattavasti perinteisemp\u00e4\u00e4 arkkitehtuuria.\" class=\"_Img_1rerz_1\" style=\"aspect-ratio:1.7777777777777777\" loading=\"eager\"\/><\/p>\n<p class=\"article-picture-caption\">Keskuksen molemmin puolin on huomattavasti perinteisemp\u00e4\u00e4 arkkitehtuuria. Kuva:\u00a0Jukka Manninen \/ Aamulehti<\/p>\n<p class=\"article-body mb-nof-24 px-nof-16\">\u201dOnhan toi kamala, mutta se on viel\u00e4 kamalamman ikiaikaisen teollisuusalueen ja moottoritien ja ratapihan keskell\u00e4, ett\u00e4 sanoisin, ett\u00e4 tuo on kaunistus sille kulmakunnalle.\u201d<\/p>\n<p class=\"article-body mb-nof-24 px-nof-16\">\u201dMiten kenenk\u00e4\u00e4n mielikuvitus pystyy tuottamaan n\u00e4in rumaa j\u00e4lke\u00e4?\u201d<\/p>\n<p class=\"article-body mb-nof-24 px-nof-16\">\u201dHieno tuohon paikkaan.\u201d<\/p>\n<p class=\"article-body mb-nof-24 px-nof-16\">\u201dOn se sent\u00e4\u00e4n kaunistus tuolle tontille. Naapureissa ei ole kehumista, tuo on teollisuusaluetta.\u201d<\/p>\n<p class=\"article-body mb-nof-24 px-nof-16\">\u201dMielest\u00e4ni moderniksi urheiluhalliksi parhaimmistoa. Mik\u00e4 tahansa perus peltikattoinen halli olisi t\u00e4ss\u00e4 pahempi. T\u00e4ss\u00e4 sent\u00e4\u00e4n on yritetty!\u201d<\/p>\n<p class=\"article-body mb-nof-24 px-nof-16\">Tuollaista julkisivua on ment\u00e4v\u00e4 katsomaan. Samalla Moro tapasi keskuksen toimitusjohtajan <a class=\"font-bold underline-offset-[0.12em] [text-decoration:var(--person-link-text-decoration)] ![text-decoration-color:var(--person-link-text-decoration-color)]\" href=\"https:\/\/www.aamulehti.fi\/haku\/?query=Janne%20Siev%C3%A4sen\" rel=\"nofollow noopener\" target=\"_blank\">Janne Siev\u00e4sen<\/a> ja haastatteli arkkitehti <a class=\"font-bold underline-offset-[0.12em] [text-decoration:var(--person-link-text-decoration)] ![text-decoration-color:var(--person-link-text-decoration-color)]\" href=\"https:\/\/www.aamulehti.fi\/haku\/?query=Juho%20Koistista\" rel=\"nofollow noopener\" target=\"_blank\">Juho Koistista<\/a>.<\/p>\n<p><img decoding=\"async\" src=\"https:\/\/www.europesays.com\/fi\/wp-content\/uploads\/2026\/01\/1768492333_61_468.jpg\" alt=\"Voi ennustaa, ett\u00e4 t\u00e4st\u00e4 nekalalaisesta liikuntahallista tulee jo julkisivunsa takia hyvin tunnettu.\" class=\"_Img_1rerz_1\" style=\"aspect-ratio:1.7777777777777777\" loading=\"eager\"\/><\/p>\n<p class=\"article-picture-caption\">Voi ennustaa, ett\u00e4 t\u00e4st\u00e4 nekalalaisesta liikuntahallista tulee jo julkisivunsa takia hyvin tunnettu. Kuva:\u00a0Jukka Manninen \/ Aamulehti<\/p>\n<p>Tavoitteena poikkeuksellisuus<\/p>\n<p class=\"article-body mb-nof-24 px-nof-16\">Keskuksen toimitusjohtaja Janne Siev\u00e4nen ja arkkitehti Juho Koistinen tamperelaisesta Arkkitehdit Kontukoski Oy:st\u00e4 kertovat, ett\u00e4 julkisivusta oli tavoitteenakin tehd\u00e4 poikkeuksellinen ja tunteita her\u00e4tt\u00e4v\u00e4.<\/p>\n<p class=\"article-body mb-nof-24 px-nof-16\">\u201dJulkisivuaihe vinoine pintoineen kuvastaa keskuksen lajeista kiipeily\u00e4 ja skeittausta. Ajatus on my\u00f6s, ett\u00e4 pystyhalkeamat avaavat ohikulkijoille n\u00e4yteikkunan keskukseen\u201d, Koistinen kertoo.<\/p>\n<p class=\"article-body mb-nof-24 px-nof-16\">Siev\u00e4nen toteaa, ett\u00e4 k\u00e4ytt\u00e4jien n\u00e4k\u00f6kulmasta oli t\u00e4rke\u00e4\u00e4, ett\u00e4 sis\u00e4lt\u00e4 n\u00e4kee my\u00f6s ulos. Siksi julkisivuelementtien pinta-alasta puolet on perforoitu eli rei\u2019itetty suurten ikkunoiden kohdalla.<\/p>\n<p class=\"article-body mb-nof-24 px-nof-16\">\u201dN\u00e4kym\u00e4t eiv\u00e4t peity ja levyt siivil\u00f6iv\u00e4t valon kauniisti. Ei tunnu yht\u00e4\u00e4n silt\u00e4, ett\u00e4 oltaisiin kuoren sis\u00e4ss\u00e4.\u201d<\/p>\n<p><img decoding=\"async\" src=\"https:\/\/www.europesays.com\/fi\/wp-content\/uploads\/2026\/01\/1768492333_999_468.jpg\" alt=\"Liikuntakeskuksen toimitusjohtaja Janne Siev\u00e4nen kertoo, ett\u00e4 valo siivil\u00f6ityy hienosti julkisivun reikien l\u00e4pi eik\u00e4 sis\u00e4ll\u00e4 tunne olevansa kuoren sis\u00e4ll\u00e4.\" class=\"_Img_1rerz_1\" style=\"aspect-ratio:1.7777777777777777\" loading=\"eager\"\/><\/p>\n<p class=\"article-picture-caption\">Liikuntakeskuksen toimitusjohtaja Janne Siev\u00e4nen kertoo, ett\u00e4 valo siivil\u00f6ityy hienosti julkisivun reikien l\u00e4pi eik\u00e4 sis\u00e4ll\u00e4 tunne olevansa kuoren sis\u00e4ll\u00e4. Kuva:\u00a0Jukka Manninen \/ Aamulehti<\/p>\n<p><img decoding=\"async\" src=\"https:\/\/www.europesays.com\/fi\/wp-content\/uploads\/2026\/01\/1768492333_167_468.jpg\" alt=\"Sis\u00e4lt\u00e4 katsottuna julkisivu on paljon avoimempi kuin ulkoa p\u00e4in voi olettaa. Isojen ikkunoiden kohdalta noin puolet pinta-alasta on aukkoja.\" class=\"_Img_1rerz_1\" style=\"aspect-ratio:1.7777777777777777\" loading=\"eager\"\/><\/p>\n<p class=\"article-picture-caption\">Sis\u00e4lt\u00e4 katsottuna julkisivu on paljon avoimempi kuin ulkoa p\u00e4in voi olettaa. Isojen ikkunoiden kohdalta noin puolet pinta-alasta on aukkoja. Kuva:\u00a0Jukka Manninen \/ Aamulehti<\/p>\n<p><img decoding=\"async\" src=\"https:\/\/www.europesays.com\/fi\/wp-content\/uploads\/2026\/01\/1768492333_648_468.jpg\" alt=\"Kuusikulmio valikoitu julkisivun aukotuksen muodoksi harkinnan j\u00e4lkeen. Muoto mahdollistaa mahdollisimman lujan rakenteen, mutta mahdollisimman ison pinta-alan rei\u2019ille.\" class=\"_Img_1rerz_1\" style=\"aspect-ratio:1.7777777777777777\" loading=\"eager\"\/><\/p>\n<p class=\"article-picture-caption\">Kuusikulmio valikoitu julkisivun aukotuksen muodoksi harkinnan j\u00e4lkeen. Muoto mahdollistaa mahdollisimman lujan rakenteen, mutta mahdollisimman ison pinta-alan rei\u2019ille. Kuva:\u00a0Jukka Manninen \/ Aamulehti<\/p>\n<p>Paksua alumiinikomposiittia<\/p>\n<p class=\"article-body mb-nof-24 px-nof-16\">Huomiota her\u00e4tt\u00e4v\u00e4t julkisivuelementit ovat kuusi millimetri\u00e4 paksua alumiinikomposiittia, joka on eritt\u00e4in j\u00e4ykk\u00e4\u00e4 ja pit\u00e4\u00e4 poikkeuksellisen muotonsa.<\/p>\n<p class=\"article-body mb-nof-24 px-nof-16\">Himme\u00e4n kiilt\u00e4v\u00e4 harmaa pinta el\u00e4\u00e4 valoisuuden mukaan. Tulossa on viel\u00e4 julkisivuvalaistus.<\/p>\n<p class=\"article-body mb-nof-24 px-nof-16\">\u201dTumman taustasein\u00e4n p\u00e4\u00e4lle tarkoin kiinnitetyt elementit n\u00e4ytt\u00e4v\u00e4t ik\u00e4\u00e4n kuin leijuvan\u201d, kuvailee arkkitehti Koistinen.<\/p>\n<p class=\"article-body mb-nof-24 px-nof-16\">Julkisivu on jo her\u00e4tt\u00e4nyt kiinnostusta arkkitehtipiireiss\u00e4 ja vierailuja on tulossa. My\u00f6s esimerkiksi skeittauksen maailmant\u00e4hti\u00e4 tullaan n\u00e4kem\u00e4\u00e4n keskuksessa. Tampere voi saada siit\u00e4 yhden kaupungin tunnetuimmista rakennuksista, vaikka se on monien mielest\u00e4 ruma.<\/p>\n<p><img decoding=\"async\" src=\"https:\/\/www.europesays.com\/fi\/wp-content\/uploads\/2026\/01\/1768492333_21_468.jpg\" alt=\"Julkisivussa on my\u00f6s halkeamia, joiden l\u00e4pi ohikulkijat n\u00e4kev\u00e4t sis\u00e4\u00e4n keskukseen. Alareunassa n\u00e4kyy osa skeittiramppia.\" class=\"_Img_1rerz_1\" style=\"aspect-ratio:0.5625\" loading=\"eager\"\/><\/p>\n<p class=\"article-picture-caption\">Julkisivussa on my\u00f6s halkeamia, joiden l\u00e4pi ohikulkijat n\u00e4kev\u00e4t sis\u00e4\u00e4n keskukseen. Alareunassa n\u00e4kyy osa skeittiramppia. Kuva:\u00a0Jukka Manninen \/ Aamulehti<\/p>\n<p><img decoding=\"async\" src=\"https:\/\/www.europesays.com\/fi\/wp-content\/uploads\/2026\/01\/1768492334_325_468.jpg\" alt=\"Uuden liikuntakeskuksen muoto ei ole musta laatikko, vaan jotain ihan muuta.\" class=\"_Img_1rerz_1\" style=\"aspect-ratio:1.7777777777777777\" loading=\"eager\"\/><\/p>\n<p class=\"article-picture-caption\">Uuden liikuntakeskuksen muoto ei ole musta laatikko, vaan jotain ihan muuta. Kuva:\u00a0Jukka Manninen \/ Aamulehti<\/p>\n<p><img decoding=\"async\" src=\"https:\/\/www.europesays.com\/fi\/wp-content\/uploads\/2026\/01\/1768492334_102_468.jpg\" alt=\"P\u00e4\u00e4sis\u00e4\u00e4nk\u00e4ynti on Viinikankadun puolelta, jossa n\u00e4kyy my\u00f6s lasisein\u00e4isen ravintolan tila vasemmalla ylh\u00e4\u00e4ll\u00e4.\" class=\"_Img_1rerz_1\" style=\"aspect-ratio:1.7777777777777777\" loading=\"eager\"\/><\/p>\n<p class=\"article-picture-caption\">P\u00e4\u00e4sis\u00e4\u00e4nk\u00e4ynti on Viinikankadun puolelta, jossa n\u00e4kyy my\u00f6s lasisein\u00e4isen ravintolan tila vasemmalla ylh\u00e4\u00e4ll\u00e4. Kuva:\u00a0Jukka Manninen \/ Aamulehti<\/p>\n<p>Tiatoo<\/p>\n<p>Mist\u00e4 on kyse?<\/p>\n<p class=\"article-body mb-nof-24 px-nof-16\">Grip Action Sports Hub -liikuntakeskus avasi ovensa Tampereen Nekalassa 27. joulukuuta.<\/p>\n<p class=\"article-body mb-nof-24 px-nof-16\">Kuusikerroksinen rakennus k\u00e4tkee sis\u00e4\u00e4ns\u00e4 muun muassa skeittihallin ja kiipeilykeskuksen sek\u00e4 kuntosalin, ravintolan ja saunaosaston.<\/p>\n<p class=\"article-body mb-nof-24 px-nof-16\">Yleiset saunavuorot ovat juuri alkamassa ja ravintola avautuu tammi-helmikuun taitteessa.<\/p>\n<p class=\"article-body mb-nof-24 px-nof-16\">Kuusikerroksisessa keskuksessa on pinta-alaa reilun 8\u202f000 neli\u00f6metrin verran<\/p>\n<p class=\"article-body mb-nof-24 px-nof-16\">Julkisivu on alumiinikomposiittia ja muodoissa on inspiraatiota kiipeilysein\u00e4st\u00e4 ja skeittirampeista.<\/p>\n<p class=\"article-body mb-nof-24 px-nof-16\">Arkkitehtisuunnittelija on Arkkitehdit Kontukoski Oy Tampereelta.<\/p>\n<p class=\"article-body nof-ui-body-medium mb-nof-24 px-nof-16\">Oikaisu: 16.1.2026 kello 9.44: Korjattu kartassa keskuksen sijaintia korttelin verran.<\/p>\n","protected":false},"excerpt":{"rendered":"\u201dHerra mun vereni! Jo on kammotus!\u201d vai \u201dHieno tuohon paikkaan.\u201d Moro tutustui Tampereen puhutuimpaan julkisivuun. 14.1. 15:00 Moro,&hellip;\n","protected":false},"author":2,"featured_media":143181,"comment_status":"","ping_status":"","sticky":false,"template":"","format":"standard","meta":{"footnotes":""},"categories":[135],"tags":[157,389,387,388,390,137,33,31,30,32,394,393,391,392,109],"class_list":{"0":"post-143180","1":"post","2":"type-post","3":"status-publish","4":"format-standard","5":"has-post-thumbnail","7":"category-taiteet-ja-suunnittelu","8":"tag-aamulehti","9":"tag-arts","10":"tag-arts-and-design","11":"tag-artsanddesign","12":"tag-design","13":"tag-entertainment","14":"tag-fi","15":"tag-finland","16":"tag-finnish","17":"tag-suomi","18":"tag-suunnittelu","19":"tag-taiteet","20":"tag-taiteet-ja-suunnittelu","21":"tag-taiteetsuunnittelu","22":"tag-viihde"},"share_on_mastodon":{"url":"https:\/\/pubeurope.com\/@fi\/115899920815951485","error":""},"_links":{"self":[{"href":"https:\/\/www.europesays.com\/fi\/wp-json\/wp\/v2\/posts\/143180","targetHints":{"allow":["GET"]}}],"collection":[{"href":"https:\/\/www.europesays.com\/fi\/wp-json\/wp\/v2\/posts"}],"about":[{"href":"https:\/\/www.europesays.com\/fi\/wp-json\/wp\/v2\/types\/post"}],"author":[{"embeddable":true,"href":"https:\/\/www.europesays.com\/fi\/wp-json\/wp\/v2\/users\/2"}],"replies":[{"embeddable":true,"href":"https:\/\/www.europesays.com\/fi\/wp-json\/wp\/v2\/comments?post=143180"}],"version-history":[{"count":0,"href":"https:\/\/www.europesays.com\/fi\/wp-json\/wp\/v2\/posts\/143180\/revisions"}],"wp:featuredmedia":[{"embeddable":true,"href":"https:\/\/www.europesays.com\/fi\/wp-json\/wp\/v2\/media\/143181"}],"wp:attachment":[{"href":"https:\/\/www.europesays.com\/fi\/wp-json\/wp\/v2\/media?parent=143180"}],"wp:term":[{"taxonomy":"category","embeddable":true,"href":"https:\/\/www.europesays.com\/fi\/wp-json\/wp\/v2\/categories?post=143180"},{"taxonomy":"post_tag","embeddable":true,"href":"https:\/\/www.europesays.com\/fi\/wp-json\/wp\/v2\/tags?post=143180"}],"curies":[{"name":"wp","href":"https:\/\/api.w.org\/{rel}","templated":true}]}}