{"id":143184,"date":"2026-01-15T15:58:11","date_gmt":"2026-01-15T15:58:11","guid":{"rendered":"https:\/\/www.europesays.com\/fi\/143184\/"},"modified":"2026-01-15T15:58:11","modified_gmt":"2026-01-15T15:58:11","slug":"ueli-kestenholz-silminnakija-kertoo-etsinnoista","status":"publish","type":"post","link":"https:\/\/www.europesays.com\/fi\/143184\/","title":{"rendered":"Ueli Kestenholz: silminn\u00e4kij\u00e4 kertoo etsinn\u00f6ist\u00e4"},"content":{"rendered":"<p>Lumilautailu|Ueli Kestenholz kuoli lumivy\u00f6ryss\u00e4.<\/p>\n<p class=\"article-body mb-nof-24 px-nof-16\">Sveitsil\u00e4inen lumilautailut\u00e4hti ja olympiamitalisti <a class=\"font-bold underline-offset-[0.12em] [text-decoration:var(--person-link-text-decoration)] ![text-decoration-color:var(--person-link-text-decoration-color)]\" href=\"https:\/\/www.hs.fi\/haku\/?query=Ueli%20Kestenholz\" rel=\"nofollow noopener\" target=\"_blank\">Ueli Kestenholz<\/a> kuoli sunnuntaina. H\u00e4n j\u00e4i lumivy\u00f6ryn alle ollessaan laskemassa Bernin alpeilla sijaitsevassa L\u00f6tschentalin laaksossa.<\/p>\n<p class=\"article-body mb-nof-24 px-nof-16\">Nyt Kestenholzin viimeisist\u00e4 hetkist\u00e4 on saatu uutta tietoa. Onnettomuuden silminn\u00e4kij\u00e4 kertoi sveitsil\u00e4iselle <a class=\"underline underline-offset-[0.12em] [text-decoration-thickness:var(--generic-link-underline-thickness)] [text-decoration-color:var(--generic-link-underline-color)] [text-decoration-skip-ink:var(--generic-link-underline-skip-ink)] break-words\" href=\"https:\/\/www.blick.ch\/sport\/wintersport\/snowboard\/video-zeigt-den-einsatz-nach-der-lawine-augenzeuge-erlebt-das-kestenholz-drama-hautnah-mit-und-will-helfen-id21598114.html\" rel=\"nofollow noopener\" target=\"_blank\">Blick<\/a>-lehdelle havainneensa, kuinka Hockuchriz-vuoren it\u00e4rinteell\u00e4 k\u00e4ynnistyi suuri lumivy\u00f6ry.<\/p>\n<p class=\"article-body mb-nof-24 px-nof-16\">Silminn\u00e4kij\u00e4 oli yhteydess\u00e4 paikallisen hissioperaattorin henkil\u00f6kuntaan ja tarjoutui auttamaan pelastust\u00f6iss\u00e4. H\u00e4nelle kuitenkin sanottiin, ett\u00e4 lis\u00e4v\u00e4ke\u00e4 ei tarvita.<\/p>\n<p class=\"article-body mb-nof-24 px-nof-16\">H\u00e4n tarttui sen j\u00e4lkeen kameraan ja alkoi kuvata tapahtumia. Videolta n\u00e4kyy, kuinka lumivy\u00f6ryalueelle saapuu laskijoita etsim\u00e4\u00e4n uhreja. Sitten paikalle saapuu helikopteri ja silminn\u00e4kij\u00e4 tajuaa: tilanne on vakava.<\/p>\n<p class=\"article-body mb-nof-24 px-nof-16\">Sunnuntain aikana alueella oli ollut useita lumivy\u00f6ryj\u00e4 ja osa rinteist\u00e4 oli suljettu vaaran takia.<\/p>\n<p class=\"article-body mb-nof-24 px-nof-16\">\u201dMutta jopa suljetuilla alueilla n\u00e4kyi sin\u00e4 p\u00e4iv\u00e4n\u00e4 lukuisia laskijoiden j\u00e4lki\u00e4\u201d, silminn\u00e4kij\u00e4 kertoo.<\/p>\n<p><img decoding=\"async\" src=\"https:\/\/www.europesays.com\/fi\/wp-content\/uploads\/2026\/01\/1768492691_531_468.jpg\" alt=\"Ueli Kestenholz oli Sveitsin lumilautailun ensimm\u00e4isi\u00e4 t\u00e4hti\u00e4. H\u00e4net tunnettiin my\u00f6s leijahiiht\u00e4j\u00e4n\u00e4 ja vapaalaskijana.\" class=\"_Img_1rerz_1\" style=\"aspect-ratio:1.4634146341463414\" loading=\"eager\"\/><\/p>\n<p class=\"article-picture-caption\">Ueli Kestenholz oli Sveitsin lumilautailun ensimm\u00e4isi\u00e4 t\u00e4hti\u00e4. H\u00e4net tunnettiin my\u00f6s leijahiiht\u00e4j\u00e4n\u00e4 ja vapaalaskijana. Kuva:\u00a0EPA\/OLIVIER MAIRE<\/p>\n<p class=\"article-body mb-nof-24 px-nof-16\">Silminn\u00e4kij\u00e4 jatkoi matkaa l\u00e4heiseen rinneravintolaan ja istui juomassa sen aurinkoisella terassilla kahvia. Samaan aikaan ravintolan viereen laskeutui helikopteri.<\/p>\n<p class=\"article-body mb-nof-24 px-nof-16\">Kopterin kyytiin nousi pelastushenkil\u00f6kuntaa ja lumivy\u00f6ryn uhrien etsint\u00e4\u00e4n koulutettu koira. Sitten helikopteri nousi taas ilmaan.<\/p>\n<p class=\"article-body mb-nof-24 px-nof-16\">Lopulta Kestenholz l\u00f6ytyi lumen alta. H\u00e4net kuljetettiin ensin Vispin pikkukaupungin sairaalaan, josta matka jatkui suuremman Sionin kaupungin sairaalaan.<\/p>\n<p class=\"article-body mb-nof-24 px-nof-16\">Kestenholzin henke\u00e4 ei kuitenkaan pystytty pelastamaan. H\u00e4n oli kuollessaan 50-vuotias.<\/p>\n<p class=\"article-body mb-nof-24 px-nof-16\">Uutinen lumilautat\u00e4hden kuolemasta kerrottiin Sveitsiss\u00e4 tiistaina. Tapaus j\u00e4rkytti my\u00f6s silminn\u00e4kij\u00e4\u00e4.<\/p>\n<p class=\"article-body mb-nof-24 px-nof-16\">\u201dOli karmeaa tajuta, ett\u00e4 joku kuoli siin\u00e4 lumivy\u00f6ryss\u00e4\u201d, silminn\u00e4kij\u00e4 sanoi.<\/p>\n<p class=\"article-body mb-nof-24 px-nof-16\">Kestenholzilla oli vaimo ja kaksi poikaa. Pojista vanhempi, 16-vuotias <a class=\"font-bold underline-offset-[0.12em] [text-decoration:var(--person-link-text-decoration)] ![text-decoration-color:var(--person-link-text-decoration-color)]\" href=\"https:\/\/www.hs.fi\/haku\/?query=Kalani\" rel=\"nofollow noopener\" target=\"_blank\">Kalani<\/a>, muisti is\u00e4\u00e4ns\u00e4 Instagramissa tunteikkaalla julkaisulla.<\/p>\n<p class=\"article-body mb-nof-24 px-nof-16\">\u201dLenn\u00e4 korkealla, is\u00e4. Meill\u00e4 on sinua ik\u00e4v\u00e4\u201d, Kalani Kestenholz kirjoitti.<\/p>\n<p class=\"article-body mb-nof-24 px-nof-16\"><a class=\"underline underline-offset-[0.12em] [text-decoration-thickness:var(--generic-link-underline-thickness)] [text-decoration-color:var(--generic-link-underline-color)] [text-decoration-skip-ink:var(--generic-link-underline-skip-ink)] break-words\" href=\"https:\/\/www.blick.ch\/sport\/wintersport\/snowboard\/flieg-hoch-papa-sohn-von-ueli-kestenholz-50-meldet-sich-nach-tod-seines-vaters-id21596694.html\" rel=\"nofollow noopener\" target=\"_blank\">Blickin<\/a> mukaan julkaisun kuvassa olivat is\u00e4-Kestenholz ja t\u00e4m\u00e4n kaksi poikaa palkintopallilla vuonna 2023 k\u00e4ydyn lumilautakisan j\u00e4lkeen.<\/p>\n","protected":false},"excerpt":{"rendered":"Lumilautailu|Ueli Kestenholz kuoli lumivy\u00f6ryss\u00e4. Sveitsil\u00e4inen lumilautailut\u00e4hti ja olympiamitalisti Ueli Kestenholz kuoli sunnuntaina. H\u00e4n j\u00e4i lumivy\u00f6ryn alle ollessaan laskemassa&hellip;\n","protected":false},"author":2,"featured_media":143185,"comment_status":"","ping_status":"","sticky":false,"template":"","format":"standard","meta":{"footnotes":""},"categories":[158],"tags":[33,31,30,46,159,32,160],"class_list":{"0":"post-143184","1":"post","2":"type-post","3":"status-publish","4":"format-standard","5":"has-post-thumbnail","7":"category-urheilu","8":"tag-fi","9":"tag-finland","10":"tag-finnish","11":"tag-helsingin-sanomat","12":"tag-sports","13":"tag-suomi","14":"tag-urheilu"},"share_on_mastodon":{"url":"https:\/\/pubeurope.com\/@fi\/115899944367974415","error":""},"_links":{"self":[{"href":"https:\/\/www.europesays.com\/fi\/wp-json\/wp\/v2\/posts\/143184","targetHints":{"allow":["GET"]}}],"collection":[{"href":"https:\/\/www.europesays.com\/fi\/wp-json\/wp\/v2\/posts"}],"about":[{"href":"https:\/\/www.europesays.com\/fi\/wp-json\/wp\/v2\/types\/post"}],"author":[{"embeddable":true,"href":"https:\/\/www.europesays.com\/fi\/wp-json\/wp\/v2\/users\/2"}],"replies":[{"embeddable":true,"href":"https:\/\/www.europesays.com\/fi\/wp-json\/wp\/v2\/comments?post=143184"}],"version-history":[{"count":0,"href":"https:\/\/www.europesays.com\/fi\/wp-json\/wp\/v2\/posts\/143184\/revisions"}],"wp:featuredmedia":[{"embeddable":true,"href":"https:\/\/www.europesays.com\/fi\/wp-json\/wp\/v2\/media\/143185"}],"wp:attachment":[{"href":"https:\/\/www.europesays.com\/fi\/wp-json\/wp\/v2\/media?parent=143184"}],"wp:term":[{"taxonomy":"category","embeddable":true,"href":"https:\/\/www.europesays.com\/fi\/wp-json\/wp\/v2\/categories?post=143184"},{"taxonomy":"post_tag","embeddable":true,"href":"https:\/\/www.europesays.com\/fi\/wp-json\/wp\/v2\/tags?post=143184"}],"curies":[{"name":"wp","href":"https:\/\/api.w.org\/{rel}","templated":true}]}}