{"id":143186,"date":"2026-01-15T15:59:07","date_gmt":"2026-01-15T15:59:07","guid":{"rendered":"https:\/\/www.europesays.com\/fi\/143186\/"},"modified":"2026-01-15T15:59:07","modified_gmt":"2026-01-15T15:59:07","slug":"marja-hintikka-palaa-puoli-seitseman-ohjelmaan","status":"publish","type":"post","link":"https:\/\/www.europesays.com\/fi\/143186\/","title":{"rendered":"Marja Hintikka palaa Puoli seitsem\u00e4n -ohjelmaan"},"content":{"rendered":"<p>Hintikka palaa keskusteluohjelman keulille tuuraajaksi.<\/p>\n<p class=\"article-body mb-nof-24 px-nof-16\">Puoli seitsem\u00e4n -ohjelman juontaja <a class=\"font-bold underline-offset-[0.12em] [text-decoration:var(--person-link-text-decoration)] ![text-decoration-color:var(--person-link-text-decoration-color)]\" href=\"https:\/\/www.is.fi\/haku\/?query=Ella%20Kanninen\" rel=\"nofollow noopener\" target=\"_blank\">Ella Kanninen<\/a> on t\u00e4n\u00e4\u00e4n torstaina vilttiketjussa.<\/p>\n<p class=\"article-body mb-nof-24 px-nof-16\">H\u00e4net on kaatanut s\u00e4ngyn pohjalle \u201d\u00e4rh\u00e4kk\u00e4 mutta onneksi jo hiljalleen v\u00e4istyv\u00e4 vatsatauti\u201d.<\/p>\n<p class=\"article-body mb-nof-24 px-nof-16\">Kanninen kertoo tilanteesta <a class=\"underline underline-offset-[0.12em] [text-decoration-thickness:var(--generic-link-underline-thickness)] [text-decoration-color:var(--generic-link-underline-color)] [text-decoration-skip-ink:var(--generic-link-underline-skip-ink)] break-words\" href=\"https:\/\/www.instagram.com\/stories\/ellakanninen\/\" rel=\"nofollow noopener\" target=\"_blank\">Instagram-tarinassaan<\/a>.<\/p>\n<p class=\"article-body mb-nof-24 px-nof-16\">Vaan h\u00e4t\u00e4 ei ole t\u00e4m\u00e4n n\u00e4k\u00f6inen. Tuuraaja on h\u00e4lytetty paikalle.<\/p>\n<p class=\"article-body mb-nof-24 px-nof-16\">H\u00e4n on \u201dIhana\u201d <a class=\"font-bold underline-offset-[0.12em] [text-decoration:var(--person-link-text-decoration)] ![text-decoration-color:var(--person-link-text-decoration-color)]\" href=\"https:\/\/www.is.fi\/haku\/?query=Marja%20Hintikka\" rel=\"nofollow noopener\" target=\"_blank\">Marja Hintikka<\/a>, Kanninen kertoo tarinassaan samaan hengenvetoon.<\/p>\n<p class=\"article-body mb-nof-24 px-nof-16\">Hintikka onkin tuttu kasvo takavuosilta Puoli seitsem\u00e4st\u00e4. H\u00e4n juonsi ohjelmaa yhdess\u00e4 <a class=\"font-bold underline-offset-[0.12em] [text-decoration:var(--person-link-text-decoration)] ![text-decoration-color:var(--person-link-text-decoration-color)]\" href=\"https:\/\/www.is.fi\/haku\/?query=Mikko%20Kek%C3%A4l%C3%A4isen\" rel=\"nofollow noopener\" target=\"_blank\">Mikko Kek\u00e4l\u00e4isen<\/a> kanssa vuosina 2009\u20132013.<\/p>\n<p class=\"article-body mb-nof-24 px-nof-16\">Kanninen oli poissa pelist\u00e4 my\u00f6s eilen. H\u00e4nt\u00e4 tuurasi <a class=\"font-bold underline-offset-[0.12em] [text-decoration:var(--person-link-text-decoration)] ![text-decoration-color:var(--person-link-text-decoration-color)]\" href=\"https:\/\/www.is.fi\/haku\/?query=Inkeri%20Alatalo\" rel=\"nofollow noopener\" target=\"_blank\">Inkeri Alatalo<\/a>.<\/p>\n<p><script async src=\"\/\/www.instagram.com\/embed.js\"><\/script><\/p>\n","protected":false},"excerpt":{"rendered":"Hintikka palaa keskusteluohjelman keulille tuuraajaksi. Puoli seitsem\u00e4n -ohjelman juontaja Ella Kanninen on t\u00e4n\u00e4\u00e4n torstaina vilttiketjussa. H\u00e4net on kaatanut&hellip;\n","protected":false},"author":2,"featured_media":143187,"comment_status":"","ping_status":"","sticky":false,"template":"","format":"standard","meta":{"footnotes":""},"categories":[130],"tags":[137,33,31,30,34,32,109],"class_list":{"0":"post-143186","1":"post","2":"type-post","3":"status-publish","4":"format-standard","5":"has-post-thumbnail","7":"category-viihde","8":"tag-entertainment","9":"tag-fi","10":"tag-finland","11":"tag-finnish","12":"tag-ilta-sanomat","13":"tag-suomi","14":"tag-viihde"},"share_on_mastodon":{"url":"https:\/\/pubeurope.com\/@fi\/115899948249801525","error":""},"_links":{"self":[{"href":"https:\/\/www.europesays.com\/fi\/wp-json\/wp\/v2\/posts\/143186","targetHints":{"allow":["GET"]}}],"collection":[{"href":"https:\/\/www.europesays.com\/fi\/wp-json\/wp\/v2\/posts"}],"about":[{"href":"https:\/\/www.europesays.com\/fi\/wp-json\/wp\/v2\/types\/post"}],"author":[{"embeddable":true,"href":"https:\/\/www.europesays.com\/fi\/wp-json\/wp\/v2\/users\/2"}],"replies":[{"embeddable":true,"href":"https:\/\/www.europesays.com\/fi\/wp-json\/wp\/v2\/comments?post=143186"}],"version-history":[{"count":0,"href":"https:\/\/www.europesays.com\/fi\/wp-json\/wp\/v2\/posts\/143186\/revisions"}],"wp:featuredmedia":[{"embeddable":true,"href":"https:\/\/www.europesays.com\/fi\/wp-json\/wp\/v2\/media\/143187"}],"wp:attachment":[{"href":"https:\/\/www.europesays.com\/fi\/wp-json\/wp\/v2\/media?parent=143186"}],"wp:term":[{"taxonomy":"category","embeddable":true,"href":"https:\/\/www.europesays.com\/fi\/wp-json\/wp\/v2\/categories?post=143186"},{"taxonomy":"post_tag","embeddable":true,"href":"https:\/\/www.europesays.com\/fi\/wp-json\/wp\/v2\/tags?post=143186"}],"curies":[{"name":"wp","href":"https:\/\/api.w.org\/{rel}","templated":true}]}}