{"id":143194,"date":"2026-01-15T16:04:09","date_gmt":"2026-01-15T16:04:09","guid":{"rendered":"https:\/\/www.europesays.com\/fi\/143194\/"},"modified":"2026-01-15T16:04:09","modified_gmt":"2026-01-15T16:04:09","slug":"tunnettu-herkkuyritys-laittoi-lapun-luukulle-verkkosivuille-ilmestyi-surullinen-viesti","status":"publish","type":"post","link":"https:\/\/www.europesays.com\/fi\/143194\/","title":{"rendered":"Tunnettu herkkuyritys laittoi lapun luukulle \u2013 Verkkosivuille ilmestyi surullinen viesti"},"content":{"rendered":"<p>Vuodesta 1977 Helsingiss\u00e4 Hakaniemen kauppahallissa toiminut perheyritys ajautui vaikeuksiin. Nyt se on \u201dpermanently closed\u201d. <\/p>\n<p><img decoding=\"async\" class=\"image image-show image-preview\" src=\"https:\/\/www.europesays.com\/fi\/wp-content\/uploads\/2026\/01\/8403853e27661a1d55cee7a02962e24a1cb5e13bce0ae5e845e6cfcc0225be1c.jpg\" alt=\"\"\/><img decoding=\"async\" class=\"image image-show\" src=\"https:\/\/www.europesays.com\/fi\/wp-content\/uploads\/2026\/01\/1768493049_59_8403853e27661a1d55cee7a02962e24a1cb5e13bce0ae5e845e6cfcc0225be1c.jpg\" alt=\"\"\/><\/p>\n<p>Viime vuosien taloustilanne ja Helsingin Hakaniemen liikenneremontti on vienyt asiakkaita yrityksilt\u00e4. Roiniset Oy:n toimitusjohtaja Jaani Roininen kertoi asiasta kev\u00e4\u00e4ll\u00e4 2025 Kauppalehden haastattelussa. TIINA SOMERPURO\n<\/p>\n<p class=\"paragraph\">Hakaniemen kauppahallissa sijaitseva tunnettu perheyritys Roiniset on joutunut lopettamaan toimintansa. Roiniset on toiminut deliliikkeen\u00e4 ja maahantuojana. Se on erikoistunut italialaisiin herkkuihin.<\/p>\n<p class=\"paragraph\">Yritys perustettiin vuonna 1977. Silloin sit\u00e4 luotsasi <strong>Impi Roininen<\/strong>. Liikkeen toimialana oli v\u00e4hitt\u00e4iskauppa. Vuosien varrella yritys koki useampia muodonmuutoksia. 1990-luvulta l\u00e4htien Roiniset Oy keskittyi kansainv\u00e4liseen suuntaan.<\/p>\n<p class=\"paragraph\">Nykyinen toimitusjohtaja <strong>Jaani Roininen<\/strong> aloitti vuonna 2022.<\/p>\n<p class=\"paragraph\">Herkkuliike ajautui kertomansa mukaan vaikeuksiin. Roiniset Oy on joulukuun puolella viime vuonna hakeutunut yrityssaneeraukseen, mutta jo sit\u00e4 ennen, marraskuussa, liikkeen verkkosivuille ilmestyi surullinen viesti.<\/p>\n<p class=\"paragraph\">Rakkaat asiakkaat, pitk\u00e4n harkinnan j\u00e4lkeen joudun lopettamaan liikkeemme toiminnan nykyisen taloustilanteen ja oman terveyteni vuoksi. T\u00e4m\u00e4 p\u00e4\u00e4t\u00f6s ei ollut helppo, sill\u00e4 vuosien varrella olemme saaneet jakaa kanssanne paljon makuel\u00e4myksi\u00e4 ja kohtaamisia, joista olen kiitollinen. Kiitos kaikista n\u00e4ist\u00e4 vuosista, viestiss\u00e4 lukee.<\/p>\n<p>Kommentteja somessa<\/p>\n<p class=\"paragraph\">Instagramissa Roinisten lopettamisilmoitus otettiin surullisesti vastaan.<\/p>\n<p class=\"paragraph\">\u2013Todella ik\u00e4v\u00e4 uutinen. Kaikkea hyv\u00e4\u00e4 jatkoon.<\/p>\n<p class=\"paragraph\">\u2013 Voi ei, todella surullinen tieto.<\/p>\n<p class=\"paragraph\">\u2013 Kiitos teid\u00e4n porukalle, monta herkkuhetke\u00e4 on vietetty.<\/p>\n<p class=\"paragraph\">Huippukokki <strong>Henri Al\u00e9n<\/strong> kommentoi lopettamista paljon puhuvasti:<\/p>\n<p class=\"paragraph\">\u2013 T\u00e4\u00e4 on iso menetys stadille, mutta kovasti jaksamista ja onnea my\u00f6s mit\u00e4 ikin\u00e4 teettekin.<\/p>\n<p class=\"paragraph\">Uutista kommentointiin my\u00f6s Facebookissa.<\/p>\n<p class=\"paragraph\">\u2013 Nyt poistui aivan korvaamatonta osaamista ja ruokakulttuuria.<\/p>\n<p class=\"paragraph\">Kun Googlen hakukoneella hakee  liikkeen nime\u00e4 eli \u201dRoiniset\u201d, tulee esiin yrityssivu, jossa lukee punaisella pohjalla: Permanently closed, lopullisesti suljettu.<\/p>\n<p class=\"paragraph\">T\u00e4m\u00e4 on viime vuosina ollut monen pienen ja keskisuuren yrityksen kohtalo niin Helsingiss\u00e4 kuin muuallakin Suomessa.<\/p>\n<p class=\"paragraph\">Liikkeen lopettamisesta kertoi ensiksi <a href=\"https:\/\/www.hs.fi\/helsinki\/art-2000011750586.html\" rel=\"noopener nofollow\" target=\"_blank\">Helsingin Sanomat<\/a>.<\/p>\n","protected":false},"excerpt":{"rendered":"Vuodesta 1977 Helsingiss\u00e4 Hakaniemen kauppahallissa toiminut perheyritys ajautui vaikeuksiin. Nyt se on \u201dpermanently closed\u201d. Viime vuosien taloustilanne ja&hellip;\n","protected":false},"author":2,"featured_media":143195,"comment_status":"","ping_status":"","sticky":false,"template":"","format":"standard","meta":{"footnotes":""},"categories":[12],"tags":[35,22,23,26,27,33,31,30,17,3187,24,25,28,29,15,18,21,3723,3722,900,2331,32,19,20,16],"class_list":{"0":"post-143194","1":"post","2":"type-post","3":"status-publish","4":"format-standard","5":"has-post-thumbnail","7":"category-suomi","8":"tag-24h","9":"tag-breaking-news","10":"tag-breakingnews","11":"tag-featured-news","12":"tag-featurednews","13":"tag-fi","14":"tag-finland","15":"tag-finnish","16":"tag-headlines","17":"tag-kulutustavarat-ja-palvelut-sektori","18":"tag-latest-news","19":"tag-latestnews","20":"tag-main-news","21":"tag-mainnews","22":"tag-news","23":"tag-otsikot","24":"tag-paauutiset","25":"tag-ravintolat","26":"tag-ravitsemusala","27":"tag-ruoka","28":"tag-ruoka-ja-juoma","29":"tag-suomi","30":"tag-top-stories","31":"tag-topstories","32":"tag-uutiset"},"share_on_mastodon":{"url":"https:\/\/pubeurope.com\/@fi\/115899968069587699","error":""},"_links":{"self":[{"href":"https:\/\/www.europesays.com\/fi\/wp-json\/wp\/v2\/posts\/143194","targetHints":{"allow":["GET"]}}],"collection":[{"href":"https:\/\/www.europesays.com\/fi\/wp-json\/wp\/v2\/posts"}],"about":[{"href":"https:\/\/www.europesays.com\/fi\/wp-json\/wp\/v2\/types\/post"}],"author":[{"embeddable":true,"href":"https:\/\/www.europesays.com\/fi\/wp-json\/wp\/v2\/users\/2"}],"replies":[{"embeddable":true,"href":"https:\/\/www.europesays.com\/fi\/wp-json\/wp\/v2\/comments?post=143194"}],"version-history":[{"count":0,"href":"https:\/\/www.europesays.com\/fi\/wp-json\/wp\/v2\/posts\/143194\/revisions"}],"wp:featuredmedia":[{"embeddable":true,"href":"https:\/\/www.europesays.com\/fi\/wp-json\/wp\/v2\/media\/143195"}],"wp:attachment":[{"href":"https:\/\/www.europesays.com\/fi\/wp-json\/wp\/v2\/media?parent=143194"}],"wp:term":[{"taxonomy":"category","embeddable":true,"href":"https:\/\/www.europesays.com\/fi\/wp-json\/wp\/v2\/categories?post=143194"},{"taxonomy":"post_tag","embeddable":true,"href":"https:\/\/www.europesays.com\/fi\/wp-json\/wp\/v2\/tags?post=143194"}],"curies":[{"name":"wp","href":"https:\/\/api.w.org\/{rel}","templated":true}]}}