{"id":143205,"date":"2026-01-15T16:24:08","date_gmt":"2026-01-15T16:24:08","guid":{"rendered":"https:\/\/www.europesays.com\/fi\/143205\/"},"modified":"2026-01-15T16:24:08","modified_gmt":"2026-01-15T16:24:08","slug":"mervi-kallio-on-toipunut-pyorailyonnettomuudesta","status":"publish","type":"post","link":"https:\/\/www.europesays.com\/fi\/143205\/","title":{"rendered":"Mervi Kallio on toipunut py\u00f6r\u00e4ilyonnettomuudesta"},"content":{"rendered":"<p>Kallion gaala-asuna on n\u00e4ytt\u00e4v\u00e4 haalari.<\/p>\n<p>Mervi Kallio kertoi, ett\u00e4 on toipunut py\u00f6r\u00e4ilyonnettomuudesta.Video: Seppo K\u00e4rki<\/p>\n<p class=\"article-body mb-nof-24 px-nof-16\">Dubaista keskiviikkona palanneen formulatoimittaja <a class=\"font-bold underline-offset-[0.12em] [text-decoration:var(--person-link-text-decoration)] ![text-decoration-color:var(--person-link-text-decoration-color)]\" href=\"https:\/\/www.is.fi\/haku\/?query=Mervi%20Kallion\" rel=\"nofollow noopener\" target=\"_blank\">Mervi Kallion<\/a> asuna Urheilugaalassa on musta ja kimalteleva haalari.<\/p>\n<p class=\"article-body mb-nof-24 px-nof-16\">\u2013 Rakastan haalareita, koska ne ovat helppoja. Olen p\u00e4\u00e4tt\u00e4nyt, ett\u00e4 el\u00e4n v\u00e4h\u00e4n s\u00e4\u00e4steli\u00e4\u00e4mmin, joten ostin t\u00e4m\u00e4n alennusmyynnist\u00e4. Ajattelin, ett\u00e4 joskus viel\u00e4 k\u00e4yt\u00e4n t\u00e4t\u00e4, ja nyt t\u00e4m\u00e4 oli se ilta.<\/p>\n<p class=\"article-body mb-nof-24 px-nof-16\">Urheiluvuodesta Kalliolla on j\u00e4\u00e4nyt mieleen etenkin tiukka kausi F1:ss\u00e4. H\u00e4nell\u00e4 on kaksi suosikkia vuoden urheilijaksi: golffari <a class=\"font-bold underline-offset-[0.12em] [text-decoration:var(--person-link-text-decoration)] ![text-decoration-color:var(--person-link-text-decoration-color)]\" href=\"https:\/\/www.is.fi\/haku\/?query=Sami%20V%C3%A4lim%C3%A4ki\" rel=\"nofollow noopener\" target=\"_blank\">Sami V\u00e4lim\u00e4ki<\/a> ja tennispelaaja <a class=\"font-bold underline-offset-[0.12em] [text-decoration:var(--person-link-text-decoration)] ![text-decoration-color:var(--person-link-text-decoration-color)]\" href=\"https:\/\/www.is.fi\/haku\/?query=Harri%20Heli%C3%B6vaara\" rel=\"nofollow noopener\" target=\"_blank\">Harri Heli\u00f6vaara<\/a>.<\/p>\n<p class=\"article-body mb-nof-24 px-nof-16\">Kallion oma liikkuminen sai takaiskun viime vuonna, kun h\u00e4n kaatui maastopy\u00f6r\u00e4illess\u00e4 ja k\u00e4rsi aivot\u00e4r\u00e4hdyksen. Muun muassa nyrkkeilyharrastus on ollut tauolla, mutta nyt Kalliolla on viimein iloinen uutinen kerrottavanaan.<\/p>\n<p class=\"article-body mb-nof-24 px-nof-16\">\u2013 Itse asiassa eilen viestittelin <a class=\"font-bold underline-offset-[0.12em] [text-decoration:var(--person-link-text-decoration)] ![text-decoration-color:var(--person-link-text-decoration-color)]\" href=\"https:\/\/www.is.fi\/haku\/?query=Edis%20Tatlin\" rel=\"nofollow noopener\" target=\"_blank\">Edis Tatlin<\/a> kanssa, ja ensi keskiviikkona mun nyrkkeilytreenit alkavat taas.<\/p>\n","protected":false},"excerpt":{"rendered":"Kallion gaala-asuna on n\u00e4ytt\u00e4v\u00e4 haalari. Mervi Kallio kertoi, ett\u00e4 on toipunut py\u00f6r\u00e4ilyonnettomuudesta.Video: Seppo K\u00e4rki Dubaista keskiviikkona palanneen formulatoimittaja&hellip;\n","protected":false},"author":2,"featured_media":143206,"comment_status":"","ping_status":"","sticky":false,"template":"","format":"standard","meta":{"footnotes":""},"categories":[158],"tags":[33,31,30,34,159,32,160],"class_list":{"0":"post-143205","1":"post","2":"type-post","3":"status-publish","4":"format-standard","5":"has-post-thumbnail","7":"category-urheilu","8":"tag-fi","9":"tag-finland","10":"tag-finnish","11":"tag-ilta-sanomat","12":"tag-sports","13":"tag-suomi","14":"tag-urheilu"},"share_on_mastodon":{"url":"https:\/\/pubeurope.com\/@fi\/115900047824633486","error":""},"_links":{"self":[{"href":"https:\/\/www.europesays.com\/fi\/wp-json\/wp\/v2\/posts\/143205","targetHints":{"allow":["GET"]}}],"collection":[{"href":"https:\/\/www.europesays.com\/fi\/wp-json\/wp\/v2\/posts"}],"about":[{"href":"https:\/\/www.europesays.com\/fi\/wp-json\/wp\/v2\/types\/post"}],"author":[{"embeddable":true,"href":"https:\/\/www.europesays.com\/fi\/wp-json\/wp\/v2\/users\/2"}],"replies":[{"embeddable":true,"href":"https:\/\/www.europesays.com\/fi\/wp-json\/wp\/v2\/comments?post=143205"}],"version-history":[{"count":0,"href":"https:\/\/www.europesays.com\/fi\/wp-json\/wp\/v2\/posts\/143205\/revisions"}],"wp:featuredmedia":[{"embeddable":true,"href":"https:\/\/www.europesays.com\/fi\/wp-json\/wp\/v2\/media\/143206"}],"wp:attachment":[{"href":"https:\/\/www.europesays.com\/fi\/wp-json\/wp\/v2\/media?parent=143205"}],"wp:term":[{"taxonomy":"category","embeddable":true,"href":"https:\/\/www.europesays.com\/fi\/wp-json\/wp\/v2\/categories?post=143205"},{"taxonomy":"post_tag","embeddable":true,"href":"https:\/\/www.europesays.com\/fi\/wp-json\/wp\/v2\/tags?post=143205"}],"curies":[{"name":"wp","href":"https:\/\/api.w.org\/{rel}","templated":true}]}}