{"id":143213,"date":"2026-01-15T16:29:09","date_gmt":"2026-01-15T16:29:09","guid":{"rendered":"https:\/\/www.europesays.com\/fi\/143213\/"},"modified":"2026-01-15T16:29:09","modified_gmt":"2026-01-15T16:29:09","slug":"ylen-entinen-uutistoiminnan-paallikko-jaakko-heino-on-kuollut-uutisia-lyhyesti","status":"publish","type":"post","link":"https:\/\/www.europesays.com\/fi\/143213\/","title":{"rendered":"Ylen entinen uutistoiminnan p\u00e4\u00e4llikk\u00f6 Jaakko Heino on kuollut | Uutisia lyhyesti"},"content":{"rendered":"<p class=\"aw-1gybjub aw-5vja16 kEtdKx kmuxyA yle__article__paragraph\">H\u00e4n on vaikuttanut vahvasti Ylen radiouutisten kehitykseen.<\/p>\n<p><img decoding=\"async\" alt=\" Jaakko Heino kahden kirjahyllyn v\u00e4liss\u00e4. Sein\u00e4ll\u00e4 6 viisarikelloa, joissa eri maiden p\u00e4\u00e4kaupunkien kellon aika.\" src=\"https:\/\/www.europesays.com\/fi\/wp-content\/uploads\/2026\/01\/39-15820926968ee3269e9d.jpeg\" class=\"aw-1l9m598 hKVVvP\"\/><\/p>\n<p>Avaa kuvien katselu<\/p>\n<p>Jaakko Heino Ylen uutistoimituksessa vuonna 1989. Kuva: Touko Yrttimaa \/ Yle<\/p>\n<p class=\"aw-1gybjub aw-1p7kakr kEtdKx cEmitX yle__article__paragraph\"><strong class=\"aw-ak79eh KyCXm yle__article__strong\">Jaakko Heino<\/strong> on kuollut. H\u00e4n nukkui pois torstaiaamuna, h\u00e4nen tytt\u00e4rens\u00e4 vahvistaa Ylelle. H\u00e4n oli kuollessaan 86-vuotias.<\/p>\n<p class=\"aw-1gybjub aw-1p7kakr kEtdKx cEmitX yle__article__paragraph\">Heino teki Yless\u00e4 merkitt\u00e4v\u00e4n uran, joka kesti l\u00e4hemm\u00e4s 40 vuotta. H\u00e4n on vaikuttanut vahvasti Ylen radiouutisten kehitykseen.<\/p>\n<p class=\"aw-1gybjub aw-1p7kakr kEtdKx cEmitX yle__article__paragraph\">H\u00e4n aloitti ty\u00f6t Yleisradion toimittajana syyskuun 1. p\u00e4iv\u00e4 1965. Muutamaa p\u00e4iv\u00e4\u00e4 my\u00f6hemmin h\u00e4n oli seuraamassa Ylen radiouutisten ensimm\u00e4ist\u00e4 omaa l\u00e4hetyst\u00e4. T\u00e4t\u00e4 ennen Ylen taajuudella kuullut uutiset olivat Suomen tietotoimiston toimittamia.<\/p>\n<p><img decoding=\"async\" alt=\"Toimistossa Jaakko Heino nojaa jalkaansa, jonka on nostanut laatikon reunalle ja Aarne Tanninen istuu p\u00f6yd\u00e4n reunalla lukemassa paperista.\" src=\"https:\/\/www.europesays.com\/fi\/wp-content\/uploads\/2026\/01\/39-15821036968eef52ac19.jpeg\" loading=\"lazy\" class=\"aw-1l9m598 hKVVvP\"\/><\/p>\n<p>Avaa kuvien katselu<\/p>\n<p>Jaakko Heino ja Aarne Tanninen Ylen radion uutistoimituksessa vuonna 1976. Kuva: Yle<\/p>\n<p class=\"aw-1gybjub aw-1p7kakr kEtdKx cEmitX yle__article__paragraph\">Pitk\u00e4ll\u00e4 urallaan Heino ehti olla Ylen radion uutistoiminnan p\u00e4\u00e4llikk\u00f6 vuodesta 1994 l\u00e4htien. Viimeiset vuodet Yless\u00e4 h\u00e4n vastasi ohjelmajohtajana radion uutis- ja ajankohtaistoiminnasta.<\/p>\n","protected":false},"excerpt":{"rendered":"H\u00e4n on vaikuttanut vahvasti Ylen radiouutisten kehitykseen. Avaa kuvien katselu Jaakko Heino Ylen uutistoimituksessa vuonna 1989. Kuva: Touko&hellip;\n","protected":false},"author":2,"featured_media":143214,"comment_status":"","ping_status":"","sticky":false,"template":"","format":"standard","meta":{"footnotes":""},"categories":[14],"tags":[22,23,26,27,33,31,30,17,71,4223,24,25,28,29,15,18,21,32,19,20,56,16,59,60,61,1149],"class_list":{"0":"post-143213","1":"post","2":"type-post","3":"status-publish","4":"format-standard","5":"has-post-thumbnail","7":"category-ulkomaat","8":"tag-breaking-news","9":"tag-breakingnews","10":"tag-featured-news","11":"tag-featurednews","12":"tag-fi","13":"tag-finland","14":"tag-finnish","15":"tag-headlines","16":"tag-kotimaa","17":"tag-kuolleet","18":"tag-latest-news","19":"tag-latestnews","20":"tag-main-news","21":"tag-mainnews","22":"tag-news","23":"tag-otsikot","24":"tag-paauutiset","25":"tag-suomi","26":"tag-top-stories","27":"tag-topstories","28":"tag-ulkomaat","29":"tag-uutiset","30":"tag-world","31":"tag-world-news","32":"tag-worldnews","33":"tag-yle"},"share_on_mastodon":{"url":"https:\/\/pubeurope.com\/@fi\/115900066321813540","error":""},"_links":{"self":[{"href":"https:\/\/www.europesays.com\/fi\/wp-json\/wp\/v2\/posts\/143213","targetHints":{"allow":["GET"]}}],"collection":[{"href":"https:\/\/www.europesays.com\/fi\/wp-json\/wp\/v2\/posts"}],"about":[{"href":"https:\/\/www.europesays.com\/fi\/wp-json\/wp\/v2\/types\/post"}],"author":[{"embeddable":true,"href":"https:\/\/www.europesays.com\/fi\/wp-json\/wp\/v2\/users\/2"}],"replies":[{"embeddable":true,"href":"https:\/\/www.europesays.com\/fi\/wp-json\/wp\/v2\/comments?post=143213"}],"version-history":[{"count":0,"href":"https:\/\/www.europesays.com\/fi\/wp-json\/wp\/v2\/posts\/143213\/revisions"}],"wp:featuredmedia":[{"embeddable":true,"href":"https:\/\/www.europesays.com\/fi\/wp-json\/wp\/v2\/media\/143214"}],"wp:attachment":[{"href":"https:\/\/www.europesays.com\/fi\/wp-json\/wp\/v2\/media?parent=143213"}],"wp:term":[{"taxonomy":"category","embeddable":true,"href":"https:\/\/www.europesays.com\/fi\/wp-json\/wp\/v2\/categories?post=143213"},{"taxonomy":"post_tag","embeddable":true,"href":"https:\/\/www.europesays.com\/fi\/wp-json\/wp\/v2\/tags?post=143213"}],"curies":[{"name":"wp","href":"https:\/\/api.w.org\/{rel}","templated":true}]}}