{"id":143215,"date":"2026-01-15T16:30:10","date_gmt":"2026-01-15T16:30:10","guid":{"rendered":"https:\/\/www.europesays.com\/fi\/143215\/"},"modified":"2026-01-15T16:30:10","modified_gmt":"2026-01-15T16:30:10","slug":"taalla-pain-suomea-opetetaan-etta-oikeat-kalsarit-voivat-olla-elaman-ja-kuoleman-kysymys-meilla-ei-ole-pakkasrajaa","status":"publish","type":"post","link":"https:\/\/www.europesays.com\/fi\/143215\/","title":{"rendered":"T\u00e4\u00e4ll\u00e4 p\u00e4in Suomea opetetaan, ett\u00e4 oikeat kalsarit voivat olla el\u00e4m\u00e4n ja kuoleman kysymys \u2013 \u201dMeill\u00e4 ei ole pakkasrajaa\u201d"},"content":{"rendered":"<p>Sodankyl\u00e4n varuskunnan liepeill\u00e4 pakkanen ehti jys\u00e4ht\u00e4\u00e4 40 asteen hujakoille alokkaiden ensimm\u00e4isell\u00e4 viikolla. Kysyimme J\u00e4\u00e4k\u00e4riprikaatista, mink\u00e4lainen tunnelma paikan p\u00e4\u00e4ll\u00e4 on.<\/p>\n<p>Uudet alokkaat aloittivat armeijan tammikuun alussa. <\/p>\n<p>Lue tiivistelm\u00e4<\/p>\n<p class=\"article-body mb-nof-24 px-nof-16 sndp-summary-bullet-point-font\">Suomen pohjoisimmalla joukko-osastolla J\u00e4\u00e4k\u00e4riprikaatissa Sodankyl\u00e4ss\u00e4 opetetaan alokkaille selviytymist\u00e4 arktisissa olosuhteissa. Alokkaat opettelevat alkuun oikeanlaista talvipukeutumista.<\/p>\n<p class=\"article-body mb-nof-24 px-nof-16 sndp-summary-bullet-point-font\">Majuri Heikki Luusua Lapin J\u00e4\u00e4k\u00e4ripataljoonasta kertoo, ett\u00e4 kireiden pakkasten takia esimerkiksi sulkeisia on harjoiteltu varsikenkien sijaan pakkassaappaissa.<\/p>\n<p class=\"article-body mb-nof-24 px-nof-16 sndp-summary-bullet-point-font\">L\u00e4mp\u00f6tila on valahtanut kuluneena talvena Sodankyl\u00e4ss\u00e4 40 pakkasasteen hujakoille.<\/p>\n<p class=\"article-body mb-nof-24 px-nof-16 sndp-summary-bullet-point-font\">Purevien s\u00e4\u00e4olosuhteiden vaikutuksia sotilaan suorituskykyyn on tutkittu laajasti my\u00f6s kansainv\u00e4lisesti.<\/p>\n<p class=\"article-body mb-nof-24 px-nof-16\">El\u00e4m\u00e4n ja kuoleman raja voi olla pahimmillaan kiinni oikeanlaisista kalsareista. Arktisissa olosuhteissa puutteellinen pukeutuminen voi tarkoittaa paleltumia, hypotermiaa tai toimintakyvyn romahtamista minuuteissa.<\/p>\n<p class=\"article-body mb-nof-24 px-nof-16\">Sen takia Suomen pohjoisimmalla joukko-osastolla, J\u00e4\u00e4k\u00e4riprikaatissa Sodankyl\u00e4ss\u00e4, opetetaan tuoreille alokkaille oleellinen selviytymistaito. Noin 1\u202f200 J\u00e4\u00e4k\u00e4riprikaatin alokasta saapui viikko takaperin Sodankyl\u00e4n ja Rovaniemen varuskuntiin paukkupakkasten vallitessa.<\/p>\n<p class=\"article-body mb-nof-24 px-nof-16\">Oikeanlainen pukeutuminen on kaiken a ja o, linjaa majuri <a class=\"font-bold underline-offset-[0.12em] [text-decoration:var(--person-link-text-decoration)] ![text-decoration-color:var(--person-link-text-decoration-color)]\" href=\"https:\/\/www.is.fi\/haku\/?query=Heikki%20Luusua\" rel=\"nofollow noopener\" target=\"_blank\">Heikki Luusua<\/a> Lapin J\u00e4\u00e4k\u00e4ripataljoonasta.<\/p>\n<p class=\"article-body mb-nof-24 px-nof-16\">Pakkasvarustukseen kuuluu pakkastakki ja -housut, pakkassaappaat huopavuorella, karvalakki ja kintaat \u2013 sek\u00e4 s\u00e4\u00e4n mukaiset vaatekerrokset, Luusua listaa. Alokkaat koulutetaan heti k\u00e4ttelyss\u00e4 pukeutumaan oikein ja sit\u00e4 my\u00f6s valvotaan tarkasti.<\/p>\n<p class=\"article-body mb-nof-24 px-nof-16\">\u2013 Koulutamme hyvinkin yksityiskohtaisesti, miten varusteita k\u00e4ytet\u00e4\u00e4n ja miten kerros\u00adpukeudutaan. Oikea pukeutuminen ja sen valvonta ovat arktisissa olosuhteissa avainasioita, h\u00e4n toteaa.<\/p>\n<p class=\"article-body mb-nof-24 px-nof-16\">Esimerkiksi karvalakki ei ole sotilaallinen somiste. Se on suunniteltu k\u00e4ytett\u00e4v\u00e4ksi kolmessa eri asennossa: korvat paljaana, lipareet suojaamassa takaraivoa ja korvia tai vapauttaen p\u00e4\u00e4lt\u00e4 laskettavat keinoturkis-osiot, jotka suojaavat niskaa, korvia ja kaulaa. Lakkia k\u00e4ytet\u00e4\u00e4n ohjeistuksen mukaan eri olosuhteissa eri tavalla.<\/p>\n<p><img decoding=\"async\" src=\"https:\/\/www.europesays.com\/fi\/wp-content\/uploads\/2026\/01\/1768494610_29_468.jpg\" alt=\"\" class=\"_Img_1rerz_1\" style=\"aspect-ratio:1.5\" loading=\"eager\"\/><\/p>\n<p class=\"article-picture-caption\">Kuva:\u00a0Antti H\u00e4m\u00e4l\u00e4inen<\/p>\n<p class=\"article-body mb-nof-24 px-nof-16\">Majuri kertoo, ett\u00e4 eniten pakkasella ongelmia aiheuttavat olosuhteisiin sopimattomat, mahdollisesti alokkaan omat varusteet \u2013 tai hiestyneet, kosteat varusteet.<\/p>\n<p class=\"article-body mb-nof-24 px-nof-16\">\u2013 K\u00e4yt\u00e4nn\u00f6ss\u00e4 oikea pukeutuminen varmistetaan sill\u00e4, ett\u00e4 koulutuksen alkuvaiheessa kouluttajat ovat pukeutumistilanteessa l\u00e4sn\u00e4, h\u00e4n kertoo.<\/p>\n<p class=\"article-body mb-nof-24 px-nof-16\">\u2013 Ei tarvitse olla vihollista h\u00e4iritsem\u00e4ss\u00e4 toimintaa, vaan pelkk\u00e4 s\u00e4\u00e4 voi olla kohtalokas. Siksi omasta toimintakyvyst\u00e4\u00e4n pit\u00e4\u00e4 huolehtia ja siihen koulutamme ensimm\u00e4iseksi.<\/p>\n<p class=\"article-body mb-nof-24 px-nof-16\">Purevien s\u00e4\u00e4olosuhteiden vaikutuksia sotilaan suorituskykyyn on tutkittu laajasti my\u00f6s kansainv\u00e4lisesti. Esimerkiksi sotilasliitto Nato on <a class=\"underline underline-offset-[0.12em] [text-decoration-thickness:var(--generic-link-underline-thickness)] [text-decoration-color:var(--generic-link-underline-color)] [text-decoration-skip-ink:var(--generic-link-underline-skip-ink)] break-words\" href=\"https:\/\/www.act.nato.int\/article\/nato-centres-of-excellence-cold-weather-operations-cwo-coe\/\" rel=\"nofollow noopener\" target=\"_blank\">satsannut<\/a> tutkimukseen siit\u00e4, miten arktiset olosuhteet heikent\u00e4v\u00e4t fyysist\u00e4 toimintakyky\u00e4 ja ajatuksen juoksua jo ennen varsinaisien paleltumien synty\u00e4.<\/p>\n<p class=\"article-body mb-nof-24 px-nof-16\">Esimerkiksi valppaus sek\u00e4 p\u00e4\u00e4t\u00f6ksenteon ja muistin toiminta heikkenev\u00e4t kylm\u00e4ss\u00e4 ilmassa. Oikein suunniteltu l\u00e4mp\u00f6kerrospukeutuminen, liikunta ja energiapitoinen ravinto voivat v\u00e4hent\u00e4\u00e4 sit\u00e4.<\/p>\n<p class=\"article-body mb-nof-24 px-nof-16\">Sodankyl\u00e4ss\u00e4 l\u00e4mp\u00f6tila on valahtanut kuluneena talvena 40 pakkasasteen hujakoille \u2013 mik\u00e4 ei ole poikkeuksellista tai J\u00e4\u00e4k\u00e4riprikaatin arkea ravistelevaa.<\/p>\n<p class=\"article-body mb-nof-24 px-nof-16\">Ensimm\u00e4isen\u00e4 viikonloppunaan alokkaat harjoittelivat talviolosuhteissa aseen k\u00e4sittely\u00e4 ja toimintaa ampumaradalla paukkupatruunoiden kanssa.<\/p>\n<p class=\"article-body mb-nof-24 px-nof-16\">\u2013 Meill\u00e4 ei ole pakkasrajaa ulkopalvelukselle, Luusua toteaa.<\/p>\n<p class=\"article-body mb-nof-24 px-nof-16\">\u2013 Meill\u00e4h\u00e4n varusmiespalvelus alkoi viikko sitten, ja koko ajan on ollut hirve\u00e4n kireit\u00e4 pakkasia. Ei mit\u00e4\u00e4n erikoisesta poikkeavaa tosin. S\u00e4\u00e4 huomioidaan tietysti aina toteuttamistavassa.<\/p>\n<p><img decoding=\"async\" src=\"https:\/\/www.europesays.com\/fi\/wp-content\/uploads\/2026\/01\/1768494610_571_468.jpg\" alt=\"Esimerkiksi energiapitoinen ravinto voi auttaa toimintakyvyn yll\u00e4pit\u00e4misess\u00e4 kovilla pakkasilla.\" class=\"_Img_1rerz_1\" style=\"aspect-ratio:1.5384615384615385\" loading=\"eager\"\/><\/p>\n<p class=\"article-picture-caption\">Esimerkiksi energiapitoinen ravinto voi auttaa toimintakyvyn yll\u00e4pit\u00e4misess\u00e4 kovilla pakkasilla. Kuva:\u00a0Antti H\u00e4m\u00e4l\u00e4inen<\/p>\n<p class=\"article-body mb-nof-24 px-nof-16\">S\u00e4\u00e4olosuhteet ovat vaikuttaneet l\u00e4hinn\u00e4 siten, ett\u00e4 peruskoulutusta on j\u00e4rjestetty tarvittaessa sis\u00e4ll\u00e4, ulkona koulutukseen lis\u00e4t\u00e4\u00e4n taukoliikuntaa ja esimerkiksi sulkeisia on harjoiteltu varsikenkien sijaan pakkassaappaissa.<\/p>\n<p class=\"article-body mb-nof-24 px-nof-16\">Luusuan mukaan tilanne ei ole her\u00e4tt\u00e4nyt alokkaissa kauhun sekaisia tunteita. Suurin osa heist\u00e4 on alueelta, jossa on totuttu kylmiin olosuhteisiin.<\/p>\n<p class=\"article-body mb-nof-24 px-nof-16\">\u2013 Monilla on ollut 20 vuotta aikaa opetella n\u00e4it\u00e4 olosuhteita. Ja meill\u00e4 on takuuvarmasti paremmat varusteet kun p\u00e4\u00e4osalla alokkaista, Luusua toteaa talvivarustuksesta.<\/p>\n<p class=\"article-body mb-nof-24 px-nof-16\">H\u00e4n huomauttaa, ett\u00e4 pukeutumista opetetaan toisenlaiseenkin \u00e4\u00e4riolosuhteeseen. Esimerkiksi kes\u00e4ll\u00e4 Sodankyl\u00e4ss\u00e4 oli puolestaan 30 astetta hellett\u00e4.<\/p>\n","protected":false},"excerpt":{"rendered":"Sodankyl\u00e4n varuskunnan liepeill\u00e4 pakkanen ehti jys\u00e4ht\u00e4\u00e4 40 asteen hujakoille alokkaiden ensimm\u00e4isell\u00e4 viikolla. Kysyimme J\u00e4\u00e4k\u00e4riprikaatista, mink\u00e4lainen tunnelma paikan p\u00e4\u00e4ll\u00e4&hellip;\n","protected":false},"author":2,"featured_media":143216,"comment_status":"","ping_status":"","sticky":false,"template":"","format":"standard","meta":{"footnotes":""},"categories":[12],"tags":[22,23,26,27,33,31,30,17,34,24,25,28,29,15,18,21,32,19,20,16],"class_list":{"0":"post-143215","1":"post","2":"type-post","3":"status-publish","4":"format-standard","5":"has-post-thumbnail","7":"category-suomi","8":"tag-breaking-news","9":"tag-breakingnews","10":"tag-featured-news","11":"tag-featurednews","12":"tag-fi","13":"tag-finland","14":"tag-finnish","15":"tag-headlines","16":"tag-ilta-sanomat","17":"tag-latest-news","18":"tag-latestnews","19":"tag-main-news","20":"tag-mainnews","21":"tag-news","22":"tag-otsikot","23":"tag-paauutiset","24":"tag-suomi","25":"tag-top-stories","26":"tag-topstories","27":"tag-uutiset"},"share_on_mastodon":{"url":"https:\/\/pubeurope.com\/@fi\/115900070314820336","error":""},"_links":{"self":[{"href":"https:\/\/www.europesays.com\/fi\/wp-json\/wp\/v2\/posts\/143215","targetHints":{"allow":["GET"]}}],"collection":[{"href":"https:\/\/www.europesays.com\/fi\/wp-json\/wp\/v2\/posts"}],"about":[{"href":"https:\/\/www.europesays.com\/fi\/wp-json\/wp\/v2\/types\/post"}],"author":[{"embeddable":true,"href":"https:\/\/www.europesays.com\/fi\/wp-json\/wp\/v2\/users\/2"}],"replies":[{"embeddable":true,"href":"https:\/\/www.europesays.com\/fi\/wp-json\/wp\/v2\/comments?post=143215"}],"version-history":[{"count":0,"href":"https:\/\/www.europesays.com\/fi\/wp-json\/wp\/v2\/posts\/143215\/revisions"}],"wp:featuredmedia":[{"embeddable":true,"href":"https:\/\/www.europesays.com\/fi\/wp-json\/wp\/v2\/media\/143216"}],"wp:attachment":[{"href":"https:\/\/www.europesays.com\/fi\/wp-json\/wp\/v2\/media?parent=143215"}],"wp:term":[{"taxonomy":"category","embeddable":true,"href":"https:\/\/www.europesays.com\/fi\/wp-json\/wp\/v2\/categories?post=143215"},{"taxonomy":"post_tag","embeddable":true,"href":"https:\/\/www.europesays.com\/fi\/wp-json\/wp\/v2\/tags?post=143215"}],"curies":[{"name":"wp","href":"https:\/\/api.w.org\/{rel}","templated":true}]}}