{"id":143217,"date":"2026-01-15T16:31:08","date_gmt":"2026-01-15T16:31:08","guid":{"rendered":"https:\/\/www.europesays.com\/fi\/143217\/"},"modified":"2026-01-15T16:31:08","modified_gmt":"2026-01-15T16:31:08","slug":"trump-hyvaksyi-taysmaidon-kouluihin-ilta-sanomat","status":"publish","type":"post","link":"https:\/\/www.europesays.com\/fi\/143217\/","title":{"rendered":"Trump hyv\u00e4ksyi t\u00e4ysmaidon kouluihin &#8211; Ilta-Sanomat"},"content":{"rendered":"<p>Uudet ravintosuositukset ovat saaneet ristiriitaisen vastaanoton.<\/p>\n<p class=\"article-body mb-nof-24 px-nof-16\">Yhdysvaltain presidentti <a class=\"font-bold underline-offset-[0.12em] [text-decoration:var(--person-link-text-decoration)] ![text-decoration-color:var(--person-link-text-decoration-color)]\" href=\"https:\/\/www.is.fi\/haku\/?query=Donald%20Trump\" rel=\"nofollow noopener\" target=\"_blank\">Donald Trump<\/a> allekirjoitti keskiviikkona lain, joka mahdollistaa t\u00e4ysrasvaisen maidon tarjoamisen kouluissa, jotka ovat osa valtakunnallista koululounasohjelmaa. Ohjelmaan kuuluvia kouluja k\u00e4y noin 30 miljoonaa lasta.<\/p>\n<p class=\"article-body mb-nof-24 px-nof-16\">Asiasta kertovat <a class=\"underline underline-offset-[0.12em] [text-decoration-thickness:var(--generic-link-underline-thickness)] [text-decoration-color:var(--generic-link-underline-color)] [text-decoration-skip-ink:var(--generic-link-underline-skip-ink)] break-words\" href=\"https:\/\/edition.cnn.com\/2026\/01\/14\/health\/whole-milk-healthy-kids-act\" rel=\"nofollow noopener\" target=\"_blank\">CNN<\/a> ja uutistoimisto Reuters.<\/p>\n<p class=\"article-body mb-nof-24 px-nof-16\">Aiemmin kouluissa on voinut tarjota lounaalla ainoastaan rasvatonta ja v\u00e4h\u00e4rasvaista maitoa. Ne pysyv\u00e4t kouluruokaloiden tarjonnassa jatkossakin.<\/p>\n<p class=\"article-body mb-nof-24 px-nof-16\">Trump allekirjoitti lain viikko sen j\u00e4lkeen, kun maan terveysministeri\u00f6 julkaisi uudet ravintosuositukset, joissa suositellaan t\u00e4ysrasvaisia maitotuotteita. Yhdysvaltain kongressi hyv\u00e4ksyi lain yksimielisesti viime vuonna.<\/p>\n<p><img decoding=\"async\" src=\"https:\/\/www.europesays.com\/fi\/wp-content\/uploads\/2026\/01\/1768494668_143_468.jpg\" alt=\"Trump allekirjoitti lain keskiviikkona virkahuoneessaan Valkoisessa talossa.\" class=\"_Img_1rerz_1\" style=\"aspect-ratio:1.5\" loading=\"eager\"\/><\/p>\n<p class=\"article-picture-caption\">Trump allekirjoitti lain keskiviikkona virkahuoneessaan Valkoisessa talossa. Kuva:\u00a0Evelyn Hockstein \/ Reuters<\/p>\n<p class=\"article-body mb-nof-24 px-nof-16\">Laki kumoaa presidentti <a class=\"font-bold underline-offset-[0.12em] [text-decoration:var(--person-link-text-decoration)] ![text-decoration-color:var(--person-link-text-decoration-color)]\" href=\"https:\/\/www.is.fi\/haku\/?query=Barack%20Obaman\" rel=\"nofollow noopener\" target=\"_blank\">Barack Obaman<\/a> vuonna 2012 hyv\u00e4ksym\u00e4n lain, jonka mukaan kouluissa tarjotaan vain rasvatonta tai v\u00e4h\u00e4rasvaista maitoa. Lailla pyrittiin v\u00e4hent\u00e4m\u00e4\u00e4n lasten ylipainoisuutta.<\/p>\n<p class=\"article-body mb-nof-24 px-nof-16\">\u2013 T\u00e4ysmaidon poistaminen ei parantanut terveytt\u00e4, vaan huononsi sit\u00e4, terveysministeri <a class=\"font-bold underline-offset-[0.12em] [text-decoration:var(--person-link-text-decoration)] ![text-decoration-color:var(--person-link-text-decoration-color)]\" href=\"https:\/\/www.is.fi\/haku\/?query=Robert%20F.%20Kennedy\" rel=\"nofollow noopener\" target=\"_blank\">Robert F. Kennedy<\/a> sanoi keskiviikkona.<\/p>\n<p class=\"article-body mb-nof-24 px-nof-16\">Kennedyn mukaan osa oppilaista oli siirtynyt juomaan kofeiinipitoisia ja makeutettuja juomia.<\/p>\n<p class=\"article-body mb-nof-24 px-nof-16\">Uusi laki mahdollistaa my\u00f6s kasviper\u00e4isten maitojen tarjoamisen kouluissa, jos ne vastaavat ominaisuuksiltaan maitoa.<\/p>\n<p class=\"article-body mb-nof-24 px-nof-16\">Yhdysvaltain maatalousministeri\u00f6 on pyrkinyt edist\u00e4m\u00e4\u00e4n t\u00e4ysmaidon juomista. Maanantaina ministeri\u00f6 julkaisi viestipalvelu X:ss\u00e4 kuvan Trumpista, jolla on maitoviikset ja edess\u00e4\u00e4n lasillinen maitoa. Kuvaan on kirjoitettu teksti \u201dJuo t\u00e4ysmaitoa\u201d.<\/p>\n<p class=\"article-body mb-nof-24 px-nof-16\">T\u00e4ysmaitoa ei odoteta v\u00e4litt\u00f6m\u00e4sti kouluruokaloihin, sill\u00e4 koulut joutuvat pohtimaan muun muassa t\u00e4ysmaidon hintaa, joka on korkeampi kuin v\u00e4h\u00e4rasvaisen tai rasvattoman maidon sek\u00e4 haluavatko lapset t\u00e4ysmaitoa.<\/p>\n<p class=\"article-body mb-nof-24 px-nof-16\">Tuore suositus on saanut ristiriitaisen vastaanoton ravitsemus- ja terveys\u00adasiantuntijoilta.<\/p>\n<p class=\"article-body mb-nof-24 px-nof-16\">Yhdysvaltain syd\u00e4nyhdistys on huolissaan ravintosuosituksista. Se suosittelee edelleen rasvattomia tai v\u00e4h\u00e4rasvaisia maitotuotteita, jotka sen tiedotteen mukaan ovat hy\u00f6dyllisi\u00e4 syd\u00e4men terveydelle.<\/p>\n<p class=\"article-body mb-nof-24 px-nof-16\">Yhdysvaltain ravitsemusterapeuttien yhdistyksen tiedottaja ja ravitsemusterapeutti <a class=\"font-bold underline-offset-[0.12em] [text-decoration:var(--person-link-text-decoration)] ![text-decoration-color:var(--person-link-text-decoration-color)]\" href=\"https:\/\/www.is.fi\/haku\/?query=Amy%20Reedin\" rel=\"nofollow noopener\" target=\"_blank\">Amy Reedin<\/a> mukaan t\u00e4ysmaito ei ole haitallista valtaosalle lapsista, mutta jotkut lapset tarvitsevat terveyssyist\u00e4 v\u00e4h\u00e4rasvaisen vaihtoehdon.<\/p>\n","protected":false},"excerpt":{"rendered":"Uudet ravintosuositukset ovat saaneet ristiriitaisen vastaanoton. Yhdysvaltain presidentti Donald Trump allekirjoitti keskiviikkona lain, joka mahdollistaa t\u00e4ysrasvaisen maidon tarjoamisen&hellip;\n","protected":false},"author":2,"featured_media":143218,"comment_status":"","ping_status":"","sticky":false,"template":"","format":"standard","meta":{"footnotes":""},"categories":[5],"tags":[22,23,26,27,33,31,30,17,34,24,25,28,29,15,18,21,32,19,20,16],"class_list":{"0":"post-143217","1":"post","2":"type-post","3":"status-publish","4":"format-standard","5":"has-post-thumbnail","7":"category-otsikot","8":"tag-breaking-news","9":"tag-breakingnews","10":"tag-featured-news","11":"tag-featurednews","12":"tag-fi","13":"tag-finland","14":"tag-finnish","15":"tag-headlines","16":"tag-ilta-sanomat","17":"tag-latest-news","18":"tag-latestnews","19":"tag-main-news","20":"tag-mainnews","21":"tag-news","22":"tag-otsikot","23":"tag-paauutiset","24":"tag-suomi","25":"tag-top-stories","26":"tag-topstories","27":"tag-uutiset"},"share_on_mastodon":{"url":"https:\/\/pubeurope.com\/@fi\/115900074089875653","error":""},"_links":{"self":[{"href":"https:\/\/www.europesays.com\/fi\/wp-json\/wp\/v2\/posts\/143217","targetHints":{"allow":["GET"]}}],"collection":[{"href":"https:\/\/www.europesays.com\/fi\/wp-json\/wp\/v2\/posts"}],"about":[{"href":"https:\/\/www.europesays.com\/fi\/wp-json\/wp\/v2\/types\/post"}],"author":[{"embeddable":true,"href":"https:\/\/www.europesays.com\/fi\/wp-json\/wp\/v2\/users\/2"}],"replies":[{"embeddable":true,"href":"https:\/\/www.europesays.com\/fi\/wp-json\/wp\/v2\/comments?post=143217"}],"version-history":[{"count":0,"href":"https:\/\/www.europesays.com\/fi\/wp-json\/wp\/v2\/posts\/143217\/revisions"}],"wp:featuredmedia":[{"embeddable":true,"href":"https:\/\/www.europesays.com\/fi\/wp-json\/wp\/v2\/media\/143218"}],"wp:attachment":[{"href":"https:\/\/www.europesays.com\/fi\/wp-json\/wp\/v2\/media?parent=143217"}],"wp:term":[{"taxonomy":"category","embeddable":true,"href":"https:\/\/www.europesays.com\/fi\/wp-json\/wp\/v2\/categories?post=143217"},{"taxonomy":"post_tag","embeddable":true,"href":"https:\/\/www.europesays.com\/fi\/wp-json\/wp\/v2\/tags?post=143217"}],"curies":[{"name":"wp","href":"https:\/\/api.w.org\/{rel}","templated":true}]}}