{"id":143220,"date":"2026-01-15T16:43:08","date_gmt":"2026-01-15T16:43:08","guid":{"rendered":"https:\/\/www.europesays.com\/fi\/143220\/"},"modified":"2026-01-15T16:43:08","modified_gmt":"2026-01-15T16:43:08","slug":"janne-ahonen-ja-uusi-rakas-astuivat-julkisuuteen","status":"publish","type":"post","link":"https:\/\/www.europesays.com\/fi\/143220\/","title":{"rendered":"Janne Ahonen ja uusi rakas astuivat julkisuuteen"},"content":{"rendered":"<p>Ahonen toi uuden kumppaninsa Urheilugaalaan.<\/p>\n<p><img decoding=\"async\" class=\"image image-show image-preview\" src=\"https:\/\/www.europesays.com\/fi\/wp-content\/uploads\/2026\/01\/00d4686b7744daad410c8a4554d1c398b06d06a420ca1c519e722321253cb3a4.jpg\" alt=\"\"\/><img decoding=\"async\" class=\"image image-show\" src=\"https:\/\/www.europesays.com\/fi\/wp-content\/uploads\/2026\/01\/1768495388_35_00d4686b7744daad410c8a4554d1c398b06d06a420ca1c519e722321253cb3a4.jpg\" alt=\"\"\/><\/p>\n<p>Janne Ahonen ja Henna poseerasivat yhdess\u00e4. MATTI MATIKAINEN<\/p>\n<p class=\"paragraph\"><a href=\"https:\/\/www.iltalehti.fi\/henkilot\/Janne Ahonen\" class=\"article-link-person-page\" rel=\"nofollow noopener\" target=\"_blank\">Janne Ahonen<\/a> edusti Urheilugaalan punaisella matolla uuden kumppaninsa <strong>Hennan<\/strong> kanssa.<\/p>\n<p class=\"paragraph\">M\u00e4kikotka erosi vaimostaan <strong>Tiia Ahosesta<\/strong> viime kev\u00e4\u00e4n\u00e4. Pariskunta oli ollut naimisissa 20 vuotta.<\/p>\n<p class=\"paragraph\">Elokuussa <a href=\"https:\/\/www.seiska.fi\/urheilu\/uusi-suhde-nyt-puhuu-mysteeriblondin-kanssa-bongattu-janne-ahonen\/1910104\" target=\"_blank\" rel=\"noopener nofollow\">Seiska<\/a> uutisoi maailmanmestarin uudesta suhteesta. Ahonen ja Henna l\u00f6ysiv\u00e4t toisensa alkukes\u00e4st\u00e4. Kuusamolainen Henna on hieman 48-vuotiasta Ahosta nuorempi.<\/p>\n<p class=\"paragraph\"><a href=\"https:\/\/www.seiska.fi\/vain-seiskassa\/shokkipaljastus-avioerosta-janne-ahosella-salasuhde-tummaan-kaunottareen\/1685517\" target=\"_blank\" rel=\"noopener nofollow\">Seiskan<\/a> mukaan Ahosen avioeron taustalla oli vuosia kest\u00e4nyt suhde \u201dpohjoissuomalaisen naisen\u201d kanssa.<\/p>\n<p class=\"paragraph\">Ex-urheilut\u00e4hti vaikeni <a href=\"https:\/\/www.is.fi\/urheilu\/art-2000011626905.html\" target=\"_blank\" rel=\"noopener nofollow\">Ilta-Sanomien<\/a> haastattelussa pett\u00e4mishuhuista. H\u00e4n kuitenkin iloitsi siit\u00e4, miten rakastui silloin, kun sit\u00e4 v\u00e4hiten odotti.<\/p>\n<p class=\"paragraph\">\u2013 Juuri n\u00e4in mulle k\u00e4vi. Yht\u00e4kki\u00e4 olin jo uudessa parisuhteessa, vaikka ei sellaista k\u00e4sikirjoitusta olisi mill\u00e4<\/p>\n","protected":false},"excerpt":{"rendered":"Ahonen toi uuden kumppaninsa Urheilugaalaan. Janne Ahonen ja Henna poseerasivat yhdess\u00e4. MATTI MATIKAINEN Janne Ahonen edusti Urheilugaalan punaisella&hellip;\n","protected":false},"author":2,"featured_media":143221,"comment_status":"","ping_status":"","sticky":false,"template":"","format":"standard","meta":{"footnotes":""},"categories":[136],"tags":[35,1074,407,137,33,31,30,101,408,41,103,32,1145,109],"class_list":{"0":"post-143220","1":"post","2":"type-post","3":"status-publish","4":"format-standard","5":"has-post-thumbnail","7":"category-julkkikset","8":"tag-24h","9":"tag-avioliitto-ja-parisuhde","10":"tag-celebrities","11":"tag-entertainment","12":"tag-fi","13":"tag-finland","14":"tag-finnish","15":"tag-ihmissuhteet","16":"tag-julkkikset","17":"tag-liikunta-ja-urheilu","18":"tag-sosiaalikysymykset","19":"tag-suomi","20":"tag-talviurheilu","21":"tag-viihde"},"share_on_mastodon":{"url":"https:\/\/pubeurope.com\/@fi\/115900121290535851","error":""},"_links":{"self":[{"href":"https:\/\/www.europesays.com\/fi\/wp-json\/wp\/v2\/posts\/143220","targetHints":{"allow":["GET"]}}],"collection":[{"href":"https:\/\/www.europesays.com\/fi\/wp-json\/wp\/v2\/posts"}],"about":[{"href":"https:\/\/www.europesays.com\/fi\/wp-json\/wp\/v2\/types\/post"}],"author":[{"embeddable":true,"href":"https:\/\/www.europesays.com\/fi\/wp-json\/wp\/v2\/users\/2"}],"replies":[{"embeddable":true,"href":"https:\/\/www.europesays.com\/fi\/wp-json\/wp\/v2\/comments?post=143220"}],"version-history":[{"count":0,"href":"https:\/\/www.europesays.com\/fi\/wp-json\/wp\/v2\/posts\/143220\/revisions"}],"wp:featuredmedia":[{"embeddable":true,"href":"https:\/\/www.europesays.com\/fi\/wp-json\/wp\/v2\/media\/143221"}],"wp:attachment":[{"href":"https:\/\/www.europesays.com\/fi\/wp-json\/wp\/v2\/media?parent=143220"}],"wp:term":[{"taxonomy":"category","embeddable":true,"href":"https:\/\/www.europesays.com\/fi\/wp-json\/wp\/v2\/categories?post=143220"},{"taxonomy":"post_tag","embeddable":true,"href":"https:\/\/www.europesays.com\/fi\/wp-json\/wp\/v2\/tags?post=143220"}],"curies":[{"name":"wp","href":"https:\/\/api.w.org\/{rel}","templated":true}]}}