{"id":143224,"date":"2026-01-15T16:50:08","date_gmt":"2026-01-15T16:50:08","guid":{"rendered":"https:\/\/www.europesays.com\/fi\/143224\/"},"modified":"2026-01-15T16:50:08","modified_gmt":"2026-01-15T16:50:08","slug":"urheilugaala-on-kaynnissa-ensimmaiset-palkinnot-jaettu","status":"publish","type":"post","link":"https:\/\/www.europesays.com\/fi\/143224\/","title":{"rendered":"Urheilugaala on k\u00e4ynniss\u00e4 \u2013 ensimm\u00e4iset palkinnot jaettu"},"content":{"rendered":"<p class=\"article-ingress--medium\">Seuraamme Urheilugaalaa t\u00e4ss\u00e4 jutussa.<\/p>\n<p><img decoding=\"async\" src=\"https:\/\/www.europesays.com\/fi\/wp-content\/uploads\/2026\/01\/1768495808_481_468.jpg\" alt=\"Anni K\u00e4r\u00e4v\u00e4 sai esikuvapalkinnon.\" class=\"_Img_1rerz_1\" style=\"aspect-ratio:1.5\" loading=\"eager\"\/><\/p>\n<p class=\"article-picture-caption\">Anni K\u00e4r\u00e4v\u00e4 sai esikuvapalkinnon. Kuva:\u00a0Rio Gandara \/ HS<\/p>\n<p><a href=\"https:\/\/www.aamulehti.fi\/haku\/?query=Sanoma\" rel=\"nofollow noopener\" target=\"_blank\"><\/p>\n<p>Sanoma<\/p>\n<p><\/a><\/p>\n<p>17:12 | P\u00e4ivitetty 18:26<\/p>\n<p class=\"article-body mb-nof-24 px-nof-16\">Aamulehti<\/p>\n<p class=\"article-body mb-nof-24 px-nof-16\">Urheilugaala j\u00e4rjestet\u00e4\u00e4n Helsingiss\u00e4 torstaina. Ilta huipentuu Vuoden urheilijan valintaan.<\/p>\n<p class=\"article-body mb-nof-24 px-nof-16\">Seuraamme tapahtumia ja palkitsemisia t\u00e4ss\u00e4 jutussa.<\/p>\n<p>Lue lis\u00e4\u00e4 kirjoittajalta<a class=\"article-byline\" href=\"https:\/\/www.aamulehti.fi\/haku\/?query=Sanoma\" rel=\"nofollow noopener\" target=\"_blank\">Sanoma <\/a>KommentoiIlmoita asiavirheest\u00e4KommentoiIlmoita asiavirheest\u00e4<\/p>\n","protected":false},"excerpt":{"rendered":"Seuraamme Urheilugaalaa t\u00e4ss\u00e4 jutussa. Anni K\u00e4r\u00e4v\u00e4 sai esikuvapalkinnon. Kuva:\u00a0Rio Gandara \/ HS Sanoma 17:12 | P\u00e4ivitetty 18:26 Aamulehti&hellip;\n","protected":false},"author":2,"featured_media":143225,"comment_status":"","ping_status":"","sticky":false,"template":"","format":"standard","meta":{"footnotes":""},"categories":[158],"tags":[157,33,31,30,159,32,160],"class_list":{"0":"post-143224","1":"post","2":"type-post","3":"status-publish","4":"format-standard","5":"has-post-thumbnail","7":"category-urheilu","8":"tag-aamulehti","9":"tag-fi","10":"tag-finland","11":"tag-finnish","12":"tag-sports","13":"tag-suomi","14":"tag-urheilu"},"share_on_mastodon":{"url":"https:\/\/pubeurope.com\/@fi\/115900148991024731","error":""},"_links":{"self":[{"href":"https:\/\/www.europesays.com\/fi\/wp-json\/wp\/v2\/posts\/143224","targetHints":{"allow":["GET"]}}],"collection":[{"href":"https:\/\/www.europesays.com\/fi\/wp-json\/wp\/v2\/posts"}],"about":[{"href":"https:\/\/www.europesays.com\/fi\/wp-json\/wp\/v2\/types\/post"}],"author":[{"embeddable":true,"href":"https:\/\/www.europesays.com\/fi\/wp-json\/wp\/v2\/users\/2"}],"replies":[{"embeddable":true,"href":"https:\/\/www.europesays.com\/fi\/wp-json\/wp\/v2\/comments?post=143224"}],"version-history":[{"count":0,"href":"https:\/\/www.europesays.com\/fi\/wp-json\/wp\/v2\/posts\/143224\/revisions"}],"wp:featuredmedia":[{"embeddable":true,"href":"https:\/\/www.europesays.com\/fi\/wp-json\/wp\/v2\/media\/143225"}],"wp:attachment":[{"href":"https:\/\/www.europesays.com\/fi\/wp-json\/wp\/v2\/media?parent=143224"}],"wp:term":[{"taxonomy":"category","embeddable":true,"href":"https:\/\/www.europesays.com\/fi\/wp-json\/wp\/v2\/categories?post=143224"},{"taxonomy":"post_tag","embeddable":true,"href":"https:\/\/www.europesays.com\/fi\/wp-json\/wp\/v2\/tags?post=143224"}],"curies":[{"name":"wp","href":"https:\/\/api.w.org\/{rel}","templated":true}]}}