{"id":143226,"date":"2026-01-15T16:51:08","date_gmt":"2026-01-15T16:51:08","guid":{"rendered":"https:\/\/www.europesays.com\/fi\/143226\/"},"modified":"2026-01-15T16:51:08","modified_gmt":"2026-01-15T16:51:08","slug":"umk-2026-kiki-osallistuu-vaikka-vaati-aiemmin-viisuboikottia","status":"publish","type":"post","link":"https:\/\/www.europesays.com\/fi\/143226\/","title":{"rendered":"UMK 2026: Kiki osallistuu, vaikka vaati aiemmin viisuboikottia"},"content":{"rendered":"<p>Kiki allekirjoitti vetoomuksen, jolla vaadittiin Ylelt\u00e4 viisuboikottia. Artisti n\u00e4hd\u00e4\u00e4n t\u00e4st\u00e4 huolimatta UMK:ssa.<\/p>\n<p>He kilpailevat vuoden 2026 UMK:ssa.<\/p>\n<p class=\"article-body mb-nof-24 px-nof-16\">Yksi Uuden musiikin kilpailuun vuonna 2026 osallistuvista artisteista on <a class=\"font-bold underline-offset-[0.12em] [text-decoration:var(--person-link-text-decoration)] ![text-decoration-color:var(--person-link-text-decoration-color)]\" href=\"https:\/\/www.is.fi\/haku\/?query=Kiki\" rel=\"nofollow noopener\" target=\"_blank\">Kiki<\/a>, oikealta nimelt\u00e4\u00e4n <a class=\"font-bold underline-offset-[0.12em] [text-decoration:var(--person-link-text-decoration)] ![text-decoration-color:var(--person-link-text-decoration-color)]\" href=\"https:\/\/www.is.fi\/haku\/?query=Petra%20Gavalas\" rel=\"nofollow noopener\" target=\"_blank\">Petra Gavalas<\/a>.<\/p>\n<p class=\"article-body mb-nof-24 px-nof-16\">Kiki muistetaan muutaman vuoden takaisesta 666-hitist\u00e4\u00e4n, ja h\u00e4net valittiin vuonna 2022 yhdeksi YleX:n l\u00e4pimurtoartisteista.<\/p>\n<p class=\"article-body mb-nof-24 px-nof-16\">Kikin UMK-biisi on nimelt\u00e4\u00e4n Rakkaudenkipee.<\/p>\n<p class=\"article-body mb-nof-24 px-nof-16\">\u2013 UMK on ollut minulle tosi pitk\u00e4\u00e4n unelma. Olen aina rakastanut musiikkia ja isoja musiikkiesityksi\u00e4. Rakastan tehd\u00e4 show\u2019ta. T\u00e4m\u00e4 on minulle tosi iso k\u00e4\u00e4nnekohta uralla, Kiki sanoo IS:lle.<\/p>\n<p class=\"article-body mb-nof-24 px-nof-16\">H\u00e4n kuvailee kilpailukappalettaan dramaattiseksi poplauluksi rakkaudesta. My\u00f6s UMK-show\u2019sta on tulossa dramaattinen ja \u201dtunteikas ja eeppinen\u201d.<\/p>\n<p class=\"article-body mb-nof-24 px-nof-16\">Artistin \u00e4iti on suomalainen ja is\u00e4 kreikkalainen. Kreikkalaiset juuret tuovat paljon Kikin el\u00e4m\u00e4\u00e4n.<\/p>\n<p class=\"article-body mb-nof-24 px-nof-16\">\u2013 Kreikkalainen kulttuuri on ollut tosi vahvasti l\u00e4sn\u00e4 perheess\u00e4mme aina. Meill\u00e4 on sy\u00f6ty kreikkalaisia ruokia ja kuunneltu kreikkalaista musiikkia. Meill\u00e4 on k\u00e4mpp\u00e4kin tuolla Kreetan saarella.<\/p>\n<p class=\"article-body mb-nof-24 px-nof-16\">Kikin pikkuveli on rap-artisti <a class=\"font-bold underline-offset-[0.12em] [text-decoration:var(--person-link-text-decoration)] ![text-decoration-color:var(--person-link-text-decoration-color)]\" href=\"https:\/\/www.is.fi\/haku\/?query=Lukas%20Leon\" rel=\"nofollow noopener\" target=\"_blank\">Lukas Leon<\/a>, joka tuli tunnetuksi <a class=\"font-bold underline-offset-[0.12em] [text-decoration:var(--person-link-text-decoration)] ![text-decoration-color:var(--person-link-text-decoration-color)]\" href=\"https:\/\/www.is.fi\/haku\/?query=Cheekin\" rel=\"nofollow noopener\" target=\"_blank\">Cheekin<\/a> suojattina. Kiki ei ole saanut veljelt\u00e4\u00e4n vinkkej\u00e4 UMK:ta varten, sill\u00e4 kyseess\u00e4 on omanlaisensa show, josta Leonilla ei ole kokemusta.<\/p>\n<p class=\"article-body mb-nof-24 px-nof-16\">\u2013 Muuten h\u00e4n on musiikin ja biisintekemisen suhteen tukenut ja ollut iso voimavara. Olen kiitollinen ja onnekas, ett\u00e4 on noinkin l\u00e4hell\u00e4 ihminen, joka tiet\u00e4\u00e4, mit\u00e4 t\u00e4m\u00e4 ala on, Kiki sanoo.<\/p>\n<p><img decoding=\"async\" src=\"https:\/\/www.europesays.com\/fi\/wp-content\/uploads\/2026\/01\/1768495868_599_468.jpg\" alt=\"Kikin Rakkaudenkipee julkaistaan UMK-kappaleista viimeisen\u00e4, perjantaina 23. tammikuuta.\" class=\"_Img_1rerz_1\" style=\"aspect-ratio:0.6661458333333333\" loading=\"eager\"\/><\/p>\n<p class=\"article-picture-caption\">Kikin Rakkaudenkipee julkaistaan UMK-kappaleista viimeisen\u00e4, perjantaina 23. tammikuuta. Kuva:\u00a0Juha Salminen \/ HS<\/p>\n<p class=\"article-body mb-nof-24 px-nof-16\">UMK-voittajan on m\u00e4\u00e4r\u00e4 edustaa Suomea toukokuun Euroviisuissa Wieniss\u00e4 It\u00e4vallassa. Tulevien Euroviisujen osalta on puhuttanut paljon Israelin osallistuminen. T\u00e4m\u00e4 on johtanut laajoihin boikottivaatimuksiin ja viisi maata on j\u00e4tt\u00e4ytynyt pois kilpailusta.<\/p>\n<p class=\"article-body mb-nof-24 px-nof-16\">Yle\u00e4 on kehotettu boikotoimaan Euroviisuja esimerkiksi kulttuurialan <a class=\"underline underline-offset-[0.12em] [text-decoration-thickness:var(--generic-link-underline-thickness)] [text-decoration-color:var(--generic-link-underline-color)] [text-decoration-skip-ink:var(--generic-link-underline-skip-ink)] break-words\" href=\"https:\/\/sites.google.com\/view\/kulttuurialan-viisuvetoomus?fbclid=IwY2xjawNTMutleHRuA2FlbQIxMABicmlkETFDWWRoWlRReUFrVWpRSjVkAR5reECqmrMAxbVuomDNvNVZaXdKLTgt89UIY0-d_trjCkOUWlN0xpAIpB4L5w_aem_I0E1r2c1gzAG77h6eZAkDA\" rel=\"nofollow noopener\" target=\"_blank\">vetoomuksessa,<\/a> joka luovutettiin Ylelle lokakuussa. Vetoomuksessa vaadittiin esimerkiksi, ett\u00e4 Yle vet\u00e4ytyy vuoden 2026 Euroviisuista, jos Euroopan yleisradioliitto EBU sallii Israelin osallistumisen kilpailuun.<\/p>\n<p class=\"article-body mb-nof-24 px-nof-16\">Kiki on yksi artisteista, joka on allekirjoittanut kyseisen vetoomuksen. Yle osallistuu Euroviisuihin, ja Kiki on joka tapauksessa mukana UMK:ssa. Miksi?<\/p>\n<p class=\"article-body mb-nof-24 px-nof-16\">\u2013 Pid\u00e4n UMK:ta ja Euroviisuja erillisin\u00e4 kilpailuina. UMK on jo itsess\u00e4\u00e4n mahtava show ja produktio, jossa on ihana olla mukana, Kiki aloittaa.<\/p>\n<p class=\"article-body mb-nof-24 px-nof-16\">\u2013 Olen t\u00e4st\u00e4 tilanteesta tosi harmissani ja surullinen. Maailmassa tapahtuu ihan j\u00e4rkytt\u00e4vi\u00e4, syd\u00e4nt\u00e4s\u00e4rkevi\u00e4 asioita. Mutta en ole poliitikko, vaan olen tekem\u00e4ss\u00e4 viihdett\u00e4. Haluan nyt keskitty\u00e4 t\u00e4h\u00e4n UMK:hon ja antaa t\u00e4lle kaikkeni.<\/p>\n<p class=\"article-body mb-nof-24 px-nof-16\">Kiki ei ota suoraan kantaa siihen, l\u00e4htisik\u00f6 Euroviisuihin, jos voitto UMK:ssa tulisi.<\/p>\n<p class=\"article-body mb-nof-24 px-nof-16\">\u2013 Euroviisut on ollut minulle unelma pitk\u00e4\u00e4n. Tietenkin my\u00f6s siksi t\u00e4m\u00e4 suuri harmaa varjo t\u00e4ss\u00e4 p\u00e4\u00e4ll\u00e4 harmittaa. Toivon, ett\u00e4 se [Euroviisuihin osallistuminen] olisi mahdollista, mutta olen p\u00e4\u00e4tt\u00e4nyt keskitty\u00e4 vain UMK:hon ja katsoa sitten my\u00f6hemmin ja ajatella asioita vasta, kun se on mahdollisesti ajankohtaista, Kiki sanoo.<\/p>\n<p class=\"article-body mb-nof-24 px-nof-16\">UMK:n s\u00e4\u00e4nn\u00f6iss\u00e4 todetaan, ett\u00e4 kilpailun voittaja sitoutuu edustamaan Suomea Euroviisuissa. UMK:n p\u00e4\u00e4tuottaja <a class=\"font-bold underline-offset-[0.12em] [text-decoration:var(--person-link-text-decoration)] ![text-decoration-color:var(--person-link-text-decoration-color)]\" href=\"https:\/\/www.is.fi\/haku\/?query=Anssi%20Autio\" rel=\"nofollow noopener\" target=\"_blank\">Anssi Autio<\/a> sanoi keskiviikkona UMK-lehdist\u00f6tilaisuudessa IS:lle, ett\u00e4 s\u00e4\u00e4nn\u00f6st\u00e4 huolimatta artistille annetaan mahdollisuus kielt\u00e4yty\u00e4 edustuspaikasta.<\/p>\n<p class=\"article-body mb-nof-24 px-nof-16\">\u2013 Emmeh\u00e4n me ket\u00e4\u00e4n pakota Euroviisuihin. Miettik\u00e4\u00e4 nyt itsekin sellaista tilannetta, ett\u00e4 siell\u00e4 joku pakotettuna esiintyisi. Ei tule tosiaankaan koskaan sellaista tapahtumaan. Se ett\u00e4 siell\u00e4 on se sitoumus on l\u00e4hinn\u00e4 sopimustekninen juttu, ett\u00e4 kilpailuun p\u00e4\u00e4see mukaan sitoutumalla edustamaan Suomea Euroviisuissa, Autio sanoi.<\/p>\n<p class=\"article-body mb-nof-24 px-nof-16\">Lue lis\u00e4\u00e4: <a class=\"underline underline-offset-[0.12em] [text-decoration-thickness:var(--generic-link-underline-thickness)] [text-decoration-color:var(--generic-link-underline-color)] [text-decoration-skip-ink:var(--generic-link-underline-skip-ink)] break-words\" href=\"https:\/\/www.is.fi\/viihde\/art-2000011749591.html\" rel=\"nofollow noopener\" target=\"_blank\">Ylelt\u00e4 erikoinen pyynt\u00f6 UMK-tilaisuudessa, somessa leimahti: \u201dT\u00f6ker\u00f6\u00e4 toimintaa\u201d<\/a><\/p>\n<p class=\"article-body mb-nof-24 px-nof-16\">UMK:hon osallistuvista artisteista my\u00f6s <a class=\"font-bold underline-offset-[0.12em] [text-decoration:var(--person-link-text-decoration)] ![text-decoration-color:var(--person-link-text-decoration-color)]\" href=\"https:\/\/www.is.fi\/haku\/?query=Antti%20Paalanen\" rel=\"nofollow noopener\" target=\"_blank\">Antti Paalanen<\/a> on allekirjoittanut vastaavanlaisen vetoomuksen vuonna 2024. Musiikkialan <a class=\"underline underline-offset-[0.12em] [text-decoration-thickness:var(--generic-link-underline-thickness)] [text-decoration-color:var(--generic-link-underline-color)] [text-decoration-skip-ink:var(--generic-link-underline-skip-ink)] break-words\" href=\"https:\/\/sites.google.com\/view\/euroviisuboikotti\/\" rel=\"nofollow noopener\" target=\"_blank\">vetoomuksessa<\/a> vaadittiin, ett\u00e4 Yle painostaa EBUa sulkemaan Israelin ulos Euroviisuista ja jos Israel kilpailee, Yle ei l\u00e4hett\u00e4isi osallistujaa kisaan.<\/p>\n<p class=\"article-body mb-nof-24 px-nof-16\">Paalanen kommentoi IS:lle artistien lehdist\u00f6tilaisuudessa olevansa valmis l\u00e4htem\u00e4\u00e4n Euroviisuihin, jos voitto napsahtaisi.<\/p>\n<p class=\"article-body mb-nof-24 px-nof-16\">\u2013 Tilanne on ristiriitainen. Olen p\u00e4\u00e4tt\u00e4nyt, ett\u00e4 koska olen haaveillut vuosia Euroviisuihin p\u00e4\u00e4semisest\u00e4 ja seurannut niit\u00e4 pikkupojasta asti, niin maaliin asti menn\u00e4\u00e4n, Paalanen sanoi.<\/p>\n","protected":false},"excerpt":{"rendered":"Kiki allekirjoitti vetoomuksen, jolla vaadittiin Ylelt\u00e4 viisuboikottia. Artisti n\u00e4hd\u00e4\u00e4n t\u00e4st\u00e4 huolimatta UMK:ssa. He kilpailevat vuoden 2026 UMK:ssa. Yksi&hellip;\n","protected":false},"author":2,"featured_media":143227,"comment_status":"","ping_status":"","sticky":false,"template":"","format":"standard","meta":{"footnotes":""},"categories":[130],"tags":[137,33,31,30,34,32,109],"class_list":{"0":"post-143226","1":"post","2":"type-post","3":"status-publish","4":"format-standard","5":"has-post-thumbnail","7":"category-viihde","8":"tag-entertainment","9":"tag-fi","10":"tag-finland","11":"tag-finnish","12":"tag-ilta-sanomat","13":"tag-suomi","14":"tag-viihde"},"share_on_mastodon":{"url":"https:\/\/pubeurope.com\/@fi\/115900152697142449","error":""},"_links":{"self":[{"href":"https:\/\/www.europesays.com\/fi\/wp-json\/wp\/v2\/posts\/143226","targetHints":{"allow":["GET"]}}],"collection":[{"href":"https:\/\/www.europesays.com\/fi\/wp-json\/wp\/v2\/posts"}],"about":[{"href":"https:\/\/www.europesays.com\/fi\/wp-json\/wp\/v2\/types\/post"}],"author":[{"embeddable":true,"href":"https:\/\/www.europesays.com\/fi\/wp-json\/wp\/v2\/users\/2"}],"replies":[{"embeddable":true,"href":"https:\/\/www.europesays.com\/fi\/wp-json\/wp\/v2\/comments?post=143226"}],"version-history":[{"count":0,"href":"https:\/\/www.europesays.com\/fi\/wp-json\/wp\/v2\/posts\/143226\/revisions"}],"wp:featuredmedia":[{"embeddable":true,"href":"https:\/\/www.europesays.com\/fi\/wp-json\/wp\/v2\/media\/143227"}],"wp:attachment":[{"href":"https:\/\/www.europesays.com\/fi\/wp-json\/wp\/v2\/media?parent=143226"}],"wp:term":[{"taxonomy":"category","embeddable":true,"href":"https:\/\/www.europesays.com\/fi\/wp-json\/wp\/v2\/categories?post=143226"},{"taxonomy":"post_tag","embeddable":true,"href":"https:\/\/www.europesays.com\/fi\/wp-json\/wp\/v2\/tags?post=143226"}],"curies":[{"name":"wp","href":"https:\/\/api.w.org\/{rel}","templated":true}]}}