{"id":143228,"date":"2026-01-15T16:54:07","date_gmt":"2026-01-15T16:54:07","guid":{"rendered":"https:\/\/www.europesays.com\/fi\/143228\/"},"modified":"2026-01-15T16:54:07","modified_gmt":"2026-01-15T16:54:07","slug":"helen-aloittaa-muutosneuvottelut-ilta-sanomat","status":"publish","type":"post","link":"https:\/\/www.europesays.com\/fi\/143228\/","title":{"rendered":"Helen aloittaa muutosneuvottelut &#8211; Ilta-Sanomat"},"content":{"rendered":"<p>Muutosneuvottelut koskevat noin 795 henkil\u00f6\u00e4.<\/p>\n<p class=\"article-body mb-nof-24 px-nof-16\">Energiayhti\u00f6 Helen Oy aloittaa muutosneuvottelut, kertoo yhti\u00f6 tiedotteessaan.<\/p>\n<p class=\"article-body mb-nof-24 px-nof-16\">Tiedotteen mukaan muutosneuvottelut koskevat noin 795 henkil\u00f6\u00e4. Alustavan arvion mukaan muutosneuvottelut voivat johtaa enint\u00e4\u00e4n 125 ty\u00f6teht\u00e4v\u00e4n p\u00e4\u00e4ttymiseen.<\/p>\n<p class=\"article-body mb-nof-24 px-nof-16\">\u2013 Samaan aikaan Helen suunnittelee perustettavaksi uusia rooleja vastaamaan muuttuneisiin toiminnallisiin tarpeisiin, yhti\u00f6 sanoo tiedotteessaan.<\/p>\n<p class=\"article-body mb-nof-24 px-nof-16\">Helenin mukaan mahdollisia henkil\u00f6st\u00f6vaikutuksia voivat olla irtisanominen, ty\u00f6sopimuksen olennaisen ehdon yksipuolinen\u00a0muuttaminen, muutokset ty\u00f6teht\u00e4viss\u00e4, ty\u00f6menetelmiss\u00e4, t\u00f6iden j\u00e4rjestelyiss\u00e4, ty\u00f6tilojen\u00a0j\u00e4rjestelyiss\u00e4 tai s\u00e4\u00e4nn\u00f6llisen ty\u00f6ajan j\u00e4rjestelyiss\u00e4.<\/p>\n<p class=\"article-body mb-nof-24 px-nof-16\">Samalla Helen k\u00e4ynnist\u00e4\u00e4 suunnitteluty\u00f6t V\u00e4re Oy:n integroimiseksi Helen Oy:h\u00f6n.<\/p>\n","protected":false},"excerpt":{"rendered":"Muutosneuvottelut koskevat noin 795 henkil\u00f6\u00e4. Energiayhti\u00f6 Helen Oy aloittaa muutosneuvottelut, kertoo yhti\u00f6 tiedotteessaan. Tiedotteen mukaan muutosneuvottelut koskevat noin&hellip;\n","protected":false},"author":2,"featured_media":143229,"comment_status":"","ping_status":"","sticky":false,"template":"","format":"standard","meta":{"footnotes":""},"categories":[76],"tags":[79,77,33,31,30,34,32,78],"class_list":{"0":"post-143228","1":"post","2":"type-post","3":"status-publish","4":"format-standard","5":"has-post-thumbnail","7":"category-talous","8":"tag-business","9":"tag-economy","10":"tag-fi","11":"tag-finland","12":"tag-finnish","13":"tag-ilta-sanomat","14":"tag-suomi","15":"tag-talous"},"share_on_mastodon":{"url":"https:\/\/pubeurope.com\/@fi\/115900164612191724","error":""},"_links":{"self":[{"href":"https:\/\/www.europesays.com\/fi\/wp-json\/wp\/v2\/posts\/143228","targetHints":{"allow":["GET"]}}],"collection":[{"href":"https:\/\/www.europesays.com\/fi\/wp-json\/wp\/v2\/posts"}],"about":[{"href":"https:\/\/www.europesays.com\/fi\/wp-json\/wp\/v2\/types\/post"}],"author":[{"embeddable":true,"href":"https:\/\/www.europesays.com\/fi\/wp-json\/wp\/v2\/users\/2"}],"replies":[{"embeddable":true,"href":"https:\/\/www.europesays.com\/fi\/wp-json\/wp\/v2\/comments?post=143228"}],"version-history":[{"count":0,"href":"https:\/\/www.europesays.com\/fi\/wp-json\/wp\/v2\/posts\/143228\/revisions"}],"wp:featuredmedia":[{"embeddable":true,"href":"https:\/\/www.europesays.com\/fi\/wp-json\/wp\/v2\/media\/143229"}],"wp:attachment":[{"href":"https:\/\/www.europesays.com\/fi\/wp-json\/wp\/v2\/media?parent=143228"}],"wp:term":[{"taxonomy":"category","embeddable":true,"href":"https:\/\/www.europesays.com\/fi\/wp-json\/wp\/v2\/categories?post=143228"},{"taxonomy":"post_tag","embeddable":true,"href":"https:\/\/www.europesays.com\/fi\/wp-json\/wp\/v2\/tags?post=143228"}],"curies":[{"name":"wp","href":"https:\/\/api.w.org\/{rel}","templated":true}]}}