{"id":143230,"date":"2026-01-15T16:55:08","date_gmt":"2026-01-15T16:55:08","guid":{"rendered":"https:\/\/www.europesays.com\/fi\/143230\/"},"modified":"2026-01-15T16:55:08","modified_gmt":"2026-01-15T16:55:08","slug":"venajan-liittolaiset-aimana-kremlin-kyvyttomyydesta","status":"publish","type":"post","link":"https:\/\/www.europesays.com\/fi\/143230\/","title":{"rendered":"Ven\u00e4j\u00e4n liittolaiset \u00e4im\u00e4n\u00e4 Kremlin kyvytt\u00f6myydest\u00e4"},"content":{"rendered":"<p>Liittolaiset ovat pettyneit\u00e4 Kremlin kykyyn ja haluun auttaa silloin, kun tilanne sit\u00e4 vaatisi.<\/p>\n<p><img decoding=\"async\" class=\"image image-show image-preview\" src=\"https:\/\/www.europesays.com\/fi\/wp-content\/uploads\/2026\/01\/8c9f52e35a8ed5b0330e72f3eff7ee302639c1a91bfb6f9c66aeaeca44fde963.jpg\" alt=\"\"\/><img decoding=\"async\" class=\"image image-show\" src=\"https:\/\/www.europesays.com\/fi\/wp-content\/uploads\/2026\/01\/1768496108_251_8c9f52e35a8ed5b0330e72f3eff7ee302639c1a91bfb6f9c66aeaeca44fde963.jpg\" alt=\"\"\/><\/p>\n<p>Vladimir Putin tapasi Nicol\u00e1s Maduron Kremliss\u00e4 7. toukokuuta viime vuonna. AOP<\/p>\n<p class=\"paragraph\">Ven\u00e4j\u00e4n pian nelj\u00e4 vuotta kest\u00e4nyt invaasio Ukrainaan on sitonut presidentti <a href=\"https:\/\/www.iltalehti.fi\/henkilot\/Vladimir Putin\" class=\"article-link-person-page\" rel=\"nofollow noopener\" target=\"_blank\">Vladimir Putinin<\/a> huomion ja resurssit siin\u00e4 m\u00e4\u00e4rin, ett\u00e4 Moskovan strategiset liittolaiset eri puolilla maailmaa kokevat j\u00e4\u00e4neens\u00e4 ilman tukea.<\/p>\n<p class=\"paragraph\">Uutistoimisto Bloombergin l\u00e4hteiden <a href=\"https:\/\/www.bloomberg.com\/news\/articles\/2026-01-14\/russia-s-allies-complain-putin-was-nowhere-when-it-mattered-most?srnd=homepage-europe\" target=\"_blank\" rel=\"noopener nofollow\">mukaan<\/a> viimeisen runsaan 12 kuukauden aikana useat autoritaariset hallinnot Venezuelasta Iraniin ovat havainneet Kremlin avun riitt\u00e4m\u00e4tt\u00f6m\u00e4ksi juuri silloin, kun sill\u00e4 olisi ollut eniten merkityst\u00e4.<\/p>\n<p class=\"paragraph\">Venezuelassa viranomaiset arvioivat nyt, ett\u00e4 vuosikymmeni\u00e4 kest\u00e4nyt turvallisuusyhteisty\u00f6 Moskovan kanssa oli pitk\u00e4lti n\u00e4enn\u00e4ist\u00e4.<\/p>\n<p class=\"paragraph\">Sama pettymys Putiniin ja Kremliin on pinnalla my\u00f6s Syyriassa, Kuubassa ja Iranissa, joissa Ven\u00e4j\u00e4n sotilaallinen, tiedustelullinen ja tekninen tuki on joko hiipunut tai j\u00e4\u00e4nyt kokonaan saamatta.<\/p>\n<p class=\"paragraph\">Syyrian diktaattori <a href=\"https:\/\/www.iltalehti.fi\/henkilot\/Ba\u0161ar al-Assad\" class=\"article-link-person-page\" rel=\"nofollow noopener\" target=\"_blank\">Ba\u0161ar al-Assad<\/a> pakeni Moskovaan jo joulukuussa 2024 sen j\u00e4lkeen, kun kapinallisjoukot eteniv\u00e4t nopeasti p\u00e4\u00e4kaupunki Damaskokseen.<\/p>\n<p class=\"paragraph\">Kuuba puolestaan kamppailee syvenev\u00e4n humanitaarisen kriisin kanssa ilman merkitt\u00e4v\u00e4\u00e4 ulkopuolista tukea.<\/p>\n<p class=\"paragraph\">Iranissa k\u00e4ynniss\u00e4 on parhaillaan massiivisia protesteja maan teokraattista  diktatuurihallintoa vastaan.<\/p>\n<p>Ihmisi\u00e4 mielenosoituksessa Iranin p\u00e4\u00e4kaupungissa Teheranissa 12. tammikuuta. ZumaWire \/ MVPHOTOS<\/p>\n<p>Fiasko Venezuelassa<\/p>\n<p class=\"paragraph\">Selkein symboli Ven\u00e4j\u00e4n kyvytt\u00f6myydest\u00e4 ja haluttomuudesta suojella liittolaisiaan on Venezuelan entinen presidentti <a href=\"https:\/\/www.iltalehti.fi\/henkilot\/Nicol\u00e1s Maduro\" class=\"article-link-person-page\" rel=\"nofollow noopener\" target=\"_blank\">Nicol\u00e1s Maduro<\/a>, joka viruu t\u00e4ll\u00e4 hetkell\u00e4 newyorkilaisessa vankilassa. Yhdysvaltojen erikoisjoukot ottivat Maduron ja t\u00e4m\u00e4n puolison <strong>Cilia Floresin<\/strong> kiinni tammikuun alussa.<\/p>\n<p class=\"paragraph\">Bloombergin mukaan Venezuelassa tyrmistyst\u00e4 aiheuttaa se, etteiv\u00e4t Kuuban ja Ven\u00e4j\u00e4n tiedustelupalvelut kyenneet tunnistamaan uhkaa tai est\u00e4m\u00e4\u00e4n Maduron kaappausta.<\/p>\n<p class=\"paragraph\">Itsevaltaisen Maduron henkil\u00f6kohtainen turvallisuus oli pitk\u00e4lti kuubalaisten tiedusteluviranomaisten vastuulla. Kuuban hallitus on vahvistanut 32 kansalaisensa kuolleen Yhdysvaltojen operaation aikana.<\/p>\n<p class=\"paragraph\">L\u00e4hteiden mukaan tapaus on romahduttanut luottamuksen Venezuelan, Kuuban ja Ven\u00e4j\u00e4n v\u00e4liseen turvallisuusyhteisty\u00f6h\u00f6n.<\/p>\n<p class=\"paragraph\">Venezuelassa ihmetell\u00e4\u00e4n my\u00f6s Ven\u00e4j\u00e4n toimittamien S-300- ja Buk-M2-ilmatorjuntaj\u00e4rjestelmien hy\u00f6dytt\u00f6myytt\u00e4 sek\u00e4 puutteellista teknist\u00e4 ja kyberturvallisuustukea. Yhdysvaltojen kyberoperaatioiden kerrotaan aiheuttaneen laajoja s\u00e4hk\u00f6katkoja p\u00e4\u00e4kaupunki Caracasissa.<\/p>\n<p class=\"paragraph\">Maduron seuraajaksi nimetyll\u00e4 <strong>Delcy Rodr\u00edguezilla<\/strong> on nyt vain rajallisesti vaihtoehtoja. H\u00e4nen kerrotaan harkitsevan suhteiden l\u00e4hent\u00e4mist\u00e4 Yhdysvaltoihin Ven\u00e4j\u00e4n ja Kuuban kustannuksella.<\/p>\n<p class=\"paragraph\">Kreml ei ole kommentoinut julkisesti Maduron vangitsemista. Ven\u00e4j\u00e4n ulkoministeri\u00f6 tyytyi muodolliseen lausuntoon, jossa Yhdysvaltojen toimia arvostellaan kansainv\u00e4lisen oikeuden vastaisiksi.<\/p>\n","protected":false},"excerpt":{"rendered":"Liittolaiset ovat pettyneit\u00e4 Kremlin kykyyn ja haluun auttaa silloin, kun tilanne sit\u00e4 vaatisi. Vladimir Putin tapasi Nicol\u00e1s Maduron&hellip;\n","protected":false},"author":2,"featured_media":143231,"comment_status":"","ping_status":"","sticky":false,"template":"","format":"standard","meta":{"footnotes":""},"categories":[14],"tags":[35,22,23,26,27,33,31,30,17,24,25,28,29,15,18,21,637,144,32,19,20,56,16,1262,1665,59,60,61,13032],"class_list":{"0":"post-143230","1":"post","2":"type-post","3":"status-publish","4":"format-standard","5":"has-post-thumbnail","7":"category-ulkomaat","8":"tag-24h","9":"tag-breaking-news","10":"tag-breakingnews","11":"tag-featured-news","12":"tag-featurednews","13":"tag-fi","14":"tag-finland","15":"tag-finnish","16":"tag-headlines","17":"tag-latest-news","18":"tag-latestnews","19":"tag-main-news","20":"tag-mainnews","21":"tag-news","22":"tag-otsikot","23":"tag-paauutiset","24":"tag-politiikka","25":"tag-presidentti","26":"tag-suomi","27":"tag-top-stories","28":"tag-topstories","29":"tag-ulkomaat","30":"tag-uutiset","31":"tag-venajan-politiikka","32":"tag-venalaiset-poliitikot","33":"tag-world","34":"tag-world-news","35":"tag-worldnews","36":"tag-yhtenainen-venaja-puolue"},"share_on_mastodon":{"url":"https:\/\/pubeurope.com\/@fi\/115900168560036305","error":""},"_links":{"self":[{"href":"https:\/\/www.europesays.com\/fi\/wp-json\/wp\/v2\/posts\/143230","targetHints":{"allow":["GET"]}}],"collection":[{"href":"https:\/\/www.europesays.com\/fi\/wp-json\/wp\/v2\/posts"}],"about":[{"href":"https:\/\/www.europesays.com\/fi\/wp-json\/wp\/v2\/types\/post"}],"author":[{"embeddable":true,"href":"https:\/\/www.europesays.com\/fi\/wp-json\/wp\/v2\/users\/2"}],"replies":[{"embeddable":true,"href":"https:\/\/www.europesays.com\/fi\/wp-json\/wp\/v2\/comments?post=143230"}],"version-history":[{"count":0,"href":"https:\/\/www.europesays.com\/fi\/wp-json\/wp\/v2\/posts\/143230\/revisions"}],"wp:featuredmedia":[{"embeddable":true,"href":"https:\/\/www.europesays.com\/fi\/wp-json\/wp\/v2\/media\/143231"}],"wp:attachment":[{"href":"https:\/\/www.europesays.com\/fi\/wp-json\/wp\/v2\/media?parent=143230"}],"wp:term":[{"taxonomy":"category","embeddable":true,"href":"https:\/\/www.europesays.com\/fi\/wp-json\/wp\/v2\/categories?post=143230"},{"taxonomy":"post_tag","embeddable":true,"href":"https:\/\/www.europesays.com\/fi\/wp-json\/wp\/v2\/tags?post=143230"}],"curies":[{"name":"wp","href":"https:\/\/api.w.org\/{rel}","templated":true}]}}