{"id":143238,"date":"2026-01-15T17:09:09","date_gmt":"2026-01-15T17:09:09","guid":{"rendered":"https:\/\/www.europesays.com\/fi\/143238\/"},"modified":"2026-01-15T17:09:09","modified_gmt":"2026-01-15T17:09:09","slug":"urheilugaala-tassa-nayttavimmat-asut-ilta-sanomat","status":"publish","type":"post","link":"https:\/\/www.europesays.com\/fi\/143238\/","title":{"rendered":"Urheilugaala: T\u00e4ss\u00e4 n\u00e4ytt\u00e4vimm\u00e4t asut &#8211; Ilta-Sanomat"},"content":{"rendered":"<p>Urheilugaalan punaisella matolla n\u00e4htiin tuttuun tyyliin lukuisia n\u00e4ytt\u00e4vi\u00e4 asukokonaisuuksia. T\u00e4n\u00e4 vuonna monet p\u00e4\u00e4tyiv\u00e4t kierr\u00e4tettyyn asuun.<\/p>\n<p class=\"article-body mb-nof-24 px-nof-16\">Urheilijat ja kutsuvieraat laittoivat ykk\u00f6set p\u00e4\u00e4lle Urheilugaalan punaiselle matolle torstaina. Alla olevassa kuvagalleriassa esitell\u00e4\u00e4n illan upeimmat asut.<\/p>\n<p><img decoding=\"async\" src=\"https:\/\/www.europesays.com\/fi\/wp-content\/uploads\/2026\/01\/1768496947_334_468.jpg\" alt=\"Seiv\u00e4shypp\u00e4\u00e4j\u00e4 Wilma Murto hymyili kuvaajille punaisella matolla.\" class=\"_Img_1rerz_1\" style=\"aspect-ratio:0.6666666666666666\" loading=\"eager\"\/><\/p>\n<p class=\"article-picture-caption\">Seiv\u00e4shypp\u00e4\u00e4j\u00e4 Wilma Murto hymyili kuvaajille punaisella matolla. Kuva:\u00a0Rio Gandara \/ HS<\/p>\n<p><img decoding=\"async\" src=\"https:\/\/www.europesays.com\/fi\/wp-content\/uploads\/2026\/01\/1768496947_166_468.jpg\" alt=\"Wilma Murron mekosta roikkui simpukoita.\" class=\"_Img_1rerz_1\" style=\"aspect-ratio:0.6666666666666666\" loading=\"eager\"\/><\/p>\n<p class=\"article-picture-caption\">Wilma Murron mekosta roikkui simpukoita. Kuva:\u00a0Rio Gandara \/ HS<\/p>\n<p><img decoding=\"async\" src=\"https:\/\/www.europesays.com\/fi\/wp-content\/uploads\/2026\/01\/1768496947_238_468.jpg\" alt=\"Kansanedustaja Ritva \u201dKike\u201d Elomaa (ps) saapui punaiselle matolle pukeutuneena takkiin, jota koristaa h\u00e4nen koiriensa kuvat. Elomaan k\u00e4dess\u00e4 oleva pieni iltalaukku on n\u00e4hty h\u00e4nen mukanaan my\u00f6s Linnan juhlissa.\" class=\"_Img_1rerz_1\" style=\"aspect-ratio:0.6666666666666666\" loading=\"eager\"\/><\/p>\n<p class=\"article-picture-caption\">Kansanedustaja Ritva \u201dKike\u201d Elomaa (ps) saapui punaiselle matolle pukeutuneena takkiin, jota koristaa h\u00e4nen koiriensa kuvat. Elomaan k\u00e4dess\u00e4 oleva pieni iltalaukku on n\u00e4hty h\u00e4nen mukanaan my\u00f6s Linnan juhlissa. Kuva:\u00a0Rio Gandara \/ HS<\/p>\n<p><img decoding=\"async\" src=\"https:\/\/www.europesays.com\/fi\/wp-content\/uploads\/2026\/01\/1768496948_165_468.jpg\" alt=\"Laulaja Vestan asussa oli vahva Suomi-teema.\" class=\"_Img_1rerz_1\" style=\"aspect-ratio:0.6666666666666666\" loading=\"eager\"\/><\/p>\n<p class=\"article-picture-caption\">Laulaja Vestan asussa oli vahva Suomi-teema. Kuva:\u00a0Rio Gandara \/ HS<\/p>\n<p><img decoding=\"async\" src=\"https:\/\/www.europesays.com\/fi\/wp-content\/uploads\/2026\/01\/1768496948_376_468.jpg\" alt=\"Minna Kauppi ja Sipe Santapukki.\" class=\"_Img_1rerz_1\" style=\"aspect-ratio:0.6666666666666666\" loading=\"eager\"\/><\/p>\n<p class=\"article-picture-caption\">Minna Kauppi ja Sipe Santapukki. Kuva:\u00a0Rio Gandara \/ HS<\/p>\n<p><img decoding=\"async\" src=\"https:\/\/www.europesays.com\/fi\/wp-content\/uploads\/2026\/01\/1768496948_73_468.jpg\" alt=\"Urheilutoimittaja Laura Arffman l\u00f6ysi kauniin valkoisen mekon Ylen puvustamosta. H\u00e4n kertoi, ett\u00e4 mekko tehtiin alunperin esiintymisasuksi UMK:hon. H\u00e4n ei toki tied\u00e4 kelle ja milloin.\" class=\"_Img_1rerz_1\" style=\"aspect-ratio:0.6666666666666666\" loading=\"eager\"\/><\/p>\n<p class=\"article-picture-caption\">Urheilutoimittaja Laura Arffman l\u00f6ysi kauniin valkoisen mekon Ylen puvustamosta. H\u00e4n kertoi, ett\u00e4 mekko tehtiin alunperin esiintymisasuksi UMK:hon. H\u00e4n ei toki tied\u00e4 kelle ja milloin. Kuva:\u00a0Rio Gandara \/ HS<\/p>\n<p><img decoding=\"async\" src=\"https:\/\/www.europesays.com\/fi\/wp-content\/uploads\/2026\/01\/1768496948_456_468.jpg\" alt=\"Urheilutoimittaja Mervi Kallio l\u00f6ysi mustan n\u00e4ytt\u00e4v\u00e4n haalarin alennusmyynnist\u00e4 lontoolaisesta liikkeest\u00e4.\" class=\"_Img_1rerz_1\" style=\"aspect-ratio:0.6666666666666666\" loading=\"eager\"\/><\/p>\n<p class=\"article-picture-caption\">Urheilutoimittaja Mervi Kallio l\u00f6ysi mustan n\u00e4ytt\u00e4v\u00e4n haalarin alennusmyynnist\u00e4 lontoolaisesta liikkeest\u00e4. Kuva:\u00a0Rio Gandara \/ HS<\/p>\n<p><img decoding=\"async\" src=\"https:\/\/www.europesays.com\/fi\/wp-content\/uploads\/2026\/01\/1768496948_474_468.jpg\" alt=\"Kallion haalarissa on n\u00e4ytt\u00e4v\u00e4t kimaltavat yksityiskohdat.\" class=\"_Img_1rerz_1\" style=\"aspect-ratio:0.6666666666666666\" loading=\"eager\"\/><\/p>\n<p class=\"article-picture-caption\">Kallion haalarissa on n\u00e4ytt\u00e4v\u00e4t kimaltavat yksityiskohdat. Kuva:\u00a0Rio Gandara \/ HS<\/p>\n<p><img decoding=\"async\" src=\"https:\/\/www.europesays.com\/fi\/wp-content\/uploads\/2026\/01\/1768496949_322_468.jpg\" alt=\"Martti Puumalainen, Aleksi Valavuori, Juha Per\u00e4l\u00e4 ja Kalle Palander.\" class=\"_Img_1rerz_1\" style=\"aspect-ratio:1.5\" loading=\"eager\"\/><\/p>\n<p class=\"article-picture-caption\">Martti Puumalainen, Aleksi Valavuori, Juha Per\u00e4l\u00e4 ja Kalle Palander. Kuva:\u00a0Rio Gandara \/ HS<\/p>\n<p><img decoding=\"async\" src=\"https:\/\/www.europesays.com\/fi\/wp-content\/uploads\/2026\/01\/1768496949_923_468.jpg\" alt=\"Liikunta-, urheilu- ja nuorisoministeri Mika Poutala ja saapui matolla vaimonsa Sanni Poutala kanssa. Sanni Poutala kertoi, ett\u00e4 h\u00e4nen p\u00e4\u00e4ll\u00e4\u00e4n oleva mekko on sama kuin mit\u00e4 h\u00e4n k\u00e4ytti kaksi vuotta sitten Linnan juhlissa.\" class=\"_Img_1rerz_1\" style=\"aspect-ratio:0.6666666666666666\" loading=\"eager\"\/><\/p>\n<p class=\"article-picture-caption\">Liikunta-, urheilu- ja nuorisoministeri Mika Poutala ja saapui matolla vaimonsa Sanni Poutala kanssa. Sanni Poutala kertoi, ett\u00e4 h\u00e4nen p\u00e4\u00e4ll\u00e4\u00e4n oleva mekko on sama kuin mit\u00e4 h\u00e4n k\u00e4ytti kaksi vuotta sitten Linnan juhlissa. Kuva:\u00a0Rio Gandara \/ HS<\/p>\n<p><img decoding=\"async\" src=\"https:\/\/www.europesays.com\/fi\/wp-content\/uploads\/2026\/01\/1768496949_24_468.jpg\" alt=\"Emma Kimil\u00e4isen kaulakoru on tamperelaisen Nagual korun k\u00e4sialaa.\" class=\"_Img_1rerz_1\" style=\"aspect-ratio:0.6666666666666666\" loading=\"eager\"\/><\/p>\n<p class=\"article-picture-caption\">Emma Kimil\u00e4isen kaulakoru on tamperelaisen Nagual korun k\u00e4sialaa. Kuva:\u00a0Rio Gandara \/ HS<\/p>\n<p><img decoding=\"async\" src=\"https:\/\/www.europesays.com\/fi\/wp-content\/uploads\/2026\/01\/1768496949_486_468.jpg\" alt=\"Kimil\u00e4isen mielest\u00e4 koru muistuttaa kahta m-kirjainta eli maailmanmestaruutta.\" class=\"_Img_1rerz_1\" style=\"aspect-ratio:0.6666666666666666\" loading=\"eager\"\/><\/p>\n<p class=\"article-picture-caption\">Kimil\u00e4isen mielest\u00e4 koru muistuttaa kahta m-kirjainta eli maailmanmestaruutta. Kuva:\u00a0Rio Gandara \/ HS<\/p>\n<p><img decoding=\"async\" src=\"https:\/\/www.europesays.com\/fi\/wp-content\/uploads\/2026\/01\/1768496949_85_468.jpg\" alt=\"Piritta Hagman.\" class=\"_Img_1rerz_1\" style=\"aspect-ratio:0.6666666666666666\" loading=\"eager\"\/><\/p>\n<p class=\"article-picture-caption\">Piritta Hagman. Kuva:\u00a0Rio Gandara \/ HS<\/p>\n","protected":false},"excerpt":{"rendered":"Urheilugaalan punaisella matolla n\u00e4htiin tuttuun tyyliin lukuisia n\u00e4ytt\u00e4vi\u00e4 asukokonaisuuksia. T\u00e4n\u00e4 vuonna monet p\u00e4\u00e4tyiv\u00e4t kierr\u00e4tettyyn asuun. Urheilijat ja kutsuvieraat&hellip;\n","protected":false},"author":2,"featured_media":143239,"comment_status":"","ping_status":"","sticky":false,"template":"","format":"standard","meta":{"footnotes":""},"categories":[136],"tags":[407,137,33,31,30,34,408,32,109],"class_list":{"0":"post-143238","1":"post","2":"type-post","3":"status-publish","4":"format-standard","5":"has-post-thumbnail","7":"category-julkkikset","8":"tag-celebrities","9":"tag-entertainment","10":"tag-fi","11":"tag-finland","12":"tag-finnish","13":"tag-ilta-sanomat","14":"tag-julkkikset","15":"tag-suomi","16":"tag-viihde"},"share_on_mastodon":{"url":"https:\/\/pubeurope.com\/@fi\/115900223658516749","error":""},"_links":{"self":[{"href":"https:\/\/www.europesays.com\/fi\/wp-json\/wp\/v2\/posts\/143238","targetHints":{"allow":["GET"]}}],"collection":[{"href":"https:\/\/www.europesays.com\/fi\/wp-json\/wp\/v2\/posts"}],"about":[{"href":"https:\/\/www.europesays.com\/fi\/wp-json\/wp\/v2\/types\/post"}],"author":[{"embeddable":true,"href":"https:\/\/www.europesays.com\/fi\/wp-json\/wp\/v2\/users\/2"}],"replies":[{"embeddable":true,"href":"https:\/\/www.europesays.com\/fi\/wp-json\/wp\/v2\/comments?post=143238"}],"version-history":[{"count":0,"href":"https:\/\/www.europesays.com\/fi\/wp-json\/wp\/v2\/posts\/143238\/revisions"}],"wp:featuredmedia":[{"embeddable":true,"href":"https:\/\/www.europesays.com\/fi\/wp-json\/wp\/v2\/media\/143239"}],"wp:attachment":[{"href":"https:\/\/www.europesays.com\/fi\/wp-json\/wp\/v2\/media?parent=143238"}],"wp:term":[{"taxonomy":"category","embeddable":true,"href":"https:\/\/www.europesays.com\/fi\/wp-json\/wp\/v2\/categories?post=143238"},{"taxonomy":"post_tag","embeddable":true,"href":"https:\/\/www.europesays.com\/fi\/wp-json\/wp\/v2\/tags?post=143238"}],"curies":[{"name":"wp","href":"https:\/\/api.w.org\/{rel}","templated":true}]}}