{"id":143248,"date":"2026-01-15T17:17:07","date_gmt":"2026-01-15T17:17:07","guid":{"rendered":"https:\/\/www.europesays.com\/fi\/143248\/"},"modified":"2026-01-15T17:17:07","modified_gmt":"2026-01-15T17:17:07","slug":"marita-taavitsainen-ja-charlotta-saaren-pimea-illallinen-porvoossa-mita-he-soivat","status":"publish","type":"post","link":"https:\/\/www.europesays.com\/fi\/143248\/","title":{"rendered":"Marita Taavitsainen ja Charlotta Saaren pime\u00e4 illallinen Porvoossa \u2013 mit\u00e4 he s\u00f6iv\u00e4t?"},"content":{"rendered":"<p>\n            (240119) &#8212; Helsinki, January 19, 2024 \u2013 Marita Taavitsainen poses for the camera during her interview for Seiska in Helsinki, Finland, 19. January  2024. (Matti Matikainen\/Aller Media)<br \/>\n            Matti Matikainen\n        <\/p>\n<p class=\"subtitle \">Marita ja kollega eiv\u00e4t tied\u00e4, mit\u00e4 olivat juuri sy\u00f6neet.<\/p>\n<p class=\"article-content article-content-width !bg-background\">Vuoden 2023\u00a0tangokuningattaren  Instagram-tililt\u00e4 ilmenee, miten h\u00e4nen kuningatarkollegansa vuodelta 1995  on ollut uneliaana sy\u00f6m\u00e4ss\u00e4 illallista, josta ei tied\u00e4, mit\u00e4 s\u00f6i.<\/p>\n<p class=\"font-weight-bold m-font-weight-bold article-content article-content-width !bg-background\">Arkistovideo: kes\u00e4ll\u00e4 Marita ei kaipaillut parisuhdetta<\/p>\n<p class=\"article-content article-content-width !bg-background\">Kaksikko on Porvoon y\u00f6ss\u00e4 illastanut niin sanotussa pime\u00e4ss\u00e4 ravintolassa. Kyse ei ole salaisesta tai luvattomasta huvista, vaan illallinen on tarjottu vieraille pime\u00e4ss\u00e4.<\/p>\n<p class=\"article-content article-content-width !bg-background\">Charlotta ja Marita siis eiv\u00e4t ole n\u00e4hneet, millaisia herkkuja saivat puputtaa nautinnokseen. Vain maku, tuoksu ja suutuntuma ovat olleet tiedossa.<\/p>\n<p>Hersyv\u00e4 analyysi<\/p>\n<p class=\"article-content article-content-width !bg-background\">Laulajat pist\u00e4v\u00e4t hullutteluksi palatessaan pitikin pakkaslumesta narskuvia Porvoon katuja ja lukiessaan j\u00e4lkik\u00e4teen, mit\u00e4 tuli sy\u00f6ty\u00e4. Hauskojen esiintyjien dialogi pime\u00e4n illallisen j\u00e4lkeen on hersyv\u00e4\u00e4 kuultavaa.<\/p>\n<p class=\"article-content article-content-width !bg-background\">\u2013 Sorsankoipi, Charlotta huudahtaa listan ensimm\u00e4isen rivin luettuaan.<\/p>\n<p class=\"article-content article-content-width !bg-background\">\u2013 T\u00e4h?! Marita vastaa ep\u00e4luuloisena.<\/p>\n<p class=\"article-content article-content-width !bg-background\">\u2013 Joo&#8217;o, Charlotta huudahtaa.<\/p>\n<p class=\"article-content article-content-width !bg-background\">\u2013 Mutta se oli hyv\u00e4\u00e4, Marita kommentoi kuin unisena.<\/p>\n<p class=\"article-content article-content-width !bg-background\">\u2013 Ja me luultiin, ett\u00e4 se oli juustopallo, Charlotta nauraa.<\/p>\n<p>        <a itemprop=\"url\" href=\"https:\/\/www.seiska.fi\/kotimaa\/marita-taavitsainen-sekosin-lopullisesti\/1992700\" rel=\"nofollow noopener\" target=\"_blank\"><\/p>\n<p>\nMarita Taavitsaiselta yll\u00e4tt\u00e4v\u00e4 paljastus:\n<\/p>\n<p class=\"section-date\">\n        <strong class=\"article-section\" data-section=\"kotimaa\"><br \/>\n            kotimaa<br \/>\n        <\/strong><br \/>\n        13.11.2025 20:30\n    <\/p>\n<p>Marita Taavitsainen: &#8221;sekosin lopullisesti&#8221;\n    <\/p>\n<p itemprop=\"description\" class=\"subtitle \">\n    Marita ei rahassa pihtaillut.\n<\/p>\n<p>        <\/a><\/p>\n<p class=\"article-content article-content-width !bg-background\">Seuraavana ruokalistalla \u00e4yri\u00e4is-kalakeitto. Siit\u00e4 Charlotta toteaa ykskantaan &#8221;Hyi&#8221;, mutta ei j\u00e4\u00e4 asiaa \u00f6kl\u00f6ttelem\u00e4\u00e4n. Tuskin annos siis pahaa on ollut.<\/p>\n<p class=\"article-content article-content-width !bg-background\">\u2013 M\u00e4 sain kaikki Maritan perunat, s\u00e4 s\u00f6it ne kalat, Charlotta selostaa.<\/p>\n<p class=\"article-content article-content-width !bg-background\">\u2013 S\u00e4 my\u00f6skin kuorit ne perunat&#8230;, Marita toteaa matalalla \u00e4\u00e4nell\u00e4 ihmetellen.<\/p>\n<p class=\"article-content article-content-width !bg-background\">\u2013 Vika oli mustikkaj\u00e4\u00e4tel\u00f6, Charlotta sanoo tomerasti.<\/p>\n<p class=\"article-content article-content-width !bg-background\">\u2013 Ai, se olikin j\u00e4\u00e4tel\u00f6? Marita toteaa rauhassa, kenties ajatuksissaan.<\/p>\n<p>        <a itemprop=\"url\" href=\"https:\/\/www.seiska.fi\/kotimaa\/seiska-pelasti-marita-taavitsaisen-kruunun\/1941846\" rel=\"nofollow noopener\" target=\"_blank\"><\/p>\n<p>\nHinta yll\u00e4tt\u00e4\u00e4!\n<\/p>\n<p class=\"section-date\">\n        <strong class=\"article-section\" data-section=\"kotimaa\"><br \/>\n            kotimaa<br \/>\n        <\/strong><br \/>\n        26.9.2025 08:59\n    <\/p>\n<p>Seiska pelasti Marita Taavitsaisen kruunun!\n    <\/p>\n<p itemprop=\"description\" class=\"subtitle \">\n    Muistatko n\u00e4hneesi t\u00e4m\u00e4n kruunun Maritan kutreilla?\n<\/p>\n<p>        <\/a><\/p>\n<p class=\"article-content article-content-width !bg-background\">\u2013 Semmonen! Eik\u00e4 maksanut kuin kaks kymppi\u00e4, Charlotta nauraa ja napauttaa hauskasti lukemaansa ruokalistaa.<\/p>\n<p class=\"article-content article-content-width !bg-background\"><a href=\"https:\/\/www.instagram.com\/stories\/charlottasaari\/3810055579977170434\/\" target=\"_blank\" rel=\"nofollow noopener\">Charlotta on julkaissut videon Instagram-tarinana<\/a>. Tarinat poistuvat palvelusta 24 tunnin kuluttua julkaisustaan.<\/p>\n<p>Musiikkialan kaverukset<\/p>\n<p class=\"article-content article-content-width !bg-background\">Charlotta saari on paitsi laulaja, my\u00f6s kynsiteknikko ja valokuvaaja. Kolme vuotta sitten kes\u00e4ll\u00e4 kruunun kutreilleen Sein\u00e4joen tangolaulukilpailussa saanut Charlotta oli voittop\u00e4iv\u00e4n\u00e4\u00e4n vasta 22-vuotias.<\/p>\n<p>        <a itemprop=\"url\" href=\"https:\/\/www.seiska.fi\/kotimaa\/marita-taavitsainen-tangokuningattaren-kruunu-myynnissa\/1940482\" rel=\"nofollow noopener\" target=\"_blank\"><\/p>\n<p>\nMarita Taavitsainen\n<\/p>\n<p class=\"section-date\">\n        <strong class=\"article-section\" data-section=\"kotimaa\"><br \/>\n            kotimaa<br \/>\n        <\/strong><br \/>\n        24.9.2025 16:30\n    <\/p>\n<p>Marita Taavitsainen: Tangokuningattaren kruunu myynniss\u00e4!\n    <\/p>\n<p itemprop=\"description\" class=\"subtitle \">\n    Laulaja avaa Seiskalle tunnelmansa my\u00f6s miesten suhteen.\n<\/p>\n<p>        <\/a><\/p>\n<p class=\"article-content article-content-width !bg-background\">Marita nousi julkisuuteen jo 1995 tangokuningattarena, mutta lopullinen l\u00e4pimurto syntyi iskelm\u00e4lavoilla. H\u00e4n voitti Syksyn s\u00e4velen vuonna 1993 sittemmin tavaramerkikseen tulleella Andr\u00e9-hitill\u00e4\u00e4n.<\/p>\n<p class=\"article-content article-content-width !bg-background\">Yli 30-vutisen uran tehnyt Marita on nyky\u00e4\u00e4n 57-vuotias\u00a0<\/p>\n<p>        <a itemprop=\"url\" href=\"https:\/\/www.seiska.fi\/kotimaa\/marita-taavitsainen-yllattava-ulostulo-parisuhdetilanteesta\/1937627\" rel=\"nofollow noopener\" target=\"_blank\"><\/p>\n<p>\nMarita Taavitsainen\n<\/p>\n<p class=\"section-date\">\n        <strong class=\"article-section\" data-section=\"kotimaa\"><br \/>\n            kotimaa<br \/>\n        <\/strong><br \/>\n        21.9.2025 17:30\n    <\/p>\n<p>Marita Taavitsainen: Yll\u00e4tt\u00e4v\u00e4 ulostulo parisuhdetilanteesta\n    <\/p>\n<p itemprop=\"description\" class=\"subtitle \">\n    Marita erosi aviomiehest\u00e4\u00e4n vuonna 2018.\n<\/p>\n<p>        <\/a><\/p>\n<p><script async src=\"\/\/www.instagram.com\/embed.js\"><\/script><\/p>\n","protected":false},"excerpt":{"rendered":"(240119) &#8212; Helsinki, January 19, 2024 \u2013 Marita Taavitsainen poses for the camera during her interview for Seiska&hellip;\n","protected":false},"author":2,"featured_media":143249,"comment_status":"","ping_status":"","sticky":false,"template":"","format":"standard","meta":{"footnotes":""},"categories":[130],"tags":[24562,137,33,31,30,20179,4298,8575,1006,5159,7813,47,3018,900,1770,32,6187,6188,7815,201,109],"class_list":{"0":"post-143248","1":"post","2":"type-post","3":"status-publish","4":"format-standard","5":"has-post-thumbnail","7":"category-viihde","8":"tag-charlotta-saari","9":"tag-entertainment","10":"tag-fi","11":"tag-finland","12":"tag-finnish","13":"tag-hauska-video","14":"tag-huumori","15":"tag-illallinen","16":"tag-iskelma","17":"tag-laulaja","18":"tag-marita-taavitsainen","19":"tag-musiikki","20":"tag-muusikko","21":"tag-ruoka","22":"tag-ruoka_ja_juoma","23":"tag-suomi","24":"tag-tango","25":"tag-tangokuningatar","26":"tag-tangokuninkaalliset","27":"tag-ura","28":"tag-viihde"},"share_on_mastodon":{"url":"https:\/\/pubeurope.com\/@fi\/115900254995004861","error":""},"_links":{"self":[{"href":"https:\/\/www.europesays.com\/fi\/wp-json\/wp\/v2\/posts\/143248","targetHints":{"allow":["GET"]}}],"collection":[{"href":"https:\/\/www.europesays.com\/fi\/wp-json\/wp\/v2\/posts"}],"about":[{"href":"https:\/\/www.europesays.com\/fi\/wp-json\/wp\/v2\/types\/post"}],"author":[{"embeddable":true,"href":"https:\/\/www.europesays.com\/fi\/wp-json\/wp\/v2\/users\/2"}],"replies":[{"embeddable":true,"href":"https:\/\/www.europesays.com\/fi\/wp-json\/wp\/v2\/comments?post=143248"}],"version-history":[{"count":0,"href":"https:\/\/www.europesays.com\/fi\/wp-json\/wp\/v2\/posts\/143248\/revisions"}],"wp:featuredmedia":[{"embeddable":true,"href":"https:\/\/www.europesays.com\/fi\/wp-json\/wp\/v2\/media\/143249"}],"wp:attachment":[{"href":"https:\/\/www.europesays.com\/fi\/wp-json\/wp\/v2\/media?parent=143248"}],"wp:term":[{"taxonomy":"category","embeddable":true,"href":"https:\/\/www.europesays.com\/fi\/wp-json\/wp\/v2\/categories?post=143248"},{"taxonomy":"post_tag","embeddable":true,"href":"https:\/\/www.europesays.com\/fi\/wp-json\/wp\/v2\/tags?post=143248"}],"curies":[{"name":"wp","href":"https:\/\/api.w.org\/{rel}","templated":true}]}}