{"id":143254,"date":"2026-01-15T17:22:09","date_gmt":"2026-01-15T17:22:09","guid":{"rendered":"https:\/\/www.europesays.com\/fi\/143254\/"},"modified":"2026-01-15T17:22:09","modified_gmt":"2026-01-15T17:22:09","slug":"pihtiputaalla-tulipalo-rivitalossa-palo-syttyi-asunnon-liedelta-keski-suomi","status":"publish","type":"post","link":"https:\/\/www.europesays.com\/fi\/143254\/","title":{"rendered":"Pihtiputaalla tulipalo rivitalossa \u2013 palo syttyi asunnon liedelt\u00e4 | Keski-Suomi"},"content":{"rendered":"<p>Pihtiputaalla syttyi torstaina tulipalo rivitalossa, Keski-Suomen pelastuslaitokselta kerrotaan.<\/p>\n<p>Tulipalo syttyi kolmen asunnon rivitalon yhdess\u00e4 huoneistossa P\u00e4\u00e4kk\u00f6l\u00e4ntiell\u00e4. Palo syttyi asunnon liedelt\u00e4.<\/p>\n<p>Asunnossa oli palon syttyess\u00e4 aikuinen ja kaksi lasta, jotka poistuivat omatoimisesti ulos ennen pelastuslaitoksen saapumista. Ensihoito varmisti asukkaiden voinnin ja he eiv\u00e4t loukkaantuneet palossa. Palaneen asunnon asukkaille on j\u00e4rjestynyt tilap\u00e4ismajoitus. <\/p>\n<p>Pelastuslaitos sammutti palon ja varmisti, ettei palo levinnyt rakennuksen muihin huoneistoihin. Rakennuksen muut asunnot eiv\u00e4t vaurioituneet tulipalossa.<\/p>\n<p>Keski-Suomen pelastuslaitos sai suuren vasteen h\u00e4lytyksen rakennuspalosta iltaviiden j\u00e4lkeen. Paikalle h\u00e4lytettiin 13 yksikk\u00f6\u00e4.<\/p>\n","protected":false},"excerpt":{"rendered":"Pihtiputaalla syttyi torstaina tulipalo rivitalossa, Keski-Suomen pelastuslaitokselta kerrotaan. Tulipalo syttyi kolmen asunnon rivitalon yhdess\u00e4 huoneistossa P\u00e4\u00e4kk\u00f6l\u00e4ntiell\u00e4. Palo syttyi&hellip;\n","protected":false},"author":2,"featured_media":143255,"comment_status":"","ping_status":"","sticky":false,"template":"","format":"standard","meta":{"footnotes":""},"categories":[12],"tags":[22,23,26,27,33,31,30,17,24,25,28,29,15,120,18,21,122,6045,590,103,32,19,20,546,16,796],"class_list":{"0":"post-143254","1":"post","2":"type-post","3":"status-publish","4":"format-standard","5":"has-post-thumbnail","7":"category-suomi","8":"tag-breaking-news","9":"tag-breakingnews","10":"tag-featured-news","11":"tag-featurednews","12":"tag-fi","13":"tag-finland","14":"tag-finnish","15":"tag-headlines","16":"tag-latest-news","17":"tag-latestnews","18":"tag-main-news","19":"tag-mainnews","20":"tag-news","21":"tag-onnettomuustapaus","22":"tag-otsikot","23":"tag-paauutiset","24":"tag-pelastaminen","25":"tag-pihtipudas","26":"tag-saarijarven-viitasaaren-seutukunta","27":"tag-sosiaalikysymykset","28":"tag-suomi","29":"tag-top-stories","30":"tag-topstories","31":"tag-turvallisuus","32":"tag-uutiset","33":"tag-yhteiskunta"},"share_on_mastodon":{"url":"https:\/\/pubeurope.com\/@fi\/115900274839581496","error":""},"_links":{"self":[{"href":"https:\/\/www.europesays.com\/fi\/wp-json\/wp\/v2\/posts\/143254","targetHints":{"allow":["GET"]}}],"collection":[{"href":"https:\/\/www.europesays.com\/fi\/wp-json\/wp\/v2\/posts"}],"about":[{"href":"https:\/\/www.europesays.com\/fi\/wp-json\/wp\/v2\/types\/post"}],"author":[{"embeddable":true,"href":"https:\/\/www.europesays.com\/fi\/wp-json\/wp\/v2\/users\/2"}],"replies":[{"embeddable":true,"href":"https:\/\/www.europesays.com\/fi\/wp-json\/wp\/v2\/comments?post=143254"}],"version-history":[{"count":0,"href":"https:\/\/www.europesays.com\/fi\/wp-json\/wp\/v2\/posts\/143254\/revisions"}],"wp:featuredmedia":[{"embeddable":true,"href":"https:\/\/www.europesays.com\/fi\/wp-json\/wp\/v2\/media\/143255"}],"wp:attachment":[{"href":"https:\/\/www.europesays.com\/fi\/wp-json\/wp\/v2\/media?parent=143254"}],"wp:term":[{"taxonomy":"category","embeddable":true,"href":"https:\/\/www.europesays.com\/fi\/wp-json\/wp\/v2\/categories?post=143254"},{"taxonomy":"post_tag","embeddable":true,"href":"https:\/\/www.europesays.com\/fi\/wp-json\/wp\/v2\/tags?post=143254"}],"curies":[{"name":"wp","href":"https:\/\/api.w.org\/{rel}","templated":true}]}}