{"id":143260,"date":"2026-01-15T17:38:09","date_gmt":"2026-01-15T17:38:09","guid":{"rendered":"https:\/\/www.europesays.com\/fi\/143260\/"},"modified":"2026-01-15T17:38:09","modified_gmt":"2026-01-15T17:38:09","slug":"kuhmolaisille-tuttu-elmeri-the-voice-of-finlandiin-valillla-kaipaan-niita-tunnustaa-han-viniden-ajoista","status":"publish","type":"post","link":"https:\/\/www.europesays.com\/fi\/143260\/","title":{"rendered":"Kuhmolaisille tuttu Elmeri The Voice of Finlandiin \u2013 \u201dV\u00e4lilll\u00e4 kaipaan\u201d niit\u00e4, tunnustaa h\u00e4n Viniden ajoista"},"content":{"rendered":"<p>                                  Ihmiset<\/p>\n<p>                <img loading=\"lazy\" decoding=\"async\" itemprop=\"contentUrl\" class=\"figure-img img-fluid\"  src=\"https:\/\/www.europesays.com\/fi\/wp-content\/uploads\/2026\/01\/1768498688_344_imengine.public.prod.hil.infomaker.io.jpeg\" width=\"1920\" height=\"1080\"  alt=\"\"\/><\/p>\n<p>                                    Elmeri Kinnunen on valittu mukaan tunnettuun laulukilpailuun.<br \/>\n                                                    Kuva:<br \/>\n                    Kalle Caiania<\/p>\n<p>      MAINOS &#8211; juttu jatkuu mainoksen j\u00e4lkeen<\/p>\n<p>      MAINOS &#8211; mainos p\u00e4\u00e4ttyy<\/p>\n<p class=\"ew-body\">Kuhmolaisten hyvin tuntema musiikkimies <strong id=\"strong-ca70a6be768886400e4d743dfde377f3\">Elmeri Kinnunen<\/strong> osallistuu The Voice of Finlandiin. Suositussa laulukilpailussa h\u00e4n esiintyy taiteilijanimell\u00e4\u00e4n Kalle Caiania.<\/p>\n<p class=\"ew-body\">The Voice of Finland py\u00f6r\u00e4ht\u00e4\u00e4 televisioruutuihin uusin jaksoin 23. tammikuuta.<\/p>\n<p class=\"ew-body\">Nelonen kertoo verkkosivullaan, ett\u00e4 kyseess\u00e4 on ohjel<\/p>\n<p>  <a class=\"btn btn-secondary btn-icon-left\" href=\"#coral_thread\"><br \/>\n    <img decoding=\"async\" src=\"https:\/\/www.kuhmolainen.fi\/wp-content\/themes\/hilla-theme\/assets\/img\/icon_comments.svg\" alt=\"\"\/><br \/>\n    Kommentoi<br \/>\n    \u00a0(0)<br \/>\n  <\/a><\/p>\n<p>  <a class=\"btn btn-secondary btn-icon-left mailto_web\" href=\"mailto:toimitus@kuhmolainen.fi?subject=Ilmoita%20asiavirheest%C3%A4&amp;body=Otsikko%3A%20Kuhmolaisille%20tuttu%20Elmeri%20The%20Voice%20of%20Finlandiin%20%E2%80%93%20%E2%80%9DV%C3%A4lilll%C3%A4%20kaipaan%E2%80%9D%20niit%C3%A4%2C%20tunnustaa%20h%C3%A4n%20Viniden%20ajoista%0AUuid%3A%2078753a20-b2c7-4fba-aaf4-93766ca6b606%0AUrl%3A%20https%3A%2F%2Fwww.kuhmolainen.fi%2Fartikkeli%2Fkuhmolaisille-tuttu-elmeri-the-voice-of-finlandiin-valillla-kaipaan-niita-tunnustaa-han-viniden\"><br \/>\n    <img decoding=\"async\" src=\"https:\/\/www.kuhmolainen.fi\/wp-content\/themes\/hilla-theme\/assets\/img\/icon_feedback.svg\" alt=\"\"\/><br \/>\n    Ilmoita asiavirheest\u00e4<br \/>\n  <\/a><\/p>\n","protected":false},"excerpt":{"rendered":"Ihmiset Elmeri Kinnunen on valittu mukaan tunnettuun laulukilpailuun. Kuva: Kalle Caiania MAINOS &#8211; juttu jatkuu mainoksen j\u00e4lkeen MAINOS&hellip;\n","protected":false},"author":2,"featured_media":143261,"comment_status":"","ping_status":"","sticky":false,"template":"","format":"standard","meta":{"footnotes":""},"categories":[133],"tags":[137,33,31,30,32,206,156,109],"class_list":{"0":"post-143260","1":"post","2":"type-post","3":"status-publish","4":"format-standard","5":"has-post-thumbnail","7":"category-televisiot","8":"tag-entertainment","9":"tag-fi","10":"tag-finland","11":"tag-finnish","12":"tag-suomi","13":"tag-televisiot","14":"tag-tv","15":"tag-viihde"},"share_on_mastodon":{"url":"https:\/\/pubeurope.com\/@fi\/115900337570791358","error":""},"_links":{"self":[{"href":"https:\/\/www.europesays.com\/fi\/wp-json\/wp\/v2\/posts\/143260","targetHints":{"allow":["GET"]}}],"collection":[{"href":"https:\/\/www.europesays.com\/fi\/wp-json\/wp\/v2\/posts"}],"about":[{"href":"https:\/\/www.europesays.com\/fi\/wp-json\/wp\/v2\/types\/post"}],"author":[{"embeddable":true,"href":"https:\/\/www.europesays.com\/fi\/wp-json\/wp\/v2\/users\/2"}],"replies":[{"embeddable":true,"href":"https:\/\/www.europesays.com\/fi\/wp-json\/wp\/v2\/comments?post=143260"}],"version-history":[{"count":0,"href":"https:\/\/www.europesays.com\/fi\/wp-json\/wp\/v2\/posts\/143260\/revisions"}],"wp:featuredmedia":[{"embeddable":true,"href":"https:\/\/www.europesays.com\/fi\/wp-json\/wp\/v2\/media\/143261"}],"wp:attachment":[{"href":"https:\/\/www.europesays.com\/fi\/wp-json\/wp\/v2\/media?parent=143260"}],"wp:term":[{"taxonomy":"category","embeddable":true,"href":"https:\/\/www.europesays.com\/fi\/wp-json\/wp\/v2\/categories?post=143260"},{"taxonomy":"post_tag","embeddable":true,"href":"https:\/\/www.europesays.com\/fi\/wp-json\/wp\/v2\/tags?post=143260"}],"curies":[{"name":"wp","href":"https:\/\/api.w.org\/{rel}","templated":true}]}}