{"id":143269,"date":"2026-01-15T17:47:08","date_gmt":"2026-01-15T17:47:08","guid":{"rendered":"https:\/\/www.europesays.com\/fi\/143269\/"},"modified":"2026-01-15T17:47:08","modified_gmt":"2026-01-15T17:47:08","slug":"sisapiirivaite-tama-on-donald-trumpin-terveydentila","status":"publish","type":"post","link":"https:\/\/www.europesays.com\/fi\/143269\/","title":{"rendered":"Sis\u00e4piiriv\u00e4ite: t\u00e4m\u00e4 on Donald Trumpin terveydentila"},"content":{"rendered":"<p>Trumpin l\u00e4hipiirin mukaan tutkimuksissa paljastui jotain poikkeavaa presidentin terveydentilasta.<\/p>\n<p class=\"article-body mb-nof-24 px-nof-16\">Yhdysvaltain presidentin <a class=\"font-bold underline-offset-[0.12em] [text-decoration:var(--person-link-text-decoration)] ![text-decoration-color:var(--person-link-text-decoration-color)]\" href=\"https:\/\/www.is.fi\/haku\/?query=Donald%20Trumpin\" rel=\"nofollow noopener\" target=\"_blank\">Donald Trumpin<\/a>, 79, terveydentila ja elintavat nousevat tasaisin v\u00e4liajoin otsikoihin.<\/p>\n<p class=\"article-body mb-nof-24 px-nof-16\">Nyt Yhdysvaltain terveysministeri <a class=\"font-bold underline-offset-[0.12em] [text-decoration:var(--person-link-text-decoration)] ![text-decoration-color:var(--person-link-text-decoration-color)]\" href=\"https:\/\/www.is.fi\/haku\/?query=Robert%20F.%20Kennedy%20Jr.\" rel=\"nofollow noopener\" target=\"_blank\">Robert F. Kennedy Jr.<\/a> on heitt\u00e4nyt oman lusikkansa soppaan ja puhunut presidentin terveydest\u00e4 Trumpin hallinnon arvoja tukevan <a class=\"underline underline-offset-[0.12em] [text-decoration-thickness:var(--generic-link-underline-thickness)] [text-decoration-color:var(--generic-link-underline-color)] [text-decoration-skip-ink:var(--generic-link-underline-skip-ink)] break-words\" href=\"https:\/\/x.com\/katiemiller\/status\/2011239167943119241?s=46\" rel=\"nofollow\">Katie Miller -podcastin<\/a> jaksossa.<\/p>\n<p class=\"article-body mb-nof-24 px-nof-16\">\u2013 H\u00e4nen terveydentilansa on uskomattoman hyv\u00e4, Kennedy, 71, v\u00e4itt\u00e4\u00e4 podcastissa.<\/p>\n<p><img decoding=\"async\" src=\"https:\/\/www.europesays.com\/fi\/wp-content\/uploads\/2026\/01\/1768499228_386_468.jpg\" alt=\"Robert F. Kennedy Jr. on Yhdysvaltain terveysministeri. H\u00e4net tunnetaan muun muassa rokotekriitikkona ja terveysalan salaliittoteorioiden levitt\u00e4j\u00e4n\u00e4.\" class=\"_Img_1rerz_1\" style=\"aspect-ratio:1.5011727912431587\" loading=\"eager\"\/><\/p>\n<p class=\"article-picture-caption\">Robert F. Kennedy Jr. on Yhdysvaltain terveysministeri. H\u00e4net tunnetaan muun muassa rokotekriitikkona ja terveysalan salaliittoteorioiden levitt\u00e4j\u00e4n\u00e4. Kuva:\u00a0FRANCIS CHUNG \/ POOL<\/p>\n<p class=\"article-body mb-nof-24 px-nof-16\">Kennedyn mukaan l\u00e4\u00e4k\u00e4rill\u00e4 oli hyv\u00e4\u00e4 sanottavaa erityisesti presidentin mieshormonien m\u00e4\u00e4r\u00e4st\u00e4.<\/p>\n<p class=\"article-body mb-nof-24 px-nof-16\">\u2013 H\u00e4nell\u00e4 (Trumpilla) on korkein testosteronitaso, mit\u00e4 kyseinen l\u00e4\u00e4k\u00e4ri on koskaan n\u00e4hnyt yli 70-vuotiaalla.<\/p>\n<p class=\"article-body mb-nof-24 px-nof-16\">Kennedy jatkoi <a class=\"underline underline-offset-[0.12em] [text-decoration-thickness:var(--generic-link-underline-thickness)] [text-decoration-color:var(--generic-link-underline-color)] [text-decoration-skip-ink:var(--generic-link-underline-skip-ink)] break-words\" href=\"https:\/\/people.com\/rfk-jr-comments-trump-testosterone-levels-11885174\" rel=\"nofollow noopener\" target=\"_blank\">People-lehden<\/a> mukaan Trumpin yleisen terveydentilan kehumista. H\u00e4n kuvaili presidentin olevan \u201djumalallisen hyv\u00e4ss\u00e4 kunnossa\u201d, vaikka t\u00e4m\u00e4n elintavoissa ei ole kehumista.<\/p>\n<p class=\"article-body mb-nof-24 px-nof-16\">\u2013 H\u00e4n sy\u00f6 todella huonoa ruokaa. McDonaldsia, karkkia ja kevyt-Coca-Colaa. H\u00e4n juo sit\u00e4 koko ajan. En tied\u00e4, miten h\u00e4n on elossa.<\/p>\n<p class=\"article-body mb-nof-24 px-nof-16\">Testosteroni on hormoni, joka saa aikaan murrosi\u00e4n miehen ollessa teini-i\u00e4ss\u00e4. On normaalia, jos testosteronipitoisuudet laskevat vanhetessa. <a class=\"underline underline-offset-[0.12em] [text-decoration-thickness:var(--generic-link-underline-thickness)] [text-decoration-color:var(--generic-link-underline-color)] [text-decoration-skip-ink:var(--generic-link-underline-skip-ink)] break-words\" href=\"https:\/\/www.is.fi\/terveys\/art-2000009851365.html\" rel=\"nofollow noopener\" target=\"_blank\">Testosteronivajeen oireita<\/a> voivat olla muun muassa mielialan ja libidon lasku, univaikeudet ja keskittymiskyvyn puute.<\/p>\n<p class=\"article-body mb-nof-24 px-nof-16\">Korkea testosteroni voi <a class=\"underline underline-offset-[0.12em] [text-decoration-thickness:var(--generic-link-underline-thickness)] [text-decoration-color:var(--generic-link-underline-color)] [text-decoration-skip-ink:var(--generic-link-underline-skip-ink)] break-words\" href=\"https:\/\/synlab.fi\/tietoaterveydesta\/testosteroni\/\" rel=\"nofollow noopener\" target=\"_blank\">Synlabin<\/a> mukaan aiheuttaa aggressiivista ja antisosiaalista k\u00e4ytt\u00e4ytymist\u00e4.<\/p>\n<p class=\"article-body mb-nof-24 px-nof-16\">Se my\u00f6s lis\u00e4\u00e4 riski\u00e4 sairastua syd\u00e4n- ja verisuonitauteihin.<\/p>\n<p class=\"article-body mb-nof-24 px-nof-16\">Ihmisell\u00e4 voi olla korkea testosteroni my\u00f6s luonnostaan, mutta sit\u00e4 voi nostaa testosteronilis\u00e4t tai kilpirauhasen liikatoiminta.<\/p>\n<p class=\"article-body mb-nof-24 px-nof-16\">Trumpin elintavat ovat kuohuttaneet aiemmin. <a class=\"underline underline-offset-[0.12em] [text-decoration-thickness:var(--generic-link-underline-thickness)] [text-decoration-color:var(--generic-link-underline-color)] [text-decoration-skip-ink:var(--generic-link-underline-skip-ink)] break-words\" href=\"https:\/\/www.is.fi\/ulkomaat\/art-2000011004247.html\" rel=\"nofollow noopener\" target=\"_blank\">Viime vuonna<\/a> presidentin kerrottiin sy\u00f6v\u00e4n pitk\u00e4lti pelk\u00e4st\u00e4\u00e4n roskaruokaa.<\/p>\n<p class=\"article-body mb-nof-24 px-nof-16\">Esimerkiksi lounaaksi presidentin kerrottiin sy\u00f6v\u00e4n usein kaksi kerroshampurilaista, kaksi kalahampurilaista ja pienen suklaapirtel\u00f6n.<\/p>\n<p class=\"article-body mb-nof-24 px-nof-16\">Lue lis\u00e4\u00e4: <a class=\"underline underline-offset-[0.12em] [text-decoration-thickness:var(--generic-link-underline-thickness)] [text-decoration-color:var(--generic-link-underline-color)] [text-decoration-skip-ink:var(--generic-link-underline-skip-ink)] break-words\" href=\"https:\/\/www.is.fi\/ulkomaat\/art-2000011642396.html\" rel=\"nofollow noopener\" target=\"_blank\">T\u00e4llainen on Trumpin aamiainen, lounas ja p\u00e4iv\u00e4llinen \u2013 asiantuntija p\u00f6yristyi<\/a><\/p>\n<p class=\"article-body mb-nof-24 px-nof-16\">Kun <a class=\"underline underline-offset-[0.12em] [text-decoration-thickness:var(--generic-link-underline-thickness)] [text-decoration-color:var(--generic-link-underline-color)] [text-decoration-skip-ink:var(--generic-link-underline-skip-ink)] break-words\" href=\"https:\/\/www.is.fi\/ulkomaat\/art-2000011643351.html\" rel=\"nofollow noopener\" target=\"_blank\">IS:n toimittaja kokeili<\/a> presidentin v\u00e4itetty\u00e4 ruokavaliota, h\u00e4n raportoi olonsa olleen eritt\u00e4in kehno.<\/p>\n","protected":false},"excerpt":{"rendered":"Trumpin l\u00e4hipiirin mukaan tutkimuksissa paljastui jotain poikkeavaa presidentin terveydentilasta. Yhdysvaltain presidentin Donald Trumpin, 79, terveydentila ja elintavat nousevat&hellip;\n","protected":false},"author":2,"featured_media":143270,"comment_status":"","ping_status":"","sticky":false,"template":"","format":"standard","meta":{"footnotes":""},"categories":[14],"tags":[22,23,26,27,33,31,30,17,34,24,25,28,29,15,18,21,32,19,20,56,16,59,60,61],"class_list":{"0":"post-143269","1":"post","2":"type-post","3":"status-publish","4":"format-standard","5":"has-post-thumbnail","7":"category-ulkomaat","8":"tag-breaking-news","9":"tag-breakingnews","10":"tag-featured-news","11":"tag-featurednews","12":"tag-fi","13":"tag-finland","14":"tag-finnish","15":"tag-headlines","16":"tag-ilta-sanomat","17":"tag-latest-news","18":"tag-latestnews","19":"tag-main-news","20":"tag-mainnews","21":"tag-news","22":"tag-otsikot","23":"tag-paauutiset","24":"tag-suomi","25":"tag-top-stories","26":"tag-topstories","27":"tag-ulkomaat","28":"tag-uutiset","29":"tag-world","30":"tag-world-news","31":"tag-worldnews"},"share_on_mastodon":{"url":"https:\/\/pubeurope.com\/@fi\/115900373067263342","error":""},"_links":{"self":[{"href":"https:\/\/www.europesays.com\/fi\/wp-json\/wp\/v2\/posts\/143269","targetHints":{"allow":["GET"]}}],"collection":[{"href":"https:\/\/www.europesays.com\/fi\/wp-json\/wp\/v2\/posts"}],"about":[{"href":"https:\/\/www.europesays.com\/fi\/wp-json\/wp\/v2\/types\/post"}],"author":[{"embeddable":true,"href":"https:\/\/www.europesays.com\/fi\/wp-json\/wp\/v2\/users\/2"}],"replies":[{"embeddable":true,"href":"https:\/\/www.europesays.com\/fi\/wp-json\/wp\/v2\/comments?post=143269"}],"version-history":[{"count":0,"href":"https:\/\/www.europesays.com\/fi\/wp-json\/wp\/v2\/posts\/143269\/revisions"}],"wp:featuredmedia":[{"embeddable":true,"href":"https:\/\/www.europesays.com\/fi\/wp-json\/wp\/v2\/media\/143270"}],"wp:attachment":[{"href":"https:\/\/www.europesays.com\/fi\/wp-json\/wp\/v2\/media?parent=143269"}],"wp:term":[{"taxonomy":"category","embeddable":true,"href":"https:\/\/www.europesays.com\/fi\/wp-json\/wp\/v2\/categories?post=143269"},{"taxonomy":"post_tag","embeddable":true,"href":"https:\/\/www.europesays.com\/fi\/wp-json\/wp\/v2\/tags?post=143269"}],"curies":[{"name":"wp","href":"https:\/\/api.w.org\/{rel}","templated":true}]}}