{"id":143277,"date":"2026-01-15T18:01:07","date_gmt":"2026-01-15T18:01:07","guid":{"rendered":"https:\/\/www.europesays.com\/fi\/143277\/"},"modified":"2026-01-15T18:01:07","modified_gmt":"2026-01-15T18:01:07","slug":"suosikkirappari-zpoppan-vakivaltarikostuomioista-nousi-kohu-yhtye-pitaa-keikkatauon","status":"publish","type":"post","link":"https:\/\/www.europesays.com\/fi\/143277\/","title":{"rendered":"Suosikkir\u00e4pp\u00e4ri Zpoppan v\u00e4kivaltarikostuomioista nousi kohu, yhtye pit\u00e4\u00e4 keikkatauon"},"content":{"rendered":"<p>Musiikki|Jore &amp; Zpoppan on m\u00e4\u00e4r\u00e4 esiinty\u00e4 my\u00f6s Emma-gaalassa maaliskuussa.<\/p>\n<p>Lue tiivistelm\u00e4<\/p>\n<p class=\"article-body mb-nof-24 px-nof-16 sndp-summary-bullet-point-font\">Suosittu rap-yhtye Jore &amp; Zpoppa j\u00e4\u00e4 keikkatauolle, kun Zpoppan aiemmat v\u00e4kivaltaisuudet ovat nousseet julkisuudessa esiin.<\/p>\n<p class=\"article-body mb-nof-24 px-nof-16 sndp-summary-bullet-point-font\">29-vuotias Zpoppa eli Cigalo Lubuma on tuomittu vuosina 2013\u20132021 kuusi kertaa pahoinpitelyst\u00e4, muun muassa t\u00f6rke\u00e4st\u00e4 pahoinpitelyst\u00e4.<\/p>\n<p class=\"article-body mb-nof-24 px-nof-16 sndp-summary-bullet-point-font\">Kaksikko on ehdolla maaliskuun Emma-gaalassa kahdessa sarjassa ja sen on m\u00e4\u00e4r\u00e4 esiinty\u00e4 gaalassa, mutta esiintyminen on viel\u00e4 ep\u00e4selv\u00e4.<\/p>\n<p class=\"article-body mb-nof-24 px-nof-16 sndp-summary-bullet-point-font\">Levyj\u00e4 julkaisevan Kaiku Entertainmentin toimitusjohtaja Marja Kokko sanoo, ett\u00e4 yhti\u00f6 suhtautuu asiaan vakavasti eik\u00e4 hyv\u00e4ksy v\u00e4kivaltaa.<\/p>\n<p class=\"article-body mb-nof-24 px-nof-16\">Suomen suosituimpiin kuuluva Jore &amp; Zpoppa -rap-duo j\u00e4\u00e4 keikkatauolle Zpoppan aiemmista v\u00e4kivaltaisuuksista nousseen kohun takia.<\/p>\n<p class=\"article-body mb-nof-24 px-nof-16\">Yhtye ilmoitti torstaina iltap\u00e4iv\u00e4ll\u00e4 Instagramissa suhtautuvansa heist\u00e4 julkaistuihin juttuihin vakavasti ja \u201dpit\u00e4v\u00e4ns\u00e4 hetken happea keikkojen kanssa\u201d.<\/p>\n<p class=\"article-body mb-nof-24 px-nof-16\">Veljesduosta vanhempi, 29-vuotias Zpoppa, oikealta nimelt\u00e4\u00e4n <a class=\"font-bold underline-offset-[0.12em] [text-decoration:var(--person-link-text-decoration)] ![text-decoration-color:var(--person-link-text-decoration-color)]\" href=\"https:\/\/www.hs.fi\/haku\/?query=Cigalo%20Lubuma\" rel=\"nofollow noopener\" target=\"_blank\">Cigalo Lubuma<\/a>, on tuomittu vuosina 2013-2021 kuusi kertaa pahoinpitelyst\u00e4. Yksi tuomiosta tuli t\u00f6rke\u00e4st\u00e4 pahoinpitelyst\u00e4. Lubumalla on tuomioita muun muassa kavalluksesta ja t\u00f6rke\u00e4st\u00e4 rahanpesusta.<\/p>\n<p class=\"article-body mb-nof-24 px-nof-16\">Lubuman aiemmista tuomioista kertoivat keskiviikkona <a class=\"underline underline-offset-[0.12em] [text-decoration-thickness:var(--generic-link-underline-thickness)] [text-decoration-color:var(--generic-link-underline-color)] [text-decoration-skip-ink:var(--generic-link-underline-skip-ink)] break-words\" href=\"https:\/\/www.is.fi\/musiikki\/art-2000011745978.html\" rel=\"nofollow noopener\" target=\"_blank\">Ilta-Sanomat<\/a> ja <a class=\"underline underline-offset-[0.12em] [text-decoration-thickness:var(--generic-link-underline-thickness)] [text-decoration-color:var(--generic-link-underline-color)] [text-decoration-skip-ink:var(--generic-link-underline-skip-ink)] break-words\" href=\"https:\/\/www.iltalehti.fi\/viihdeuutiset\/a\/e3c09695-579b-4f8b-87d9-a2ec004a7195\" rel=\"nofollow noopener\" target=\"_blank\">Iltalehti<\/a>.<\/p>\n<p class=\"article-body mb-nof-24 px-nof-16\">Jore &amp; Zpoppa on julkaissut omaa musiikkiaan vuodesta 2020, ja viime vuonna se teki l\u00e4pimurron ja nousi maan suosituimpien joukkoon. Kaksikko on ehdolla maaliskuussa Emma-gaalassa kahdessa sarjassa. Sen on m\u00e4\u00e4r\u00e4 my\u00f6s esiinty\u00e4 gaalassa.<\/p>\n<p class=\"article-body mb-nof-24 px-nof-16\">Emma-gaalaa j\u00e4rjest\u00e4v\u00e4 Musiikkituottajat ei tiennyt viel\u00e4 torstaina onko Jore &amp; Zpoppa p\u00e4\u00e4tt\u00e4nyt peruuttaa my\u00f6s esiintymisens\u00e4 gaalassa. J\u00e4rjest\u00e4j\u00e4t ovat aiemmin kertoneet, ett\u00e4 Jore &amp; Zpoppa saa pit\u00e4\u00e4 ehdokkuutensa, koska Lubuma on k\u00e4rsinyt jo tuomionsa aiemmista rikoksistaan.<\/p>\n<p class=\"article-body mb-nof-24 px-nof-16\">Jore &amp; Zpoppan levyj\u00e4 julkaisevan Kaiku Entertainmentin toimitusjohtaja <a class=\"font-bold underline-offset-[0.12em] [text-decoration:var(--person-link-text-decoration)] ![text-decoration-color:var(--person-link-text-decoration-color)]\" href=\"https:\/\/www.hs.fi\/haku\/?query=Marja%20Kokko\" rel=\"nofollow noopener\" target=\"_blank\">Marja Kokko<\/a> kertoo HS:lle s\u00e4hk\u00f6postitse, ett\u00e4 yhti\u00f6 suhtautuu asiaan vakavasti, eik\u00e4 hyv\u00e4ksy v\u00e4kivaltaa miss\u00e4\u00e4n muodossa tai tilanteessa.<\/p>\n<p class=\"article-body mb-nof-24 px-nof-16\">\u201dArtistin menneisyyden rikokset on sovitettu. Annamme tilanteen selvitt\u00e4miselle aikaa\u201d, Kokko kommentoi.<\/p>\n<p class=\"article-body mb-nof-24 px-nof-16\">Duo julkaisi vastik\u00e4\u00e4n nelj\u00e4nnen albuminsa, ja sille oli sovittu keikkoja kev\u00e4ttalven ajaksi suurimpiin kaupunkeihin. Torstai-iltana lipunmyyntipalvelujen sivuilla keikat oli merkitty peruutetuiksi.<\/p>\n<p class=\"article-body nof-ui-body-medium mb-nof-24 px-nof-16\">Jore &amp; Zpoppan levyj\u00e4 julkaiseva Kaiku Entertainment ja Helsingin Sanomat kuuluvat samaan Sanoma-konserniin.<\/p>\n","protected":false},"excerpt":{"rendered":"Musiikki|Jore &amp; Zpoppan on m\u00e4\u00e4r\u00e4 esiinty\u00e4 my\u00f6s Emma-gaalassa maaliskuussa. Lue tiivistelm\u00e4 Suosittu rap-yhtye Jore &amp; Zpoppa j\u00e4\u00e4 keikkatauolle,&hellip;\n","protected":false},"author":2,"featured_media":143278,"comment_status":"","ping_status":"","sticky":false,"template":"","format":"standard","meta":{"footnotes":""},"categories":[136],"tags":[407,137,33,31,30,46,408,32,109],"class_list":{"0":"post-143277","1":"post","2":"type-post","3":"status-publish","4":"format-standard","5":"has-post-thumbnail","7":"category-julkkikset","8":"tag-celebrities","9":"tag-entertainment","10":"tag-fi","11":"tag-finland","12":"tag-finnish","13":"tag-helsingin-sanomat","14":"tag-julkkikset","15":"tag-suomi","16":"tag-viihde"},"share_on_mastodon":{"url":"https:\/\/pubeurope.com\/@fi\/115900428000895789","error":""},"_links":{"self":[{"href":"https:\/\/www.europesays.com\/fi\/wp-json\/wp\/v2\/posts\/143277","targetHints":{"allow":["GET"]}}],"collection":[{"href":"https:\/\/www.europesays.com\/fi\/wp-json\/wp\/v2\/posts"}],"about":[{"href":"https:\/\/www.europesays.com\/fi\/wp-json\/wp\/v2\/types\/post"}],"author":[{"embeddable":true,"href":"https:\/\/www.europesays.com\/fi\/wp-json\/wp\/v2\/users\/2"}],"replies":[{"embeddable":true,"href":"https:\/\/www.europesays.com\/fi\/wp-json\/wp\/v2\/comments?post=143277"}],"version-history":[{"count":0,"href":"https:\/\/www.europesays.com\/fi\/wp-json\/wp\/v2\/posts\/143277\/revisions"}],"wp:featuredmedia":[{"embeddable":true,"href":"https:\/\/www.europesays.com\/fi\/wp-json\/wp\/v2\/media\/143278"}],"wp:attachment":[{"href":"https:\/\/www.europesays.com\/fi\/wp-json\/wp\/v2\/media?parent=143277"}],"wp:term":[{"taxonomy":"category","embeddable":true,"href":"https:\/\/www.europesays.com\/fi\/wp-json\/wp\/v2\/categories?post=143277"},{"taxonomy":"post_tag","embeddable":true,"href":"https:\/\/www.europesays.com\/fi\/wp-json\/wp\/v2\/tags?post=143277"}],"curies":[{"name":"wp","href":"https:\/\/api.w.org\/{rel}","templated":true}]}}