{"id":143279,"date":"2026-01-15T18:04:07","date_gmt":"2026-01-15T18:04:07","guid":{"rendered":"https:\/\/www.europesays.com\/fi\/143279\/"},"modified":"2026-01-15T18:04:07","modified_gmt":"2026-01-15T18:04:07","slug":"kymmenen-tv-sarjaa-jotka-kannattaa-katsoa-nyt","status":"publish","type":"post","link":"https:\/\/www.europesays.com\/fi\/143279\/","title":{"rendered":"Kymmenen tv-sarjaa, jotka kannattaa katsoa nyt"},"content":{"rendered":"<p>HS10|Vuoden ensimm\u00e4isess\u00e4 HS10-koosteessa tavataan muun muassa aseita heiluttavia biseksuaaleja Texasista, kivikasvoinen kytt\u00e4 Sk\u00e5nesta sek\u00e4 maajoukkuehiiht\u00e4ji\u00e4 Suomesta.<\/p>\n<p class=\"article-body mb-nof-24 px-nof-16\">Ah, uusi vuosi, tulit tarpeeseen! Vanha vuosi alkoi jo olla reunoista kovin rispaantunut. Ja nyth\u00e4n se taas alkaa: uusi el\u00e4m\u00e4.<\/p>\n<p class=\"article-body mb-nof-24 px-nof-16\">Tied\u00e4n siis, ett\u00e4 tammikuussa saattaa pit\u00e4\u00e4 kiirett\u00e4. On tipatonta, kaloritonta, sokeritonta ja joka p\u00e4iv\u00e4 jumppaa. Mutta aikaa kannattaa j\u00e4rjest\u00e4\u00e4 my\u00f6s television katselulle. L\u00f6ysin nimitt\u00e4in hihastani kuusi varmasti katsomisen \u2013 tai ainakin kokeilemisen \u2013 arvoista sarjaa loppukuulle.<\/p>\n","protected":false},"excerpt":{"rendered":"HS10|Vuoden ensimm\u00e4isess\u00e4 HS10-koosteessa tavataan muun muassa aseita heiluttavia biseksuaaleja Texasista, kivikasvoinen kytt\u00e4 Sk\u00e5nesta sek\u00e4 maajoukkuehiiht\u00e4ji\u00e4 Suomesta. Ah, uusi&hellip;\n","protected":false},"author":2,"featured_media":143280,"comment_status":"","ping_status":"","sticky":false,"template":"","format":"standard","meta":{"footnotes":""},"categories":[133],"tags":[137,33,31,30,46,32,206,156,109],"class_list":{"0":"post-143279","1":"post","2":"type-post","3":"status-publish","4":"format-standard","5":"has-post-thumbnail","7":"category-televisiot","8":"tag-entertainment","9":"tag-fi","10":"tag-finland","11":"tag-finnish","12":"tag-helsingin-sanomat","13":"tag-suomi","14":"tag-televisiot","15":"tag-tv","16":"tag-viihde"},"share_on_mastodon":{"url":"https:\/\/pubeurope.com\/@fi\/115900440215350584","error":""},"_links":{"self":[{"href":"https:\/\/www.europesays.com\/fi\/wp-json\/wp\/v2\/posts\/143279","targetHints":{"allow":["GET"]}}],"collection":[{"href":"https:\/\/www.europesays.com\/fi\/wp-json\/wp\/v2\/posts"}],"about":[{"href":"https:\/\/www.europesays.com\/fi\/wp-json\/wp\/v2\/types\/post"}],"author":[{"embeddable":true,"href":"https:\/\/www.europesays.com\/fi\/wp-json\/wp\/v2\/users\/2"}],"replies":[{"embeddable":true,"href":"https:\/\/www.europesays.com\/fi\/wp-json\/wp\/v2\/comments?post=143279"}],"version-history":[{"count":0,"href":"https:\/\/www.europesays.com\/fi\/wp-json\/wp\/v2\/posts\/143279\/revisions"}],"wp:featuredmedia":[{"embeddable":true,"href":"https:\/\/www.europesays.com\/fi\/wp-json\/wp\/v2\/media\/143280"}],"wp:attachment":[{"href":"https:\/\/www.europesays.com\/fi\/wp-json\/wp\/v2\/media?parent=143279"}],"wp:term":[{"taxonomy":"category","embeddable":true,"href":"https:\/\/www.europesays.com\/fi\/wp-json\/wp\/v2\/categories?post=143279"},{"taxonomy":"post_tag","embeddable":true,"href":"https:\/\/www.europesays.com\/fi\/wp-json\/wp\/v2\/tags?post=143279"}],"curies":[{"name":"wp","href":"https:\/\/api.w.org\/{rel}","templated":true}]}}