{"id":143287,"date":"2026-01-15T18:12:07","date_gmt":"2026-01-15T18:12:07","guid":{"rendered":"https:\/\/www.europesays.com\/fi\/143287\/"},"modified":"2026-01-15T18:12:07","modified_gmt":"2026-01-15T18:12:07","slug":"jopa-125-tyotehtavaa-voi-paattya-helen-aloittaa-muutosneuvottelut","status":"publish","type":"post","link":"https:\/\/www.europesays.com\/fi\/143287\/","title":{"rendered":"Jopa 125 ty\u00f6teht\u00e4v\u00e4\u00e4 voi p\u00e4\u00e4tty\u00e4 \u2013 Helen aloittaa muutosneuvottelut"},"content":{"rendered":"<p>\n\tSuomenmaa\u2013STT\t15.1.2026 17:21, muokattu<br \/>\n\t15.1.2026 17:02\n<\/p>\n<p>\t\t\t\t\t\t\t\t\tTalous<\/p>\n<p>Energiayhti\u00f6 Helen kertoi torstaina aloittavansa muutosneuvottelut. Yhti\u00f6n <a href=\"https:\/\/www.helen.fi\/uutiset\/2026\/helen-aloittaa-muutosneuvottelut\" rel=\"nofollow noopener\" target=\"_blank\">tiedotteen<\/a> mukaan neuvottelut voivat johtaa alustavan arvion mukaan jopa 125 ty\u00f6teht\u00e4v\u00e4n p\u00e4\u00e4ttymiseen. Neuvottelujen koskevat noin 795:t\u00e4 ty\u00f6ntekij\u00e4\u00e4.<\/p>\n<p>Neuvottelut voivat johtaa irtisanomisten lis\u00e4ksi muun muassa ty\u00f6sopimusten, ty\u00f6teht\u00e4vien tai s\u00e4\u00e4nn\u00f6llisen ty\u00f6ajan muutoksiin.<\/p>\n<p>\u2013\u2009Helen pyrkii muutosneuvottelujen kautta vahvistamaan kannattavan ja kest\u00e4v\u00e4n kasvun edellytyksi\u00e4 uudelleen organisoimalla ty\u00f6teht\u00e4vi\u00e4, poistamalla p\u00e4\u00e4llekk\u00e4isyyksi\u00e4 ja tehostamalla prosesseja, yhti\u00f6 kertoi tiedotteessaan.<\/p>\n<p>Neuvotteluprosessin yhteydess\u00e4 Helen aloittaa suunnitelmat tyt\u00e4ryhti\u00f6 V\u00e4reen integroimisesta emoyhti\u00f6\u00f6n. Helenin mukaan uusia rooleja kaavaillaan vastaamaan muuttuneisiin toiminnallisiin tarpeisiin.<\/p>\n","protected":false},"excerpt":{"rendered":"Suomenmaa\u2013STT 15.1.2026 17:21, muokattu 15.1.2026 17:02 Talous Energiayhti\u00f6 Helen kertoi torstaina aloittavansa muutosneuvottelut. Yhti\u00f6n tiedotteen mukaan neuvottelut voivat&hellip;\n","protected":false},"author":2,"featured_media":143288,"comment_status":"","ping_status":"","sticky":false,"template":"","format":"standard","meta":{"footnotes":""},"categories":[76],"tags":[79,77,33,31,30,32,78],"class_list":{"0":"post-143287","1":"post","2":"type-post","3":"status-publish","4":"format-standard","5":"has-post-thumbnail","7":"category-talous","8":"tag-business","9":"tag-economy","10":"tag-fi","11":"tag-finland","12":"tag-finnish","13":"tag-suomi","14":"tag-talous"},"share_on_mastodon":{"url":"https:\/\/pubeurope.com\/@fi\/115900471336625609","error":""},"_links":{"self":[{"href":"https:\/\/www.europesays.com\/fi\/wp-json\/wp\/v2\/posts\/143287","targetHints":{"allow":["GET"]}}],"collection":[{"href":"https:\/\/www.europesays.com\/fi\/wp-json\/wp\/v2\/posts"}],"about":[{"href":"https:\/\/www.europesays.com\/fi\/wp-json\/wp\/v2\/types\/post"}],"author":[{"embeddable":true,"href":"https:\/\/www.europesays.com\/fi\/wp-json\/wp\/v2\/users\/2"}],"replies":[{"embeddable":true,"href":"https:\/\/www.europesays.com\/fi\/wp-json\/wp\/v2\/comments?post=143287"}],"version-history":[{"count":0,"href":"https:\/\/www.europesays.com\/fi\/wp-json\/wp\/v2\/posts\/143287\/revisions"}],"wp:featuredmedia":[{"embeddable":true,"href":"https:\/\/www.europesays.com\/fi\/wp-json\/wp\/v2\/media\/143288"}],"wp:attachment":[{"href":"https:\/\/www.europesays.com\/fi\/wp-json\/wp\/v2\/media?parent=143287"}],"wp:term":[{"taxonomy":"category","embeddable":true,"href":"https:\/\/www.europesays.com\/fi\/wp-json\/wp\/v2\/categories?post=143287"},{"taxonomy":"post_tag","embeddable":true,"href":"https:\/\/www.europesays.com\/fi\/wp-json\/wp\/v2\/tags?post=143287"}],"curies":[{"name":"wp","href":"https:\/\/api.w.org\/{rel}","templated":true}]}}