{"id":143289,"date":"2026-01-15T18:13:07","date_gmt":"2026-01-15T18:13:07","guid":{"rendered":"https:\/\/www.europesays.com\/fi\/143289\/"},"modified":"2026-01-15T18:13:07","modified_gmt":"2026-01-15T18:13:07","slug":"suurlahettilas-trump-ilmoittanut-ettei-aio-hyokata-iraniin-uutisia-lyhyesti","status":"publish","type":"post","link":"https:\/\/www.europesays.com\/fi\/143289\/","title":{"rendered":"Suurl\u00e4hettil\u00e4s: Trump ilmoittanut, ettei aio hy\u00f6k\u00e4t\u00e4 Iraniin | Uutisia lyhyesti"},"content":{"rendered":"<p class=\"aw-1gybjub aw-5vja16 kEtdKx kmuxyA yle__article__paragraph\">Iranin mielenosoitukset n\u00e4ytt\u00e4v\u00e4t laantuvan.<\/p>\n<p>19:21\u2022P\u00e4ivitetty 19:37<\/p>\n<p class=\"aw-1gybjub aw-1p7kakr kEtdKx cEmitX yle__article__paragraph\">Iranin Pakistanin-suurl\u00e4hettil\u00e4s <strong class=\"aw-ak79eh KyCXm yle__article__strong\">Reza Amiri Moghadam<\/strong> on kertonut Pakistanin hallitukselle Yhdysvaltain presidentin <strong class=\"aw-ak79eh KyCXm yle__article__strong\">Donald Trumpin<\/strong> kertoneen Iranin johdolle, ettei ole aikeissa k\u00e4ynnist\u00e4\u00e4 hy\u00f6kk\u00e4yst\u00e4 Iraniin.<\/p>\n<p class=\"aw-1gybjub aw-1p7kakr kEtdKx cEmitX yle__article__paragraph\">Asiasta kertovat muiden muassa pakistanilainen <a class=\"aw-iao6s4 iHOxEa yle__article__link\" href=\"https:\/\/www.dawn.com\/news\/1967109\" role=\"link\" rel=\"nofollow noopener\" target=\"_blank\">Dawn-lehti<\/a> sek\u00e4 israelilainen <a class=\"aw-iao6s4 iHOxEa yle__article__link\" href=\"https:\/\/www.timesofisrael.com\/liveblog-january-15-2026\/\" role=\"link\" rel=\"nofollow noopener\" target=\"_blank\">Times of Israel -lehti.<\/a><\/p>\n<p class=\"aw-1gybjub aw-1p7kakr kEtdKx cEmitX yle__article__paragraph\">Suurl\u00e4hettil\u00e4\u00e4n mukaan Trumpin p\u00e4\u00e4t\u00f6kseen on vaikuttanut se, ett\u00e4 Iran ilmoittaa lopettaneensa mielenosoittajien teloitukset. Trump ei halua sotaa, vaan toivoo malttia, suurl\u00e4hettil\u00e4s kertoi.<\/p>\n<p class=\"aw-1gybjub aw-1p7kakr kEtdKx cEmitX yle__article__paragraph\"><a class=\"aw-iao6s4 iHOxEa yle__article__link\" href=\"https:\/\/www.jpost.com\/middle-east\/article-883496\" role=\"link\" rel=\"nofollow noopener\" target=\"_blank\">Jerusalem Post -lehden<\/a> mukaan Qatar, Egypti ja Saudi-Arabia ovat johtaneet L\u00e4hi-id\u00e4n maiden yhteisty\u00f6t\u00e4 Trumpin painostamiseksi olemaan hy\u00f6kk\u00e4\u00e4m\u00e4tt\u00e4.<\/p>\n<p class=\"aw-1gybjub aw-1p7kakr kEtdKx cEmitX yle__article__paragraph\">Iranin mielenosoitukset n\u00e4ytt\u00e4v\u00e4t laantuvan. Teheraniin on asetettu eritt\u00e4in vahvat poliisivoimat ja tarkastuspisteit\u00e4 kerrotaan olevan \u201dkaikkialla\u201d, kertoo <a class=\"aw-iao6s4 iHOxEa yle__article__link\" href=\"https:\/\/www.aljazeera.com\/news\/liveblog\/2026\/1\/15\/iran-us-live-tension-lingers-amid-threats-as-tehran-reopens-airspace\" role=\"link\" rel=\"nofollow noopener\" target=\"_blank\">uutiskanava Al-Jazeera<\/a>.<\/p>\n<p class=\"aw-1gybjub aw-1p7kakr kEtdKx cEmitX yle__article__paragraph\">T\u00e4n\u00e4\u00e4n aseiden \u00e4\u00e4nt\u00e4 ei ole juuri kuulunut, kun edellisp\u00e4ivin\u00e4 ammuskelu oli jatkuvaa, kertovat silminn\u00e4kij\u00e4t <a class=\"aw-iao6s4 iHOxEa yle__article__link\" href=\"https:\/\/edition.cnn.com\/world\/live-news\/iran-protests-trump-01-15-26?t=1768497287769\" role=\"link\" rel=\"nofollow noopener\" target=\"_blank\">uutiskanava CNN:lle<\/a>.<\/p>\n<p class=\"aw-1gybjub aw-1p7kakr kEtdKx cEmitX yle__article__paragraph\">Iran on avannut ilmatilansa ja Yhdysvaltain sotilastukikohdan valmiustilaa Qatarissa on laskettu.<\/p>\n<p class=\"aw-1gybjub aw-1p7kakr kEtdKx cEmitX yle__article__paragraph\">L\u00e4hde: Reuters<\/p>\n","protected":false},"excerpt":{"rendered":"Iranin mielenosoitukset n\u00e4ytt\u00e4v\u00e4t laantuvan. 19:21\u2022P\u00e4ivitetty 19:37 Iranin Pakistanin-suurl\u00e4hettil\u00e4s Reza Amiri Moghadam on kertonut Pakistanin hallitukselle Yhdysvaltain presidentin Donald&hellip;\n","protected":false},"author":2,"featured_media":74,"comment_status":"","ping_status":"","sticky":false,"template":"","format":"standard","meta":{"footnotes":""},"categories":[14],"tags":[22,23,585,26,27,33,31,30,17,3648,70,24,25,28,29,15,18,21,9569,32,19,20,56,16,59,60,61,619],"class_list":{"0":"post-143289","1":"post","2":"type-post","3":"status-publish","4":"format-standard","5":"has-post-thumbnail","7":"category-ulkomaat","8":"tag-breaking-news","9":"tag-breakingnews","10":"tag-donald-trump","11":"tag-featured-news","12":"tag-featurednews","13":"tag-fi","14":"tag-finland","15":"tag-finnish","16":"tag-headlines","17":"tag-iran","18":"tag-kansainvalinen-politiikka","19":"tag-latest-news","20":"tag-latestnews","21":"tag-main-news","22":"tag-mainnews","23":"tag-news","24":"tag-otsikot","25":"tag-paauutiset","26":"tag-pakistan","27":"tag-suomi","28":"tag-top-stories","29":"tag-topstories","30":"tag-ulkomaat","31":"tag-uutiset","32":"tag-world","33":"tag-world-news","34":"tag-worldnews","35":"tag-yhdysvallat"},"share_on_mastodon":{"url":"https:\/\/pubeurope.com\/@fi\/115900475211881981","error":""},"_links":{"self":[{"href":"https:\/\/www.europesays.com\/fi\/wp-json\/wp\/v2\/posts\/143289","targetHints":{"allow":["GET"]}}],"collection":[{"href":"https:\/\/www.europesays.com\/fi\/wp-json\/wp\/v2\/posts"}],"about":[{"href":"https:\/\/www.europesays.com\/fi\/wp-json\/wp\/v2\/types\/post"}],"author":[{"embeddable":true,"href":"https:\/\/www.europesays.com\/fi\/wp-json\/wp\/v2\/users\/2"}],"replies":[{"embeddable":true,"href":"https:\/\/www.europesays.com\/fi\/wp-json\/wp\/v2\/comments?post=143289"}],"version-history":[{"count":0,"href":"https:\/\/www.europesays.com\/fi\/wp-json\/wp\/v2\/posts\/143289\/revisions"}],"wp:featuredmedia":[{"embeddable":true,"href":"https:\/\/www.europesays.com\/fi\/wp-json\/wp\/v2\/media\/74"}],"wp:attachment":[{"href":"https:\/\/www.europesays.com\/fi\/wp-json\/wp\/v2\/media?parent=143289"}],"wp:term":[{"taxonomy":"category","embeddable":true,"href":"https:\/\/www.europesays.com\/fi\/wp-json\/wp\/v2\/categories?post=143289"},{"taxonomy":"post_tag","embeddable":true,"href":"https:\/\/www.europesays.com\/fi\/wp-json\/wp\/v2\/tags?post=143289"}],"curies":[{"name":"wp","href":"https:\/\/api.w.org\/{rel}","templated":true}]}}