{"id":143292,"date":"2026-01-15T18:15:07","date_gmt":"2026-01-15T18:15:07","guid":{"rendered":"https:\/\/www.europesays.com\/fi\/143292\/"},"modified":"2026-01-15T18:15:07","modified_gmt":"2026-01-15T18:15:07","slug":"vr-poisti-tyontekijoilta-palkallisen-ruokatauon-veivat-tyonantajan-oikeuteen","status":"publish","type":"post","link":"https:\/\/www.europesays.com\/fi\/143292\/","title":{"rendered":"VR poisti ty\u00f6ntekij\u00f6ilt\u00e4 palkallisen ruokatauon, veiv\u00e4t ty\u00f6nantajan oikeuteen"},"content":{"rendered":"<p>Ty\u00f6riidat|Ty\u00f6ntekij\u00f6iden mielest\u00e4 palkallinen ruokatauko oli hiljaisesti vakiintunut ty\u00f6suhteen olennaiseksi ehdoksi.<\/p>\n<p class=\"article-body mb-nof-24 px-nof-16\">Yli 250 valtionyhti\u00f6 VR:n ty\u00f6ntekij\u00e4\u00e4 on haastanut ty\u00f6nantajansa oikeuteen, koska heid\u00e4n palkallinen ruokataukonsa on muutettu palkattomaksi. Kyse on p\u00e4\u00e4asiassa asentajista ja joistakin junien l\u00e4hiliikenteen kondukt\u00f6\u00f6reist\u00e4.<\/p>\n<p class=\"article-body mb-nof-24 px-nof-16\">Riitajuttuja on nostettu eri puolilla Suomea. Suurin joukko, yhteens\u00e4 120 ty\u00f6ntekij\u00e4\u00e4, nosti kanteen Helsingin k\u00e4r\u00e4j\u00e4oikeudessa viime joulukuussa.<\/p>\n","protected":false},"excerpt":{"rendered":"Ty\u00f6riidat|Ty\u00f6ntekij\u00f6iden mielest\u00e4 palkallinen ruokatauko oli hiljaisesti vakiintunut ty\u00f6suhteen olennaiseksi ehdoksi. Yli 250 valtionyhti\u00f6 VR:n ty\u00f6ntekij\u00e4\u00e4 on haastanut ty\u00f6nantajansa&hellip;\n","protected":false},"author":2,"featured_media":143293,"comment_status":"","ping_status":"","sticky":false,"template":"","format":"standard","meta":{"footnotes":""},"categories":[5],"tags":[22,23,26,27,33,31,30,17,46,24,25,28,29,15,18,21,32,19,20,16],"class_list":{"0":"post-143292","1":"post","2":"type-post","3":"status-publish","4":"format-standard","5":"has-post-thumbnail","7":"category-otsikot","8":"tag-breaking-news","9":"tag-breakingnews","10":"tag-featured-news","11":"tag-featurednews","12":"tag-fi","13":"tag-finland","14":"tag-finnish","15":"tag-headlines","16":"tag-helsingin-sanomat","17":"tag-latest-news","18":"tag-latestnews","19":"tag-main-news","20":"tag-mainnews","21":"tag-news","22":"tag-otsikot","23":"tag-paauutiset","24":"tag-suomi","25":"tag-top-stories","26":"tag-topstories","27":"tag-uutiset"},"share_on_mastodon":{"url":"https:\/\/pubeurope.com\/@fi\/115900483093029166","error":""},"_links":{"self":[{"href":"https:\/\/www.europesays.com\/fi\/wp-json\/wp\/v2\/posts\/143292","targetHints":{"allow":["GET"]}}],"collection":[{"href":"https:\/\/www.europesays.com\/fi\/wp-json\/wp\/v2\/posts"}],"about":[{"href":"https:\/\/www.europesays.com\/fi\/wp-json\/wp\/v2\/types\/post"}],"author":[{"embeddable":true,"href":"https:\/\/www.europesays.com\/fi\/wp-json\/wp\/v2\/users\/2"}],"replies":[{"embeddable":true,"href":"https:\/\/www.europesays.com\/fi\/wp-json\/wp\/v2\/comments?post=143292"}],"version-history":[{"count":0,"href":"https:\/\/www.europesays.com\/fi\/wp-json\/wp\/v2\/posts\/143292\/revisions"}],"wp:featuredmedia":[{"embeddable":true,"href":"https:\/\/www.europesays.com\/fi\/wp-json\/wp\/v2\/media\/143293"}],"wp:attachment":[{"href":"https:\/\/www.europesays.com\/fi\/wp-json\/wp\/v2\/media?parent=143292"}],"wp:term":[{"taxonomy":"category","embeddable":true,"href":"https:\/\/www.europesays.com\/fi\/wp-json\/wp\/v2\/categories?post=143292"},{"taxonomy":"post_tag","embeddable":true,"href":"https:\/\/www.europesays.com\/fi\/wp-json\/wp\/v2\/tags?post=143292"}],"curies":[{"name":"wp","href":"https:\/\/api.w.org\/{rel}","templated":true}]}}