{"id":143310,"date":"2026-01-15T18:41:07","date_gmt":"2026-01-15T18:41:07","guid":{"rendered":"https:\/\/www.europesays.com\/fi\/143310\/"},"modified":"2026-01-15T18:41:07","modified_gmt":"2026-01-15T18:41:07","slug":"lapinniemen-kylpylassa-karyttanyt-kiuas-aiheutti-suuren-halytyksen-tampereella","status":"publish","type":"post","link":"https:\/\/www.europesays.com\/fi\/143310\/","title":{"rendered":"Lapinniemen kylpyl\u00e4ss\u00e4 k\u00e4rytt\u00e4nyt kiuas aiheutti suuren h\u00e4lytyksen Tampereella"},"content":{"rendered":"<p>Pelastuslaitokselta l\u00e4hti paikalle 22 yksikk\u00f6\u00e4.<\/p>\n<p>Video: Jukka Ritola \/ Aamulehti<\/p>\n<p class=\"article-body mb-nof-24 px-nof-16\">Aamulehti<\/p>\n<p class=\"article-body mb-nof-24 px-nof-16\">Lapinniemenrantaan Tampereelle tuli h\u00e4lytys suuresta rakennuspalosta torstai-iltana. Tapauksessa Lapinniemen Holiday Club -kylpyl\u00e4ss\u00e4 kiuas oli k\u00e4rytt\u00e4nyt, tiedottaa Pirkanmaan pelastuslaitos.<\/p>\n<p class=\"article-body mb-nof-24 px-nof-16\">Pelastuslaitokselta l\u00e4hti paikalle 22 yksikk\u00f6\u00e4. Tiedotteen mukaan paikalle j\u00e4i viel\u00e4 kolme yksikk\u00f6\u00e4 selvitt\u00e4m\u00e4\u00e4n tilannetta.<\/p>\n<p class=\"article-body mb-nof-24 px-nof-16\">Pirkanmaan pelastuslaitos sai h\u00e4lytyksen suuresta rakennuspalosta kello 19.40.<\/p>\n<p class=\"article-body nof-ui-body-medium mb-nof-24 px-nof-16\">T\u00e4m\u00e4 oli p\u00e4ivittyv\u00e4 uutinen.<\/p>\n","protected":false},"excerpt":{"rendered":"Pelastuslaitokselta l\u00e4hti paikalle 22 yksikk\u00f6\u00e4. Video: Jukka Ritola \/ Aamulehti Aamulehti Lapinniemenrantaan Tampereelle tuli h\u00e4lytys suuresta rakennuspalosta torstai-iltana.&hellip;\n","protected":false},"author":2,"featured_media":143311,"comment_status":"","ping_status":"","sticky":false,"template":"","format":"standard","meta":{"footnotes":""},"categories":[5],"tags":[157,22,23,26,27,33,31,30,17,24,25,28,29,15,18,21,32,19,20,16],"class_list":{"0":"post-143310","1":"post","2":"type-post","3":"status-publish","4":"format-standard","5":"has-post-thumbnail","7":"category-otsikot","8":"tag-aamulehti","9":"tag-breaking-news","10":"tag-breakingnews","11":"tag-featured-news","12":"tag-featurednews","13":"tag-fi","14":"tag-finland","15":"tag-finnish","16":"tag-headlines","17":"tag-latest-news","18":"tag-latestnews","19":"tag-main-news","20":"tag-mainnews","21":"tag-news","22":"tag-otsikot","23":"tag-paauutiset","24":"tag-suomi","25":"tag-top-stories","26":"tag-topstories","27":"tag-uutiset"},"share_on_mastodon":{"url":"https:\/\/pubeurope.com\/@fi\/115900585341201120","error":""},"_links":{"self":[{"href":"https:\/\/www.europesays.com\/fi\/wp-json\/wp\/v2\/posts\/143310","targetHints":{"allow":["GET"]}}],"collection":[{"href":"https:\/\/www.europesays.com\/fi\/wp-json\/wp\/v2\/posts"}],"about":[{"href":"https:\/\/www.europesays.com\/fi\/wp-json\/wp\/v2\/types\/post"}],"author":[{"embeddable":true,"href":"https:\/\/www.europesays.com\/fi\/wp-json\/wp\/v2\/users\/2"}],"replies":[{"embeddable":true,"href":"https:\/\/www.europesays.com\/fi\/wp-json\/wp\/v2\/comments?post=143310"}],"version-history":[{"count":0,"href":"https:\/\/www.europesays.com\/fi\/wp-json\/wp\/v2\/posts\/143310\/revisions"}],"wp:featuredmedia":[{"embeddable":true,"href":"https:\/\/www.europesays.com\/fi\/wp-json\/wp\/v2\/media\/143311"}],"wp:attachment":[{"href":"https:\/\/www.europesays.com\/fi\/wp-json\/wp\/v2\/media?parent=143310"}],"wp:term":[{"taxonomy":"category","embeddable":true,"href":"https:\/\/www.europesays.com\/fi\/wp-json\/wp\/v2\/categories?post=143310"},{"taxonomy":"post_tag","embeddable":true,"href":"https:\/\/www.europesays.com\/fi\/wp-json\/wp\/v2\/tags?post=143310"}],"curies":[{"name":"wp","href":"https:\/\/api.w.org\/{rel}","templated":true}]}}