{"id":143312,"date":"2026-01-15T18:42:16","date_gmt":"2026-01-15T18:42:16","guid":{"rendered":"https:\/\/www.europesays.com\/fi\/143312\/"},"modified":"2026-01-15T18:42:16","modified_gmt":"2026-01-15T18:42:16","slug":"hirmupakkasissa-hiihtovaellukselle-lahteneita-on-haettu-moottorikelkoilla-ja-helikopterilla-lapin-eramaasta-lappi","status":"publish","type":"post","link":"https:\/\/www.europesays.com\/fi\/143312\/","title":{"rendered":"Hirmupakkasissa hiihtovaellukselle l\u00e4hteneit\u00e4 on haettu moottorikelkoilla ja helikopterilla Lapin er\u00e4maasta | Lappi"},"content":{"rendered":"<p class=\"aw-1gybjub aw-5vja16 kEtdKx kmuxyA yle__article__paragraph\">Urho Kekkosen kansallispuisto on koetellut hiihtovaeltajien terveytt\u00e4. Sormensa ja varpaansa palelluttaneita on evakuoitu eri puolelta er\u00e4maata.<\/p>\n<p><img decoding=\"async\" alt=\"Hiiht\u00e4j\u00e4 saarisel\u00e4n maisemissa.\" src=\"https:\/\/www.europesays.com\/fi\/wp-content\/uploads\/2026\/01\/39-1580395696613875df40.jpeg\" class=\"aw-1l9m598 hKVVvP\"\/><\/p>\n<p>Avaa kuvien katselu<\/p>\n<p>Saariselk\u00e4 on hiiht\u00e4jien unelma, mutta yli 30 asteen pakkaset vaativat retkeilij\u00e4lt\u00e4 paljon. Kuva: Vesa-Pekka Hiltunen \/ Yle<\/p>\n<p>13.1. 11:17\u2022P\u00e4ivitetty 13.1. 11:47<\/p>\n<p class=\"aw-1gybjub aw-1p7kakr kEtdKx cEmitX yle__article__paragraph\">Paleltuneiden retkeilij\u00f6iden pelastusteht\u00e4v\u00e4t ovat ty\u00f6llist\u00e4neet Lapin pelastuslaitosta ja Lapin rajavartiostoa viime p\u00e4ivin\u00e4. Poikkeuksellisen pitk\u00e4n ja kylm\u00e4n paukkupakkasjakson aikana pakkasta on ollut enimmill\u00e4\u00e4n jopa 40 astetta.<\/p>\n<p class=\"aw-1gybjub aw-1p7kakr kEtdKx cEmitX yle__article__paragraph\">Apua on tarvittu etenkin Urho Kekkosen kansallispuistossa, josta pelastushelikopteri Aslak nouti varpaansa palelluttaneen hiihtovaeltajan 30. joulukuuta.<\/p>\n<p class=\"aw-1gybjub aw-1p7kakr kEtdKx cEmitX yle__article__paragraph\">Uudenvuodenp\u00e4iv\u00e4n\u00e4 apua tarvittiin Saarisel\u00e4ll\u00e4, jossa pelastuslaitos haki maastosta useampia paleltuneita retkeilij\u00f6it\u00e4.<\/p>\n<p><img decoding=\"async\" alt=\"Paleltuneissa sormissa n\u00e4kyy isoja vesikelloja.\" src=\"https:\/\/www.europesays.com\/fi\/wp-content\/uploads\/2026\/01\/39-158033769660049958d5.jpeg\" loading=\"lazy\" class=\"aw-1l9m598 hKVVvP\"\/><\/p>\n<p>Avaa kuvien katselu<\/p>\n<p>Sormien paleltuminen voi johtaa isojen rakkuloiden syntymiseen. N\u00e4m\u00e4kin paleltumat ovat syntyneet vuodenvaihteen hiihtovaelluksella UKK-puistossa. Kuva: Annu Passoja \/ Yle<\/p>\n<p class=\"aw-1gybjub aw-1p7kakr kEtdKx cEmitX yle__article__paragraph\">Ylen tietojen mukaan molemmissa tapauksissa oli kyse ulkomaalaisista, jotka olivat isomman ryhm\u00e4n mukana.<\/p>\n<p class=\"aw-1gybjub aw-1p7kakr kEtdKx cEmitX yle__article__paragraph\">My\u00f6s Lapin rajavartiostoa on tarvittu hirmupakkasissa pulaan joutuneiden retkeilij\u00f6iden avuksi. Moottorikelkoilla Kemihaaran alueella liikkuneet rajavartijat hakivat yksin liikkeell\u00e4 olleen ja sormensa palelluttaneen hiihtovaeltajan Vieriharjun alueelta Savukosken er\u00e4maasta.<\/p>\n<p class=\"aw-1gybjub aw-1p7kakr kEtdKx cEmitX yle__article__paragraph\">H\u00e4net kuljetettiin kelkalla Kemihaaraan, jossa ambulanssi oli vastassa.<\/p>\n<p>Onnekas vaeltaja t\u00f6rm\u00e4si rajavartijoihin sattumalta<\/p>\n<p class=\"aw-1gybjub aw-1p7kakr kEtdKx cEmitX yle__article__paragraph\">Avunanto Savukoskella p\u00e4\u00e4tyi yll\u00e4tt\u00e4en my\u00f6s toiseen avustusteht\u00e4v\u00e4\u00e4n, kertoo Lapin rajavartioston apulaiskomentaja, everstiluutnantti <strong class=\"aw-ak79eh KyCXm yle__article__strong\">Mikko Kauppila<\/strong>.<\/p>\n<p class=\"aw-1gybjub aw-1p7kakr kEtdKx cEmitX yle__article__paragraph\">\u2013 Partio tapasi my\u00f6s toisen hiihtovaelluksella olleen henkil\u00f6n. H\u00e4nkin pyysi evakuointia Kemihaaraan, koska ei oman arvionsa vuoksi kyennyt jatkamaan hiihtovaellusta. H\u00e4net evakuoitiin my\u00f6s.<\/p>\n<p class=\"aw-1gybjub aw-1p7kakr kEtdKx cEmitX yle__article__paragraph\">Muutamaa p\u00e4iv\u00e4\u00e4 my\u00f6hemmin liikkeell\u00e4 ollut Ivalon rajavartioston partio puolestaan evakuoi kaksi hiihtovaeltajaa Ylemm\u00e4n Kiert\u00e4m\u00e4j\u00e4rven autiotuvalta Sodankyl\u00e4n alueelta.<\/p>\n<p class=\"aw-1gybjub aw-1p7kakr kEtdKx cEmitX yle__article__paragraph\">Heid\u00e4t vietiin moottorikelkoilla Raja-Jooseppiin ja sielt\u00e4 edelleen Ivalon terveyskeskukseen.<\/p>\n<p class=\"aw-1gybjub aw-1p7kakr kEtdKx cEmitX yle__article__paragraph\">Kaikki rajavartioston auttamat retkeilij\u00e4t olivat suomalaisia.<\/p>\n<p><img decoding=\"async\" alt=\"Aurinko laskeutuu Saarisel\u00e4ll\u00e4.\" src=\"https:\/\/www.europesays.com\/fi\/wp-content\/uploads\/2026\/01\/39-15666686937e51940206.jpeg\" loading=\"lazy\" class=\"aw-1l9m598 hKVVvP\"\/><\/p>\n<p>Avaa kuvien katselu<\/p>\n<p>Urho Kekkosen kansallispuisto on suosittu hiihtovaellusten kohde. Viime viikot ovat laittaneet retkeilij\u00f6iden varusteet, taidot ja sormet totiselle koetukselle. Kuva: Vesa Toppari \/ Yle\u201dEr\u00e4maahan ei voi l\u00e4hte\u00e4 testaamaan\u201d<\/p>\n<p class=\"aw-1gybjub aw-1p7kakr kEtdKx cEmitX yle__article__paragraph\">Kiilop\u00e4\u00e4n tunturikeskuksessa UKK-puiston laidalla on huomattu helikopterien p\u00f6rr\u00e4\u00e4v\u00e4n ja viranomaisten moottorikelkkojen suuntaavaan tunturiin, kertoo Suomen Ladulle ty\u00f6skentelev\u00e4 <strong class=\"aw-ak79eh KyCXm yle__article__strong\">Jari Rauhala<\/strong>.<\/p>\n<p class=\"aw-1gybjub aw-1p7kakr kEtdKx cEmitX yle__article__paragraph\">Rauhalan mieleen tulee, ett\u00e4 maastoon on kenties l\u00e4hdetty liian kevyin varustein tai v\u00e4h\u00e4ll\u00e4 kokemuksella. H\u00e4n toteaa, ett\u00e4 kyse voi olla muustakin, kuten sairastumisesta.<\/p>\n<p class=\"aw-1gybjub aw-1p7kakr kEtdKx cEmitX yle__article__paragraph\">Yli 30 asteen pakkaset vaativat joka tapauksessa retkeilij\u00e4lt\u00e4 paljon.<\/p>\n<p class=\"aw-1gybjub aw-1p7kakr kEtdKx cEmitX yle__article__paragraph\">\u2013 Kokemusta kylm\u00e4ss\u00e4 menemisest\u00e4 t\u00e4ytyy todellakin olla ja varusteiden t\u00e4ytyy olla kunnossa. V\u00e4lineit\u00e4 ei voi l\u00e4hte\u00e4 testaamaan er\u00e4maahan, ett\u00e4 p\u00e4rj\u00e4\u00e4nk\u00f6h\u00e4n min\u00e4 n\u00e4ill\u00e4.<\/p>\n<p class=\"aw-1gybjub aw-1p7kakr kEtdKx cEmitX yle__article__paragraph\">Retkeilyv\u00e4linevuokraamossa ty\u00f6skentelev\u00e4 Rauhala kertoo, ett\u00e4 keskitalvella maastoon suuntaavat retkeilij\u00e4t ovat yleens\u00e4 hyvin varustautuneita ja valmistautuneita. Aina n\u00e4in ei ole.<\/p>\n<p class=\"aw-1gybjub aw-1p7kakr kEtdKx cEmitX yle__article__paragraph\">\u2013 Viime talvelta muistan tapauksen, jossa puhuimme ihmisen ymp\u00e4ri. Kun h\u00e4n alkoi kertoa suunnitelmaansa, k\u00e4vimme pitk\u00e4t keskustelut siit\u00e4, ett\u00e4 suunnitelma ei ole realistinen, ja saimme h\u00e4net muuttamaan sen inhimillisemm\u00e4ksi.<\/p>\n","protected":false},"excerpt":{"rendered":"Urho Kekkosen kansallispuisto on koetellut hiihtovaeltajien terveytt\u00e4. Sormensa ja varpaansa palelluttaneita on evakuoitu eri puolelta er\u00e4maata. Avaa kuvien&hellip;\n","protected":false},"author":2,"featured_media":143313,"comment_status":"","ping_status":"","sticky":false,"template":"","format":"standard","meta":{"footnotes":""},"categories":[117],"tags":[33,31,30,71,6668,24568,667,72,476,24566,24567,2542,710,10184,118,32,119,24569,477],"class_list":{"0":"post-143312","1":"post","2":"type-post","3":"status-publish","4":"format-standard","5":"has-post-thumbnail","7":"category-luonto","8":"tag-fi","9":"tag-finland","10":"tag-finnish","11":"tag-kotimaa","12":"tag-lapin-pelastuslaitos","13":"tag-lapin-rajavartiosto","14":"tag-lappi","15":"tag-luonto","16":"tag-nature","17":"tag-paleltumat","18":"tag-paleltuminen","19":"tag-retkeily","20":"tag-saa","21":"tag-saariselka","22":"tag-science","23":"tag-suomi","24":"tag-tiede","25":"tag-urho-kekkosen-kansallispuisto","26":"tag-wildlife"},"share_on_mastodon":{"url":"https:\/\/pubeurope.com\/@fi\/115900589176593416","error":""},"_links":{"self":[{"href":"https:\/\/www.europesays.com\/fi\/wp-json\/wp\/v2\/posts\/143312","targetHints":{"allow":["GET"]}}],"collection":[{"href":"https:\/\/www.europesays.com\/fi\/wp-json\/wp\/v2\/posts"}],"about":[{"href":"https:\/\/www.europesays.com\/fi\/wp-json\/wp\/v2\/types\/post"}],"author":[{"embeddable":true,"href":"https:\/\/www.europesays.com\/fi\/wp-json\/wp\/v2\/users\/2"}],"replies":[{"embeddable":true,"href":"https:\/\/www.europesays.com\/fi\/wp-json\/wp\/v2\/comments?post=143312"}],"version-history":[{"count":0,"href":"https:\/\/www.europesays.com\/fi\/wp-json\/wp\/v2\/posts\/143312\/revisions"}],"wp:featuredmedia":[{"embeddable":true,"href":"https:\/\/www.europesays.com\/fi\/wp-json\/wp\/v2\/media\/143313"}],"wp:attachment":[{"href":"https:\/\/www.europesays.com\/fi\/wp-json\/wp\/v2\/media?parent=143312"}],"wp:term":[{"taxonomy":"category","embeddable":true,"href":"https:\/\/www.europesays.com\/fi\/wp-json\/wp\/v2\/categories?post=143312"},{"taxonomy":"post_tag","embeddable":true,"href":"https:\/\/www.europesays.com\/fi\/wp-json\/wp\/v2\/tags?post=143312"}],"curies":[{"name":"wp","href":"https:\/\/api.w.org\/{rel}","templated":true}]}}