{"id":143314,"date":"2026-01-15T18:53:07","date_gmt":"2026-01-15T18:53:07","guid":{"rendered":"https:\/\/www.europesays.com\/fi\/143314\/"},"modified":"2026-01-15T18:53:07","modified_gmt":"2026-01-15T18:53:07","slug":"myos-niko-saarinen-osti-mysteeripaketteja-180-eurolla-saaliina-muun-muassa-verinen-mekko","status":"publish","type":"post","link":"https:\/\/www.europesays.com\/fi\/143314\/","title":{"rendered":"My\u00f6s Niko Saarinen osti mysteeripaketteja 180 eurolla \u2013 saaliina muun muassa verinen mekko"},"content":{"rendered":"<p>Viime viikolla <a href=\"https:\/\/www.voice.fi\/ilmiot\/ostaisitko-sina-kilohinnalla-paketin-jonka-sisaltoa-et-tieda-pian-se-on-mahdollista-kun-kadonneet-paketit-tulevat-myyntiin\" target=\"_blank\" rel=\"noreferrer noopener nofollow\">uutisoimme<\/a>, ett\u00e4 ranskalainen King Colis -verkkokauppa on tulossa Helsinkiin pop up -tapahtumansa merkeiss\u00e4.<\/p>\n<p>King Colis ostaa Euroopassa toimivilta logistiikkayhti\u00f6ilt\u00e4 niiden kuljetuspalveluissa toimittamatta j\u00e4\u00e4neit\u00e4 paketteja ja myy niit\u00e4 eteenp\u00e4in kilohinnalla. Standard-pakettien hinta on noin 25 euroa per kilogramma ja premium-pakettien noin 30 euroa\/kg.<\/p>\n<p>Lue my\u00f6s: <a href=\"https:\/\/www.voice.fi\/ilmiot\/ostaisitko-sina-kilohinnalla-paketin-jonka-sisaltoa-et-tieda-pian-se-on-mahdollista-kun-kadonneet-paketit-tulevat-myyntiin\" title=\"Ostaisitko sin\u00e4 kilohinnalla paketin, jonka sis\u00e4lt\u00f6\u00e4 et tied\u00e4? Pian se on mahdollista, kun kadonneet paketit tulevat myyntiin\" class=\"underline-custom !font-montserrat !font-bold !underline-offset-4 !decoration-4 !decoration-tilt-light !text-md\" rel=\"nofollow noopener\" target=\"_blank\">Ostaisitko sin\u00e4 kilohinnalla paketin, jonka sis\u00e4lt\u00f6\u00e4 et tied\u00e4? Pian se on mahdollista, kun kadonneet paketit tulevat myyntiin<\/a><\/p>\n<p>Lue my\u00f6s: <a href=\"https:\/\/www.voice.fi\/viihde\/is-kahden-mysteeripaketin-sisallot-paljastuivat-ei-tullut-puhelinta\" title=\"IS: Kahden mysteeripaketin sis\u00e4ll\u00f6t paljastuivat \u2013 ei tullut puhelinta\" class=\"underline-custom !font-montserrat !font-bold !underline-offset-4 !decoration-4 !decoration-tilt-light !text-md\" rel=\"nofollow noopener\" target=\"_blank\">IS: Kahden mysteeripaketin sis\u00e4ll\u00f6t paljastuivat \u2013 ei tullut puhelinta<\/a><\/p>\n<p>L\u00e4hetykset on pakattu uudelleen ja niist\u00e4 on poistettu kaikki alkuper\u00e4isen vastaanottajan tiedot, eik\u00e4 mysteeripaketin ostaja voi tiet\u00e4\u00e4, mit\u00e4 paketista paljastuu.<\/p>\n<p>Jutun juju piilee siin\u00e4, ett\u00e4 sis\u00e4lt\u00f6 voi parhaassa tapauksessa olla hyvinkin arvokas, kuten kultaa tai uusimpia matkapuhelinmalleja, mutta k\u00e4\u00e4nt\u00f6puolena saattaa olla esimerkiksi arvotonta halpakauppakr\u00e4\u00e4s\u00e4\u00e4.<\/p>\n<p>Pop up -tapahtumassa paketteja saa hypistell\u00e4, ravistella ja tutkia, mutta avaaminen on kielletty\u00e4 ennen ostotapahtumaa.<\/p>\n<p>Parasta aikaa Helsingin Kampissa meneill\u00e4\u00e4n oleva tapahtuma on ollut huippusuosittu, ja ihmiset ovat l\u00e4hteneet sankoin joukoin ostamaan sokkopaketteja.<\/p>\n<p>My\u00f6s juontaja <strong>Niko Saarinen<\/strong> kertoi <a href=\"https:\/\/www.tiktok.com\/@niko_saarinen\/video\/7595256652257955094?is_from_webapp=1&amp;sender_device=pc\" target=\"_blank\" rel=\"noreferrer noopener nofollow\">Tiktokissa<\/a> pist\u00e4ytyneens\u00e4 tapahtumassa ja ostaneensa paketteja 180 euron arvosta.<\/p>\n<p>\u2013 Juu juu, m\u00e4 hullaannuin. N\u00e4it\u00e4 on reilusti yli kymmenen.<\/p>\n<p>Lue my\u00f6s: <a href=\"https:\/\/www.voice.fi\/ilmiot\/a-239187\" title=\"Niko Saarinen palaa radioon kahden juontajan kera \u2013 t\u00e4ss\u00e4 on NRJ:n uusi aamushow\" class=\"underline-custom !font-montserrat !font-bold !underline-offset-4 !decoration-4 !decoration-tilt-light !text-md\" rel=\"nofollow noopener\" target=\"_blank\">Niko Saarinen palaa radioon kahden juontajan kera \u2013 t\u00e4ss\u00e4 on NRJ:n uusi aamushow<\/a><\/p>\n<p>Lue my\u00f6s: <a href=\"https:\/\/www.voice.fi\/muoti-ja-kauneus\/niko-saarinen-testasi-suosittua-led-valomaskia-selvitimme-onko-siita-hyotya\" title=\"Niko Saarinen testasi suosittua led-valomaskia \u2013 selvitimme, onko siit\u00e4 hy\u00f6ty\u00e4\" class=\"underline-custom !font-montserrat !font-bold !underline-offset-4 !decoration-4 !decoration-tilt-light !text-md\" rel=\"nofollow noopener\" target=\"_blank\">Niko Saarinen testasi suosittua led-valomaskia \u2013 selvitimme, onko siit\u00e4 hy\u00f6ty\u00e4<\/a><\/p>\n<p>\u2013 T\u00e4\u00e4ll\u00e4h\u00e4n voi olla mit\u00e4 vaan perseest\u00e4 per\u00e4moottoriin.<\/p>\n<p>Videolla Saarinen avaa ensimm\u00e4iset paketit. Ensimm\u00e4isest\u00e4 paketista l\u00f6ytyv\u00e4n esineen k\u00e4ytt\u00f6tarkoitus j\u00e4\u00e4 h\u00e4nelle h\u00e4m\u00e4r\u00e4n peittoon.<\/p>\n<p>Toisesta paketista paljastuu musta body, jolle Saarisella ei kuulemma ole v\u00e4ltt\u00e4m\u00e4tt\u00e4 k\u00e4ytt\u00f6\u00e4.<\/p>\n<p>Kolmannesta paketista ilmestyy veriroiskeinen mekko.<\/p>\n<p>\u2013 En yht\u00e4\u00e4n ihmettele ett\u00e4 joku on j\u00e4tt\u00e4nyt t\u00e4m\u00e4n hakematta ja tullut katumap\u00e4\u00e4lle.<\/p>\n<p><a href=\"https:\/\/www.iltalehti.fi\/viihdeuutiset\/a\/ac570e63-942d-4aeb-8416-e173a9d0d772\" target=\"_blank\" rel=\"noreferrer noopener nofollow\">Iltalehden<\/a> artikkelissa Saarinen kertoo \u201cteurastusmekon\u201d l\u00f6yt\u00e4neen uuden omistajan:<\/p>\n<p>\u2013 \u00c4itini tykk\u00e4\u00e4 ommella, h\u00e4n meinaa verimekosta tehd\u00e4 itselleen y\u00f6paidan.<\/p>\n<p>Pop up -tapahtuma on Helsingin Kampissa 18. tammikuuta saakka.<\/p>\n<p>\t\t\t\t\t\t<script async src=\"\/\/www.tiktok.com\/embed.js\"><\/script><\/p>\n","protected":false},"excerpt":{"rendered":"Viime viikolla uutisoimme, ett\u00e4 ranskalainen King Colis -verkkokauppa on tulossa Helsinkiin pop up -tapahtumansa merkeiss\u00e4. King Colis ostaa&hellip;\n","protected":false},"author":2,"featured_media":143315,"comment_status":"","ping_status":"","sticky":false,"template":"","format":"standard","meta":{"footnotes":""},"categories":[136],"tags":[407,137,33,31,30,408,24189,24570,2840,32,24571,24572,109],"class_list":{"0":"post-143314","1":"post","2":"type-post","3":"status-publish","4":"format-standard","5":"has-post-thumbnail","7":"category-julkkikset","8":"tag-celebrities","9":"tag-entertainment","10":"tag-fi","11":"tag-finland","12":"tag-finnish","13":"tag-julkkikset","14":"tag-king-colis","15":"tag-mysteeripaketti","16":"tag-niko-saarinen","17":"tag-suomi","18":"tag-teurastusmekko","19":"tag-verinen-mekko","20":"tag-viihde"},"share_on_mastodon":{"url":"https:\/\/pubeurope.com\/@fi\/115900632458824703","error":""},"_links":{"self":[{"href":"https:\/\/www.europesays.com\/fi\/wp-json\/wp\/v2\/posts\/143314","targetHints":{"allow":["GET"]}}],"collection":[{"href":"https:\/\/www.europesays.com\/fi\/wp-json\/wp\/v2\/posts"}],"about":[{"href":"https:\/\/www.europesays.com\/fi\/wp-json\/wp\/v2\/types\/post"}],"author":[{"embeddable":true,"href":"https:\/\/www.europesays.com\/fi\/wp-json\/wp\/v2\/users\/2"}],"replies":[{"embeddable":true,"href":"https:\/\/www.europesays.com\/fi\/wp-json\/wp\/v2\/comments?post=143314"}],"version-history":[{"count":0,"href":"https:\/\/www.europesays.com\/fi\/wp-json\/wp\/v2\/posts\/143314\/revisions"}],"wp:featuredmedia":[{"embeddable":true,"href":"https:\/\/www.europesays.com\/fi\/wp-json\/wp\/v2\/media\/143315"}],"wp:attachment":[{"href":"https:\/\/www.europesays.com\/fi\/wp-json\/wp\/v2\/media?parent=143314"}],"wp:term":[{"taxonomy":"category","embeddable":true,"href":"https:\/\/www.europesays.com\/fi\/wp-json\/wp\/v2\/categories?post=143314"},{"taxonomy":"post_tag","embeddable":true,"href":"https:\/\/www.europesays.com\/fi\/wp-json\/wp\/v2\/tags?post=143314"}],"curies":[{"name":"wp","href":"https:\/\/api.w.org\/{rel}","templated":true}]}}