{"id":143316,"date":"2026-01-15T19:00:08","date_gmt":"2026-01-15T19:00:08","guid":{"rendered":"https:\/\/www.europesays.com\/fi\/143316\/"},"modified":"2026-01-15T19:00:08","modified_gmt":"2026-01-15T19:00:08","slug":"mervi-kallio-ikavia-oireita-ilta-sanomat","status":"publish","type":"post","link":"https:\/\/www.europesays.com\/fi\/143316\/","title":{"rendered":"Mervi Kallio: ik\u00e4vi\u00e4 oireita &#8211; Ilta-Sanomat"},"content":{"rendered":"<p>Mervi Kallio voi jo paremmin.<\/p>\n<p>Mervi Kallio IS:n haastattelussa Urheilugaalassa.<\/p>\n<p class=\"article-body mb-nof-24 px-nof-16\">F1-toimittaja <a class=\"font-bold underline-offset-[0.12em] [text-decoration:var(--person-link-text-decoration)] ![text-decoration-color:var(--person-link-text-decoration-color)]\" href=\"https:\/\/www.is.fi\/haku\/?query=Mervi%20Kallio\" rel=\"nofollow noopener\" target=\"_blank\">Mervi Kallio<\/a> p\u00e4\u00e4see ensi viikolla vihdoin nyrkkeilyharrastuksena pariin.<\/p>\n<p class=\"article-body mb-nof-24 px-nof-16\">\u2013\u2009I\u2019m back, Kallio iloitsi.<\/p>\n<p class=\"article-body mb-nof-24 px-nof-16\">Kallio paljasti torstaina Urheilugaalassa, ett\u00e4 h\u00e4n on k\u00e4rsinyt viime kuukausina aivot\u00e4r\u00e4hdyksen j\u00e4lkioireista. Kallio sai aivot\u00e4r\u00e4hdyksen syyskuussa, kun h\u00e4n <a class=\"underline underline-offset-[0.12em] [text-decoration-thickness:var(--generic-link-underline-thickness)] [text-decoration-color:var(--generic-link-underline-color)] [text-decoration-skip-ink:var(--generic-link-underline-skip-ink)] break-words\" href=\"https:\/\/www.is.fi\/urheilu\/art-2000011607586.html\" rel=\"nofollow noopener\" target=\"_blank\">kaatui maastopy\u00f6r\u00e4ll\u00e4<\/a>.<\/p>\n<p class=\"article-body mb-nof-24 px-nof-16\">Oireiden vuoksi nyrkkeileminen h\u00e4nen treenikaverinsa <a class=\"font-bold underline-offset-[0.12em] [text-decoration:var(--person-link-text-decoration)] ![text-decoration-color:var(--person-link-text-decoration-color)]\" href=\"https:\/\/www.is.fi\/haku\/?query=Vappu%20Pimi%C3%A4n\" rel=\"nofollow noopener\" target=\"_blank\">Vappu Pimi\u00e4n<\/a> kanssa on ollut pannassa.<\/p>\n<p class=\"article-body mb-nof-24 px-nof-16\">\u2013\u2009En ole saanut tehd\u00e4 mit\u00e4\u00e4n sellaista, jossa tulee paljon t\u00e4r\u00e4htely\u00e4. Emme me ly\u00f6 Vapun kanssa toisiamme p\u00e4\u00e4h\u00e4n, mutta iskuja voi silti tulla, Kallio sanoo.<\/p>\n<p><img decoding=\"async\" src=\"https:\/\/www.europesays.com\/fi\/wp-content\/uploads\/2026\/01\/1768503608_528_468.jpg\" alt=\"Mervi Kallio edusti kimaltelevassa haalarissa Urheilugaalassa.\" class=\"_Img_1rerz_1\" style=\"aspect-ratio:1.5\" loading=\"eager\"\/><\/p>\n<p class=\"article-picture-caption\">Mervi Kallio edusti kimaltelevassa haalarissa Urheilugaalassa. Kuva:\u00a0Rio Gandara \/ HS<\/p>\n<p class=\"article-body mb-nof-24 px-nof-16\">Kallio kertoo treenanneensa kevyesti, mutta h\u00e4n ei ole pystynyt tekem\u00e4\u00e4n raskaita treenej\u00e4.<\/p>\n<p class=\"article-body mb-nof-24 px-nof-16\">\u2013\u2009Olen kevyesti fillaroinut, v\u00e4h\u00e4n juossut ja tehnyt salitreeni\u00e4. Yritin pari kertaa tehd\u00e4 kovempia treenej\u00e4, mutta siit\u00e4 tuli aika huono olo.<\/p>\n<p class=\"article-body mb-nof-24 px-nof-16\">\u2013\u2009Ajattelin, ett\u00e4 kuuntelen ammattilaisia. L\u00e4\u00e4k\u00e4ri sanoi, ett\u00e4 ota rauhassa ja ett\u00e4 kovemmalla treenill\u00e4 oireet voivat pitkitty\u00e4.<\/p>\n<p class=\"article-body mb-nof-24 px-nof-16\">Kallio kertoi onnettomuudesta ensimm\u00e4isen kerran tuoreeltaan syyskuussa Instagramissa. Marraskuussa h\u00e4n avasi tarkemmin oireitaan somessa.<\/p>\n<p class=\"article-body mb-nof-24 px-nof-16\">\u2013\u2009Oireet: siet\u00e4m\u00e4t\u00f6n p\u00e4\u00e4ns\u00e4rky, oksentelu ja n\u00e4k\u00f6h\u00e4iri\u00f6t. Pihlajalinnan urheilul\u00e4\u00e4k\u00e4ri <a class=\"font-bold underline-offset-[0.12em] [text-decoration:var(--person-link-text-decoration)] ![text-decoration-color:var(--person-link-text-decoration-color)]\" href=\"https:\/\/www.is.fi\/haku\/?query=Petri%20Helenius\" rel=\"nofollow noopener\" target=\"_blank\">Petri Helenius <\/a>kuuli kaatumisestani, soitti heti ja sanoi napakasti, ett\u00e4 nyt pit\u00e4\u00e4 oikeasti ottaa rauhassa ja seurata tilannetta, Kallio kirjoitti marraskuussa Instagramissa.<\/p>\n","protected":false},"excerpt":{"rendered":"Mervi Kallio voi jo paremmin. Mervi Kallio IS:n haastattelussa Urheilugaalassa. F1-toimittaja Mervi Kallio p\u00e4\u00e4see ensi viikolla vihdoin nyrkkeilyharrastuksena&hellip;\n","protected":false},"author":2,"featured_media":143317,"comment_status":"","ping_status":"","sticky":false,"template":"","format":"standard","meta":{"footnotes":""},"categories":[158],"tags":[33,31,30,34,159,32,160],"class_list":{"0":"post-143316","1":"post","2":"type-post","3":"status-publish","4":"format-standard","5":"has-post-thumbnail","7":"category-urheilu","8":"tag-fi","9":"tag-finland","10":"tag-finnish","11":"tag-ilta-sanomat","12":"tag-sports","13":"tag-suomi","14":"tag-urheilu"},"share_on_mastodon":{"url":"https:\/\/pubeurope.com\/@fi\/115900660114089322","error":""},"_links":{"self":[{"href":"https:\/\/www.europesays.com\/fi\/wp-json\/wp\/v2\/posts\/143316","targetHints":{"allow":["GET"]}}],"collection":[{"href":"https:\/\/www.europesays.com\/fi\/wp-json\/wp\/v2\/posts"}],"about":[{"href":"https:\/\/www.europesays.com\/fi\/wp-json\/wp\/v2\/types\/post"}],"author":[{"embeddable":true,"href":"https:\/\/www.europesays.com\/fi\/wp-json\/wp\/v2\/users\/2"}],"replies":[{"embeddable":true,"href":"https:\/\/www.europesays.com\/fi\/wp-json\/wp\/v2\/comments?post=143316"}],"version-history":[{"count":0,"href":"https:\/\/www.europesays.com\/fi\/wp-json\/wp\/v2\/posts\/143316\/revisions"}],"wp:featuredmedia":[{"embeddable":true,"href":"https:\/\/www.europesays.com\/fi\/wp-json\/wp\/v2\/media\/143317"}],"wp:attachment":[{"href":"https:\/\/www.europesays.com\/fi\/wp-json\/wp\/v2\/media?parent=143316"}],"wp:term":[{"taxonomy":"category","embeddable":true,"href":"https:\/\/www.europesays.com\/fi\/wp-json\/wp\/v2\/categories?post=143316"},{"taxonomy":"post_tag","embeddable":true,"href":"https:\/\/www.europesays.com\/fi\/wp-json\/wp\/v2\/tags?post=143316"}],"curies":[{"name":"wp","href":"https:\/\/api.w.org\/{rel}","templated":true}]}}