{"id":143324,"date":"2026-01-15T19:06:08","date_gmt":"2026-01-15T19:06:08","guid":{"rendered":"https:\/\/www.europesays.com\/fi\/143324\/"},"modified":"2026-01-15T19:06:08","modified_gmt":"2026-01-15T19:06:08","slug":"tampereen-suurin-vuokranantaja-myy-99-asuntoa-ehto-rajoittaa-vuokrankorotusta","status":"publish","type":"post","link":"https:\/\/www.europesays.com\/fi\/143324\/","title":{"rendered":"Tampereen suurin vuokranantaja myy 99 asuntoa \u2013 ehto rajoittaa vuokrankorotusta"},"content":{"rendered":"<p>Asukkaiden nykyiset vuokrasopimukset jatkuvat kaupan j\u00e4lkeenkin.<\/p>\n<p class=\"article-body mb-nof-24 px-nof-16\">Aamulehti<\/p>\n<p class=\"article-body mb-nof-24 px-nof-16\">Tampereen Vuokratalos\u00e4\u00e4ti\u00f6 myy viisi asuinkiinteist\u00f6\u00e4, joissa on yhteens\u00e4 99 asuntoa. Asunnot sijaitsevat K\u00e4mmenniemess\u00e4 ja Multisillassa.<\/p>\n<p class=\"article-body mb-nof-24 px-nof-16\">Asunnot ostaa Sijoitusasunnot.com Group oy. Kiinteist\u00f6jen omistus- ja hallintaoikeus siirtyy uudelle omistajalle 1. helmikuuta.<\/p>\n<p class=\"article-body mb-nof-24 px-nof-16\">Asukkaat ovat saaneet tiedon omistajan vaihtumisesta. Nykyiset vuokrasopimukset ovat voimassa ja jatkuvat omistajanvaihdoksen j\u00e4lkeen.<\/p>\n<p class=\"article-body mb-nof-24 px-nof-16\">Toimitusjohtaja <a class=\"font-bold underline-offset-[0.12em] [text-decoration:var(--person-link-text-decoration)] ![text-decoration-color:var(--person-link-text-decoration-color)]\" href=\"https:\/\/www.aamulehti.fi\/haku\/?query=Satu%20Eskelinen\" rel=\"nofollow noopener\" target=\"_blank\">Satu Eskelinen<\/a> kertoo, ett\u00e4 Vuokratalos\u00e4\u00e4ti\u00f6 on tehnyt vuokrasopimuksiin tavanomaiset vuokrankorotukset, jollaiset s\u00e4\u00e4ti\u00f6 on tehnyt muidenkin asuntojensa vuokrasopimuksiin. Korotukset tulevat voimaan 1. maaliskuuta alkaen.<\/p>\n<p class=\"article-body mb-nof-24 px-nof-16\">Kauppakirjaan on kirjattu, ett\u00e4 vuokria ei sen j\u00e4lkeen koroteta ainakaan ennen kes\u00e4kuun loppua 2026.<\/p>\n<p>Kulut ovat liian isot<\/p>\n<p class=\"article-body mb-nof-24 px-nof-16\">Eskelisen mukaan kiinteist\u00f6t myyd\u00e4\u00e4n, koska niiden p\u00e4\u00e4oma- ja k\u00e4ytt\u00f6kustannukset ovat niin suuret, ett\u00e4 vuokrat ovat nousseet enemm\u00e4n kuin mik\u00e4 on s\u00e4\u00e4ti\u00f6n tavoite.<\/p>\n<p class=\"article-body mb-nof-24 px-nof-16\">Vuokratalos\u00e4\u00e4ti\u00f6n asunnoissa vuokran suuruus m\u00e4\u00e4r\u00e4ytyy omakustannusperiaatteella, ja jokaisen vuokrakohteen on katettava omat kustannuksensa.<\/p>\n<p class=\"article-body mb-nof-24 px-nof-16\">\u201dN\u00e4iss\u00e4 myyt\u00e4viss\u00e4 kohteissa vuokrat ovat l\u00e4hell\u00e4 markkinahintaa, ja remontit nostaisivat vuokria edelleen.\u201d<\/p>\n<p class=\"article-body mb-nof-24 px-nof-16\">Tampereen Vuokratalos\u00e4\u00e4ti\u00f6 on Tampereen suurin vuokranantaja, joka omistaa ja hallinnoi noin 8\u202f400 asuntoa l\u00e4hes 160 kiinteist\u00f6ss\u00e4 eri puolilla kaupunkia.<\/p>\n<p class=\"article-body mb-nof-24 px-nof-16\">Asukasvalinta perustuu asunnon tarpeen kiireellisyyteen, ja valtion tukemissa kohteissa huomioidaan lis\u00e4ksi tulo- ja varallisuusrajat.<\/p>\n<p>Remontteja ja uusia asuntoja<\/p>\n<p class=\"article-body mb-nof-24 px-nof-16\">Myynnist\u00e4 saatavat tulot Vuokratalos\u00e4\u00e4ti\u00f6 k\u00e4ytt\u00e4\u00e4 uusien vuokra-asuntojen rakentamiseen ja vanhojen korjaamiseen.<\/p>\n<p class=\"article-body mb-nof-24 px-nof-16\">Vuoden 2026 loppuun menness\u00e4 s\u00e4\u00e4ti\u00f6lle valmistuu 250 uutta tai peruskorjattua asuntoa. Peruskorjattavat asunnot sijaitsevat Hervannassa ja uudet asunnot Hatanp\u00e4\u00e4ll\u00e4 sek\u00e4 Tohlopissa.<\/p>\n<p>Mit\u00e4?<\/p>\n<p>Myyt\u00e4v\u00e4t kiinteist\u00f6t<\/p>\n<p class=\"article-body mb-nof-24 px-nof-16\">K\u00e4mmenniemi: Haavistonkatu 3\u20135 ja 6, Huikulankatu 16 ja Tapoonlahdenkatu 2<\/p>\n<p class=\"article-body mb-nof-24 px-nof-16\">Multisilta: Vuoreksenkatu 1<\/p>\n","protected":false},"excerpt":{"rendered":"Asukkaiden nykyiset vuokrasopimukset jatkuvat kaupan j\u00e4lkeenkin. Aamulehti Tampereen Vuokratalos\u00e4\u00e4ti\u00f6 myy viisi asuinkiinteist\u00f6\u00e4, joissa on yhteens\u00e4 99 asuntoa. Asunnot&hellip;\n","protected":false},"author":2,"featured_media":1431,"comment_status":"","ping_status":"","sticky":false,"template":"","format":"standard","meta":{"footnotes":""},"categories":[12],"tags":[157,22,23,26,27,33,31,30,17,24,25,28,29,15,18,21,32,19,20,16],"class_list":{"0":"post-143324","1":"post","2":"type-post","3":"status-publish","4":"format-standard","5":"has-post-thumbnail","7":"category-suomi","8":"tag-aamulehti","9":"tag-breaking-news","10":"tag-breakingnews","11":"tag-featured-news","12":"tag-featurednews","13":"tag-fi","14":"tag-finland","15":"tag-finnish","16":"tag-headlines","17":"tag-latest-news","18":"tag-latestnews","19":"tag-main-news","20":"tag-mainnews","21":"tag-news","22":"tag-otsikot","23":"tag-paauutiset","24":"tag-suomi","25":"tag-top-stories","26":"tag-topstories","27":"tag-uutiset"},"share_on_mastodon":{"url":"https:\/\/pubeurope.com\/@fi\/115900683705955666","error":""},"_links":{"self":[{"href":"https:\/\/www.europesays.com\/fi\/wp-json\/wp\/v2\/posts\/143324","targetHints":{"allow":["GET"]}}],"collection":[{"href":"https:\/\/www.europesays.com\/fi\/wp-json\/wp\/v2\/posts"}],"about":[{"href":"https:\/\/www.europesays.com\/fi\/wp-json\/wp\/v2\/types\/post"}],"author":[{"embeddable":true,"href":"https:\/\/www.europesays.com\/fi\/wp-json\/wp\/v2\/users\/2"}],"replies":[{"embeddable":true,"href":"https:\/\/www.europesays.com\/fi\/wp-json\/wp\/v2\/comments?post=143324"}],"version-history":[{"count":0,"href":"https:\/\/www.europesays.com\/fi\/wp-json\/wp\/v2\/posts\/143324\/revisions"}],"wp:featuredmedia":[{"embeddable":true,"href":"https:\/\/www.europesays.com\/fi\/wp-json\/wp\/v2\/media\/1431"}],"wp:attachment":[{"href":"https:\/\/www.europesays.com\/fi\/wp-json\/wp\/v2\/media?parent=143324"}],"wp:term":[{"taxonomy":"category","embeddable":true,"href":"https:\/\/www.europesays.com\/fi\/wp-json\/wp\/v2\/categories?post=143324"},{"taxonomy":"post_tag","embeddable":true,"href":"https:\/\/www.europesays.com\/fi\/wp-json\/wp\/v2\/tags?post=143324"}],"curies":[{"name":"wp","href":"https:\/\/api.w.org\/{rel}","templated":true}]}}