{"id":14333,"date":"2025-08-23T19:19:08","date_gmt":"2025-08-23T19:19:08","guid":{"rendered":"https:\/\/www.europesays.com\/fi\/14333\/"},"modified":"2025-08-23T19:19:08","modified_gmt":"2025-08-23T19:19:08","slug":"ala-missaa-tata-yksi-kaikkien-aikojen-parhaista-sarjoista-poistuu-netflixista","status":"publish","type":"post","link":"https:\/\/www.europesays.com\/fi\/14333\/","title":{"rendered":"\u00c4l\u00e4 missaa t\u00e4t\u00e4! Yksi kaikkien aikojen parhaista sarjoista poistuu Netflixist\u00e4"},"content":{"rendered":"<p>Taistelutoverit (Band of Brothers, 2001) poistuu Netflixin valikoimasta 14. syyskuuta.<\/p>\n<p>HBO:n legendaarista sotasarjaa pidet\u00e4\u00e4n yhten\u00e4 kaikkien aikojen parhaista tv-sarjoista. Taistelutoverit loi <strong>Steven Spielberg<\/strong> ja <strong>Tom Hanks<\/strong>, ja he toimivat sarjan tuottajina.<\/p>\n<p><strong>Stephen E. Ambrosen<\/strong> tietokirjaan perustuva minisarja kertoo E-komppaniasta, toisen maailmansodan laskuvarjojoukoista, jonka uroty\u00f6t olivat uskomattomia mutta silti tosia. Suurenmoinen tarina kertoo ilmavoimien rykmentin rohkeudesta, uhrautumisesta ja toveruudesta alkaen vuoden 1942 peruskoulutuksesta Georgiassa aina siihen saakka, kun se valloitti Hitlerin \u201dsaavuttamattoman\u201d kotkanpes\u00e4n Berchtesgadenissa vuonna 1945. Jokainen jakso alkaa E-komppanian oikeiden j\u00e4senten tuoreilla haastatteluilla, joista siirryt\u00e4\u00e4n komppanian historian t\u00e4rkeiden tapahtumien dramatisointiin.<\/p>\n<p>Vaikka klassikon asemassa oleva minisarja on HBO:n tuotantoa, Taistelutoverit lis\u00e4ttiin vuonna 2023 kilpailevan suoratoistopalvelun Netflixin valikoimaan. T\u00e4m\u00e4 johtui siit\u00e4, ett\u00e4 HBO:n emoyhti\u00f6 Warner Bros. Discovery myi sarjojensa esitysoikeuksia hankkiakseen lis\u00e4tuloja. Esimerkiksi sellaiset HBO-klassikot kuin Mullan alla ja Sinkkuel\u00e4m\u00e4\u00e4 l\u00f6ytyv\u00e4t my\u00f6s Netflixist\u00e4.<\/p>\n<p>Sarjan <a href=\"https:\/\/www.rottentomatoes.com\/tv\/band_of_brothers\" rel=\"nofollow noopener\" target=\"_blank\">Rotten Tomatoes -prosentti<\/a> on 94.<\/p>\n<p>Katso traileri alta.<\/p>\n<p><img loading=\"lazy\" decoding=\"async\" alt=\"YouTube video\" width=\"480\" height=\"360\" data-pin-nopin=\"true\" nopin=\"nopin\" class=\"perfmatters-lazy\" src=\"https:\/\/www.europesays.com\/fi\/wp-content\/uploads\/2025\/08\/1755976747_172_hqdefault.jpg\"\/><\/p>\n<p>Lue my\u00f6s: <a href=\"https:\/\/www.episodi.fi\/uutiskirje\/?uutiskirjemainos=tekstilinkkimainos\" title=\"Tilaa Episodin uutiskirje ja voit voittaa leffalippuja! Nappaa tv-vinkit suoraan s\u00e4hk\u00f6postiin t\u00e4st\u00e4.\" class=\"underline-custom !font-montserrat !font-bold !underline-offset-4 !decoration-4 !decoration-episodi-blue !text-md\" rel=\"nofollow noopener\" target=\"_blank\">Tilaa Episodin uutiskirje ja voit voittaa leffalippuja! Nappaa katseluvinkit suoraan s\u00e4hk\u00f6postiin t\u00e4st\u00e4.<\/a><\/p>\n","protected":false},"excerpt":{"rendered":"Taistelutoverit (Band of Brothers, 2001) poistuu Netflixin valikoimasta 14. syyskuuta. HBO:n legendaarista sotasarjaa pidet\u00e4\u00e4n yhten\u00e4 kaikkien aikojen parhaista&hellip;\n","protected":false},"author":2,"featured_media":14334,"comment_status":"","ping_status":"","sticky":false,"template":"","format":"standard","meta":{"footnotes":""},"categories":[130],"tags":[137,33,31,30,217,32,109],"class_list":{"0":"post-14333","1":"post","2":"type-post","3":"status-publish","4":"format-standard","5":"has-post-thumbnail","7":"category-viihde","8":"tag-entertainment","9":"tag-fi","10":"tag-finland","11":"tag-finnish","12":"tag-netflix","13":"tag-suomi","14":"tag-viihde"},"share_on_mastodon":{"url":"","error":""},"_links":{"self":[{"href":"https:\/\/www.europesays.com\/fi\/wp-json\/wp\/v2\/posts\/14333","targetHints":{"allow":["GET"]}}],"collection":[{"href":"https:\/\/www.europesays.com\/fi\/wp-json\/wp\/v2\/posts"}],"about":[{"href":"https:\/\/www.europesays.com\/fi\/wp-json\/wp\/v2\/types\/post"}],"author":[{"embeddable":true,"href":"https:\/\/www.europesays.com\/fi\/wp-json\/wp\/v2\/users\/2"}],"replies":[{"embeddable":true,"href":"https:\/\/www.europesays.com\/fi\/wp-json\/wp\/v2\/comments?post=14333"}],"version-history":[{"count":0,"href":"https:\/\/www.europesays.com\/fi\/wp-json\/wp\/v2\/posts\/14333\/revisions"}],"wp:featuredmedia":[{"embeddable":true,"href":"https:\/\/www.europesays.com\/fi\/wp-json\/wp\/v2\/media\/14334"}],"wp:attachment":[{"href":"https:\/\/www.europesays.com\/fi\/wp-json\/wp\/v2\/media?parent=14333"}],"wp:term":[{"taxonomy":"category","embeddable":true,"href":"https:\/\/www.europesays.com\/fi\/wp-json\/wp\/v2\/categories?post=14333"},{"taxonomy":"post_tag","embeddable":true,"href":"https:\/\/www.europesays.com\/fi\/wp-json\/wp\/v2\/tags?post=14333"}],"curies":[{"name":"wp","href":"https:\/\/api.w.org\/{rel}","templated":true}]}}