{"id":143339,"date":"2026-01-15T19:32:07","date_gmt":"2026-01-15T19:32:07","guid":{"rendered":"https:\/\/www.europesays.com\/fi\/143339\/"},"modified":"2026-01-15T19:32:07","modified_gmt":"2026-01-15T19:32:07","slug":"paakirjoitus-nyt-nauretaan-petteri-orpon-fiaskolle-huomasitko-mita-mullistavaa-han-suomelle-oikeasti-teki-iltalehti","status":"publish","type":"post","link":"https:\/\/www.europesays.com\/fi\/143339\/","title":{"rendered":"P\u00e4\u00e4kirjoitus Nyt nauretaan Petteri Orpon fiaskolle \u2013 Huomasitko, mit\u00e4 mullistavaa h\u00e4n Suomelle oikeasti teki? &#8211; Iltalehti"},"content":{"rendered":"<ol>\n<li><a href=\"https:\/\/news.google.com\/rss\/articles\/CBMiggFBVV95cUxOOFotQ0FhdGg5OUN4RGhTQjFfWkNHZ2VHekJiU0FhTk4xLWIyakxtZVFXZEZoVzU1WnhOSENkc2NSWEJlUHh0cW9pM2ZFMjlDemtiaVdCVVZhRmxRckl2clA1NXpSb09GUkJSLVNtMDlKVzkxdjBWay0xY3N6SF9YS3J3?oc=5\" target=\"_blank\" rel=\"nofollow noopener\">P\u00e4\u00e4kirjoitus Nyt nauretaan Petteri Orpon fiaskolle \u2013 Huomasitko, mit\u00e4 mullistavaa h\u00e4n Suomelle oikeasti teki?<\/a>&nbsp;&nbsp;Iltalehti<\/li>\n<li><a href=\"https:\/\/news.google.com\/rss\/articles\/CBMi0AFBVV95cUxQdGNDVEdxb0h3NHJGSkNtUU5obnZROVozcDJPRDNtQjJoRUZuQkRBU1BOYkpFbEQzSFdOSEVVbXl3Z01JSTFiQ2dTRW5iS2xBOFZTWnplaGxfMnNRSkFqSVI2ampmRkY4LWY0VVZpUU94elNfSnpoaHFqR1F4Mmk5NVdDRHJheU1QWUxqazJsTnVtOG9JX0R4RDg5aVZvWjdrUF9Dcm0xRE9mRzRWUmpFT1lfY08zRzN1dV9DUXNvYmtoWVJpN1p0WVFNVHFTQTVu?oc=5\" target=\"_blank\" rel=\"nofollow noopener\">Lukijalta: Pelkk\u00e4 leikkaaminen ei luo kasvua \u2013 Suomi tarvitsee suunnanmuutoksen ja tekemisen meininki\u00e4<\/a>&nbsp;&nbsp;Suomenmaa.fi<\/li>\n<li><a href=\"https:\/\/news.google.com\/rss\/articles\/CBMiqgFBVV95cUxNdGhWZDR2VEdlZTUyYS03ZXFMeWxDNGQzbXlyUnlrSzZIcWtYTDBIT25XWWYwak9oaU9yVWVjaV9SV1lQOWhkdV82c2hYQW1mVXQ4anlXbThTbE9TbUM2ZWZ5cE1nV0tRVDd1RGR4SGY5LWppQW1vYVBrTWRCaEhWbGV2RHByRS1EVFVLNndhUm0xSlRUUnE2MTJHV2pzUHltME9kUjZFNkNIZw?oc=5\" target=\"_blank\" rel=\"nofollow noopener\">Juuri kukaan ei esit\u00e4 ideoita siit\u00e4, kuinka hyvinvointivaltiota voitaisiin vahvistaa<\/a>&nbsp;&nbsp;Demokraatti.fi<\/li>\n<li><a href=\"https:\/\/news.google.com\/rss\/articles\/CBMib0FVX3lxTFBCcjdBU1BKT1Jjanl4REVCZGhBU29LdS1ITjdzMFZhX0lXWlZ3OVhNc1U3Yml6ZzhITThyOTVuazJTajE0Umdjd2gtdW1BWjd6LUo4bjkweGVUV3ZtbVZJR3FPZjM1Xy1QWlNOaWVsbw?oc=5\" target=\"_blank\" rel=\"nofollow noopener\">Lukijalta: Tyhji\u00e4 lupauksia<\/a>&nbsp;&nbsp;Suomenmaa.fi<\/li>\n<\/ol>\n","protected":false},"excerpt":{"rendered":"P\u00e4\u00e4kirjoitus Nyt nauretaan Petteri Orpon fiaskolle \u2013 Huomasitko, mit\u00e4 mullistavaa h\u00e4n Suomelle oikeasti teki?&nbsp;&nbsp;Iltalehti Lukijalta: Pelkk\u00e4 leikkaaminen ei&hellip;\n","protected":false},"author":2,"featured_media":143340,"comment_status":"","ping_status":"","sticky":false,"template":"","format":"standard","meta":{"footnotes":""},"categories":[12],"tags":[35,22,23,26,27,33,31,30,17,24,25,28,29,15,18,21,637,886,888,885,887,32,19,20,16],"class_list":{"0":"post-143339","1":"post","2":"type-post","3":"status-publish","4":"format-standard","5":"has-post-thumbnail","7":"category-suomi","8":"tag-24h","9":"tag-breaking-news","10":"tag-breakingnews","11":"tag-featured-news","12":"tag-featurednews","13":"tag-fi","14":"tag-finland","15":"tag-finnish","16":"tag-headlines","17":"tag-latest-news","18":"tag-latestnews","19":"tag-main-news","20":"tag-mainnews","21":"tag-news","22":"tag-otsikot","23":"tag-paauutiset","24":"tag-politiikka","25":"tag-puolueet","26":"tag-suomalaiset-poliitikot","27":"tag-suomen-poliittiset-puolueet","28":"tag-suomen-politiikka","29":"tag-suomi","30":"tag-top-stories","31":"tag-topstories","32":"tag-uutiset"},"share_on_mastodon":{"url":"https:\/\/pubeurope.com\/@fi\/115900785828867327","error":""},"_links":{"self":[{"href":"https:\/\/www.europesays.com\/fi\/wp-json\/wp\/v2\/posts\/143339","targetHints":{"allow":["GET"]}}],"collection":[{"href":"https:\/\/www.europesays.com\/fi\/wp-json\/wp\/v2\/posts"}],"about":[{"href":"https:\/\/www.europesays.com\/fi\/wp-json\/wp\/v2\/types\/post"}],"author":[{"embeddable":true,"href":"https:\/\/www.europesays.com\/fi\/wp-json\/wp\/v2\/users\/2"}],"replies":[{"embeddable":true,"href":"https:\/\/www.europesays.com\/fi\/wp-json\/wp\/v2\/comments?post=143339"}],"version-history":[{"count":0,"href":"https:\/\/www.europesays.com\/fi\/wp-json\/wp\/v2\/posts\/143339\/revisions"}],"wp:featuredmedia":[{"embeddable":true,"href":"https:\/\/www.europesays.com\/fi\/wp-json\/wp\/v2\/media\/143340"}],"wp:attachment":[{"href":"https:\/\/www.europesays.com\/fi\/wp-json\/wp\/v2\/media?parent=143339"}],"wp:term":[{"taxonomy":"category","embeddable":true,"href":"https:\/\/www.europesays.com\/fi\/wp-json\/wp\/v2\/categories?post=143339"},{"taxonomy":"post_tag","embeddable":true,"href":"https:\/\/www.europesays.com\/fi\/wp-json\/wp\/v2\/tags?post=143339"}],"curies":[{"name":"wp","href":"https:\/\/api.w.org\/{rel}","templated":true}]}}