{"id":143343,"date":"2026-01-15T19:34:05","date_gmt":"2026-01-15T19:34:05","guid":{"rendered":"https:\/\/www.europesays.com\/fi\/143343\/"},"modified":"2026-01-15T19:34:05","modified_gmt":"2026-01-15T19:34:05","slug":"jopa-puolet-pikkulinnuista-kuolee-talven-aikana-paukkupakkaset-verottavat-lintuja-kovalla-kadella-maaseudun-tulevaisuus","status":"publish","type":"post","link":"https:\/\/www.europesays.com\/fi\/143343\/","title":{"rendered":"Jopa puolet pikkulinnuista kuolee talven aikana \u2013 paukkupakkaset verottavat lintuja kovalla k\u00e4dell\u00e4 &#8211; Maaseudun Tulevaisuus"},"content":{"rendered":"<ol>\n<li><a href=\"https:\/\/news.google.com\/rss\/articles\/CBMihAFBVV95cUxOUGMxQk5MRE52aWItd2txNG5NcFVtX1h6eFdNY2RoeWcxTDNSem1mLWpYN1VoQW56VldhWDA4bmVoNWJrVmxHTWNaV3BJUGJ4Rm5QV3NObjY3cWx2ZnVrUnJoZmRnYk51MTM0VWt5UU9HSjV6ZEgwOUdEbFJ3M2o3V3AwNWE?oc=5\" target=\"_blank\" rel=\"nofollow noopener\">Jopa puolet pikkulinnuista kuolee talven aikana \u2013 paukkupakkaset verottavat lintuja kovalla k\u00e4dell\u00e4<\/a>&nbsp;&nbsp;Maaseudun Tulevaisuus<\/li>\n<li><a href=\"https:\/\/news.google.com\/rss\/articles\/CBMiW0FVX3lxTFBBOE1KM05MZFlKeU05Y21hVEt5bEp3WDU2aUF1U2FRc05RVTlrZF9vZzJDOGpqZ0V5Y0JoV0R3SVF1NV9sU3R1dURHdGYwUW1SclZPNmJvYS1JaFE?oc=5\" target=\"_blank\" rel=\"nofollow noopener\">Savon Aallot -podcast | Leuto alkutalvi ja per\u00e4\u00e4n kovat pakkaset \u2013 miten erikoinen Pohjois-Savon talvi vaikuttaa lintuihin?<\/a>&nbsp;&nbsp;Savon Sanomat<\/li>\n<li><a href=\"https:\/\/news.google.com\/rss\/articles\/CBMif0FVX3lxTE8zQXZ1Q3p3U1lQQVpMY3NYc2NmQ3R6LWNPQlg5WndJQjVaeElzRFQ4M2I0ZUttd1F4NDlfczA1TS1yZFhQa3FhekswVFhHbVJOOVJuWVl1d1p3MlZsamUwQjJUcWs2Y1JIaVVLbjRTNzFiSUpFMlE5S1lkRkREWDA?oc=5\" target=\"_blank\" rel=\"nofollow noopener\">Kova pakkastalvi on koettelemus linnuille \u2013 On t\u00e4rke\u00e4\u00e4 jatkaa talviruokintaa kev\u00e4\u00e4seen asti<\/a>&nbsp;&nbsp;UutisOiva<\/li>\n<li><a href=\"https:\/\/news.google.com\/rss\/articles\/CBMihAFBVV95cUxPemFkRkNlbmFRSHRGaUQweXdXZU1mMm9rZ09ZMnFKUUFRT0dOME5YaWhCY0xfZlNEczQySXVmVnllazhBNEx0Njc3WW1jZGdCaFVtNHFVV3NKQXpfTllqX3NjcWhrNDVkSU1xR3N2elg2X3JJSGtiRFZ5VzdPQnRHRERiSnk?oc=5\" target=\"_blank\" rel=\"nofollow noopener\">Linnut el\u00e4v\u00e4t pakkasilla s\u00e4\u00e4st\u00f6liekill\u00e4 ja k\u00e4ynnist\u00e4v\u00e4t tarvittaessa l\u00e4mm\u00f6ntuotannon<\/a>&nbsp;&nbsp;Maaseudun Tulevaisuus<\/li>\n<li><a href=\"https:\/\/news.google.com\/rss\/articles\/CBMisAFBVV95cUxPbG51aTJELU5DeDU3MHEtMi1LUk9vLWZrVUdZekU1SXFKdFkwdks0ODBiWmNiM0RHd2dHUXpHS2Q5VmdnZkdxR2ZOLUlmcWZvMndnTkdic3lEX2R6UWxJMXZxRDVSd25zaWxMOUxhOVlyazBJZ1RYT1NtQVVuaDNNWjNUWGQ3OVZHcnJ1SmpuMGc0QVYxODgzMWhzanB1dzVnSEItOW5aMlZZTUVobFdPag?oc=5\" target=\"_blank\" rel=\"nofollow noopener\">Mustarastaat pulassa ja marjalinnut kateissa \u2013 yksi lintu yll\u00e4tt\u00e4\u00e4 iloisesti<\/a>&nbsp;&nbsp;mtvuutiset.fi<\/li>\n<\/ol>\n","protected":false},"excerpt":{"rendered":"Jopa puolet pikkulinnuista kuolee talven aikana \u2013 paukkupakkaset verottavat lintuja kovalla k\u00e4dell\u00e4&nbsp;&nbsp;Maaseudun Tulevaisuus Savon Aallot -podcast | Leuto&hellip;\n","protected":false},"author":2,"featured_media":143344,"comment_status":"","ping_status":"","sticky":false,"template":"","format":"standard","meta":{"footnotes":""},"categories":[117],"tags":[33,31,30,72,476,118,32,119,477],"class_list":{"0":"post-143343","1":"post","2":"type-post","3":"status-publish","4":"format-standard","5":"has-post-thumbnail","7":"category-luonto","8":"tag-fi","9":"tag-finland","10":"tag-finnish","11":"tag-luonto","12":"tag-nature","13":"tag-science","14":"tag-suomi","15":"tag-tiede","16":"tag-wildlife"},"share_on_mastodon":{"url":"https:\/\/pubeurope.com\/@fi\/115900793619368798","error":""},"_links":{"self":[{"href":"https:\/\/www.europesays.com\/fi\/wp-json\/wp\/v2\/posts\/143343","targetHints":{"allow":["GET"]}}],"collection":[{"href":"https:\/\/www.europesays.com\/fi\/wp-json\/wp\/v2\/posts"}],"about":[{"href":"https:\/\/www.europesays.com\/fi\/wp-json\/wp\/v2\/types\/post"}],"author":[{"embeddable":true,"href":"https:\/\/www.europesays.com\/fi\/wp-json\/wp\/v2\/users\/2"}],"replies":[{"embeddable":true,"href":"https:\/\/www.europesays.com\/fi\/wp-json\/wp\/v2\/comments?post=143343"}],"version-history":[{"count":0,"href":"https:\/\/www.europesays.com\/fi\/wp-json\/wp\/v2\/posts\/143343\/revisions"}],"wp:featuredmedia":[{"embeddable":true,"href":"https:\/\/www.europesays.com\/fi\/wp-json\/wp\/v2\/media\/143344"}],"wp:attachment":[{"href":"https:\/\/www.europesays.com\/fi\/wp-json\/wp\/v2\/media?parent=143343"}],"wp:term":[{"taxonomy":"category","embeddable":true,"href":"https:\/\/www.europesays.com\/fi\/wp-json\/wp\/v2\/categories?post=143343"},{"taxonomy":"post_tag","embeddable":true,"href":"https:\/\/www.europesays.com\/fi\/wp-json\/wp\/v2\/tags?post=143343"}],"curies":[{"name":"wp","href":"https:\/\/api.w.org\/{rel}","templated":true}]}}