{"id":143345,"date":"2026-01-15T19:37:07","date_gmt":"2026-01-15T19:37:07","guid":{"rendered":"https:\/\/www.europesays.com\/fi\/143345\/"},"modified":"2026-01-15T19:37:07","modified_gmt":"2026-01-15T19:37:07","slug":"mars-oli-muinoin-puoliksi-veden-peitossa-2","status":"publish","type":"post","link":"https:\/\/www.europesays.com\/fi\/143345\/","title":{"rendered":"Mars oli muinoin puoliksi veden peitossa"},"content":{"rendered":"<p>Sveitsil\u00e4inen tutkimus vahvistaa aiemmat todisteet siit\u00e4, ett\u00e4 Marsissa lainehti valtameri noin kolme miljardia vuotta sitten. Naapurimme meri oli tuolloin v\u00e4hint\u00e4\u00e4n yht\u00e4 suuri kuin maapallon Pohjoinen j\u00e4\u00e4meri.\u00a0&#13;<\/p>\n<p class=\"bodytext\">Jo vuosikymmenen ajan on ollut selv\u00e4\u00e4, ett\u00e4 punainen planeetta oli muinoin vetinen. Kuva el\u00e4m\u00e4lle sopivasta ymp\u00e4rist\u00f6st\u00e4 on rakentunut hiljalleen useiden toisiaan tukevien tutkimusten my\u00f6t\u00e4.\u00a0\n<\/p>\n<p>Uusin palapelin pala on sveitsil\u00e4inen tutkimus Valles Marineriksen jyrkill\u00e4 rinteill\u00e4 n\u00e4hdyist\u00e4 muodostelmista. Tutkijoiden mukaan ne muistuttavat maapallon jokisuistoja.\n<\/p>\n<p>\u201cSuistorakenteet kehittyv\u00e4t paikkoihin, joissa joet laskevat valtameriin, kuten tied\u00e4mme lukuisista esimerkeist\u00e4 maapallolla. Kuvista tunnistamamme rakenteet ovat selv\u00e4sti jokien suita valtamereen\u201d, selitt\u00e4\u00e4 <strong>Fritz Schlunegger<\/strong> Bernin yliopistosta.\n<\/p>\n<p>Nyt julkaistu tutkimus siis vahvistaa aiemmat todisteet siit\u00e4, ett\u00e4 Marsissa oli valtameri noin kolme miljardia vuotta sitten. Tulokset osoittavat my\u00f6s, ett\u00e4 Marsin valtameri oli tuolloin v\u00e4hint\u00e4\u00e4n yht\u00e4 suuri kuin meid\u00e4n Pohjoinen j\u00e4\u00e4meremme.\u00a0\n<\/p>\n<p>\u201cEmme ole ensimm\u00e4isi\u00e4, jotka esitt\u00e4v\u00e4t valtameren olemassaoloa ja arviota sen koosta. Aiemmat v\u00e4itteet kuitenkin perustuivat v\u00e4hemm\u00e4n tarkkaan dataan ja osittain ep\u00e4suoriin argumentteihin. Meid\u00e4n rekonstruktiomme merenpinnan tasosta perustuu selke\u00e4\u00e4n n\u00e4ytt\u00f6\u00f6n rannikon olemassaolosta, sill\u00e4 pystyimme k\u00e4ytt\u00e4m\u00e4\u00e4n korkean tarkkuuden kuvia\u201d, Schlunegger sanoo.\n<\/p>\n<p><a href=\"https:\/\/mediarelations.unibe.ch\/media_releases\/2026\/media_releases_2026\/mars_was_half_covered_by_an_ocean\/index_eng.html#msdynmkt_trackingcontext=50c3d764-2929-482f-8490-7e899ec50100\" target=\"_blank\" rel=\"noreferrer nofollow noopener\">Aiheesta lis\u00e4\u00e4 Bernin yliopisto<\/a> (englanniksi)<\/p>\n","protected":false},"excerpt":{"rendered":"Sveitsil\u00e4inen tutkimus vahvistaa aiemmat todisteet siit\u00e4, ett\u00e4 Marsissa lainehti valtameri noin kolme miljardia vuotta sitten. Naapurimme meri oli&hellip;\n","protected":false},"author":2,"featured_media":143237,"comment_status":"","ping_status":"","sticky":false,"template":"","format":"standard","meta":{"footnotes":""},"categories":[114],"tags":[453,33,31,30,118,452,32,119],"class_list":{"0":"post-143345","1":"post","2":"type-post","3":"status-publish","4":"format-standard","5":"has-post-thumbnail","7":"category-avaruus","8":"tag-avaruus","9":"tag-fi","10":"tag-finland","11":"tag-finnish","12":"tag-science","13":"tag-space","14":"tag-suomi","15":"tag-tiede"},"share_on_mastodon":{"url":"https:\/\/pubeurope.com\/@fi\/115900805433849646","error":""},"_links":{"self":[{"href":"https:\/\/www.europesays.com\/fi\/wp-json\/wp\/v2\/posts\/143345","targetHints":{"allow":["GET"]}}],"collection":[{"href":"https:\/\/www.europesays.com\/fi\/wp-json\/wp\/v2\/posts"}],"about":[{"href":"https:\/\/www.europesays.com\/fi\/wp-json\/wp\/v2\/types\/post"}],"author":[{"embeddable":true,"href":"https:\/\/www.europesays.com\/fi\/wp-json\/wp\/v2\/users\/2"}],"replies":[{"embeddable":true,"href":"https:\/\/www.europesays.com\/fi\/wp-json\/wp\/v2\/comments?post=143345"}],"version-history":[{"count":0,"href":"https:\/\/www.europesays.com\/fi\/wp-json\/wp\/v2\/posts\/143345\/revisions"}],"wp:featuredmedia":[{"embeddable":true,"href":"https:\/\/www.europesays.com\/fi\/wp-json\/wp\/v2\/media\/143237"}],"wp:attachment":[{"href":"https:\/\/www.europesays.com\/fi\/wp-json\/wp\/v2\/media?parent=143345"}],"wp:term":[{"taxonomy":"category","embeddable":true,"href":"https:\/\/www.europesays.com\/fi\/wp-json\/wp\/v2\/categories?post=143345"},{"taxonomy":"post_tag","embeddable":true,"href":"https:\/\/www.europesays.com\/fi\/wp-json\/wp\/v2\/tags?post=143345"}],"curies":[{"name":"wp","href":"https:\/\/api.w.org\/{rel}","templated":true}]}}