{"id":143346,"date":"2026-01-15T19:45:08","date_gmt":"2026-01-15T19:45:08","guid":{"rendered":"https:\/\/www.europesays.com\/fi\/143346\/"},"modified":"2026-01-15T19:45:08","modified_gmt":"2026-01-15T19:45:08","slug":"sinkkuna-viihtyva-emma-kimilainen-kaansi-katseita-kireassa-haalariasussa-urheilugaalassa","status":"publish","type":"post","link":"https:\/\/www.europesays.com\/fi\/143346\/","title":{"rendered":"Sinkkuna viihtyv\u00e4 Emma Kimil\u00e4inen k\u00e4\u00e4nsi katseita kire\u00e4ss\u00e4 haalariasussa Urheilugaalassa."},"content":{"rendered":"<p>            Timo Korhonen\n        <\/p>\n<p class=\"subtitle \">MM-titteleit\u00e4 rohmuava kilpakuski k\u00e4\u00e4nsi katseita Urheilugaalassa.<\/p>\n<p class=\"article-content article-content-width !bg-background\">, 36, tekee harvinaisen kovaa j\u00e4lke\u00e4 kilpaveneiden E1-sarjassa.<\/p>\n<p class=\"font-weight-bold m-font-weight-bold article-content article-content-width !bg-background\">Videolla Emma Kimil\u00e4isen sinkkutilitys Urheilugaalassa:<\/p>\n<p class=\"article-content article-content-width !bg-background\">Amerikkalaista Team Bradya edustava Emma nappasi hiljattain kollegansa  kanssa jo toisen per\u00e4kk\u00e4isen MM-tittelin.<\/p>\n<p class=\"article-content article-content-width !bg-background\">\u2013 Ihan sairaan hyv\u00e4 fiilis kyll\u00e4, Emma hehkuttaa Seiskalle.<\/p>\n<p class=\"article-content article-content-width !bg-background\">\u2013 Itse asiassa ensi viikolla l\u00e4hdet\u00e4\u00e4n hakemaan jo hattutemppua. Suuntaan silloin kauden avauskisaan, h\u00e4n kertoo.<\/p>\n<p>        <a itemprop=\"url\" href=\"https:\/\/www.seiska.fi\/kotimaa\/huikea-halkio-sinkkukuski-emma-kimilainen-loksautti-leuat\/1546581\" rel=\"nofollow noopener\" target=\"_blank\"><\/p>\n<p class=\"section-date\">\n        <strong class=\"article-section\" data-section=\"kotimaa\"><br \/>\n            kotimaa<br \/>\n        <\/strong><br \/>\n        9.12.2024 14:27\n    <\/p>\n<p>Huikea halkio! Sinkkukuski Emma Kimil\u00e4inen loksautti leuat\n    <\/p>\n<p itemprop=\"description\" class=\"subtitle \">\n    \u2013 T\u00e4\u00e4ll\u00e4 on kielt\u00e4m\u00e4tt\u00e4 hyv\u00e4nn\u00e4k\u00f6isi\u00e4 ihmisi\u00e4, Emma heitti pilke silm\u00e4kulmassa Seiskan reportterille.\n<\/p>\n<p>        <\/a><\/p>\n<p>Nauttii j\u00e4ttiliksasta<\/p>\n<p class=\"article-content article-content-width !bg-background\">Emman edustaman Team Bradyn taustalta l\u00f6ytyy upprikas amerikkalainen NFL-legenda , 48.<\/p>\n<p class=\"article-content article-content-width !bg-background\">E1-tallilla on rahaa kuin roskaa \u2013 ja Emman ajopalkkiot sen mukaiset.<\/p>\n<p>        <a itemprop=\"url\" href=\"https:\/\/www.seiska.fi\/urheilu\/emma-kimilainen-viihtyi-venetsiassa-supertahden-kanssa-aarimmaisen-mukava\/1457532\" rel=\"nofollow noopener\" target=\"_blank\"><\/p>\n<p class=\"section-date\">\n        <strong class=\"article-section\" data-section=\"urheilu\"><br \/>\n            urheilu<br \/>\n        <\/strong><br \/>\n        15.9.2024 10:00\n    <\/p>\n<p>Emma Kimil\u00e4inen viihtyi Venetsiassa supert\u00e4hden kanssa \u2013 &#8221;\u00c4\u00e4rimm\u00e4isen mukava&#8221;\n    <\/p>\n<p itemprop=\"description\" class=\"subtitle \">\n    Suomalaiskuljettaja ty\u00f6skentelee amerikkalaisurheilun suurlegendalle.\n<\/p>\n<p>        <\/a><\/p>\n<p class=\"article-content article-content-width !bg-background\">\u2013 Saan ihan hyv\u00e4\u00e4 fyrkkaa. Kyll\u00e4 m\u00e4 p\u00e4rj\u00e4\u00e4n, sanotaan n\u00e4in.<\/p>\n<p class=\"article-content article-content-width !bg-background\">\u2013 Ja voittamisesta saa aina lis\u00e4\u00e4 fyrkkaa. On ihan kiva, ett\u00e4 siell\u00e4 on my\u00f6s sellaisia porkkanoita, Emma iloitsee.<\/p>\n<p>                <img decoding=\"async\" src=\"https:\/\/www.europesays.com\/fi\/wp-content\/uploads\/2026\/01\/2047824.webp.jpeg\" width=\"576\" height=\"720\" alt=\"Emma Kimil\u00e4inen k\u00e4\u00e4nsi katseita Urheilugaalassa.\" loading=\"lazy\" \/>            <\/p>\n<p>\n            Emma Kimil\u00e4inen k\u00e4\u00e4nsi katseita Urheilugaalassa.<br \/>\n            Timo Korhonen\n        <\/p>\n<p>Huikea haalariasu<\/p>\n<p class=\"article-content article-content-width !bg-background\">Kaksinkertainen maailmanmestari suorastaan hehkui Urheilugaalan punaisella matolla.<\/p>\n<p class=\"article-content article-content-width !bg-background\">Runsaasti katseita k\u00e4\u00e4nt\u00e4nyt Emma oli sonnustaunut valkoiseen kokohaalariasuun, joka ei j\u00e4\u00e4nyt kenelt\u00e4k\u00e4\u00e4n huomaamatta.<\/p>\n<p>        <a itemprop=\"url\" href=\"https:\/\/www.seiska.fi\/vain-seiskassa\/sami-hyypia-bongattiin-levilla-kaunottaren-kanssa-nyt-puhuu-kolmekymppinen-jenni\/1639482\" rel=\"nofollow noopener\" target=\"_blank\"><\/p>\n<p>\nHyypi\u00e4 &amp; kaunotar Levill\u00e4\n<\/p>\n<p class=\"section-date\">\n        <strong class=\"article-section\" data-section=\"vain seiskassa\"><br \/>\n            vain seiskassa<br \/>\n        <\/strong><br \/>\n        13.3.2025 06:00\n    <\/p>\n<p>Sami Hyypi\u00e4 bongattiin Levill\u00e4 kaunottaren kanssa \u2013 nyt puhuu kolmekymppinen Jenni\n    <\/p>\n<p itemprop=\"description\" class=\"subtitle \">\n    Kouvolalainen kaunotar vakuuttaa olevansa vain kaveri futismiljon\u00e4\u00e4rin kanssa.\n<\/p>\n<p>        <\/a><\/p>\n<p class=\"article-content article-content-width !bg-background\">Kaulaakin koristi n\u00e4ytt\u00e4v\u00e4 koru. Siin\u00e4 komeilivat sopivasti kirjaimet M ja M.<\/p>\n<p class=\"article-content article-content-width !bg-background\">\u2013 Joo, v\u00e4h\u00e4n t\u00e4mm\u00f6inen MM-henkinen. Suomalainen koru, Emma myh\u00e4ilee.<\/p>\n<p>                <img decoding=\"async\" src=\"https:\/\/www.europesays.com\/fi\/wp-content\/uploads\/2026\/01\/2047836.webp.jpeg\" width=\"576\" height=\"706\" alt=\"Kilpakuskilla oli yll\u00e4\u00e4n valkoinen haalariasu.\" loading=\"lazy\" \/>            <\/p>\n<p>\n            Kilpakuskilla oli yll\u00e4\u00e4n valkoinen haalariasu.<br \/>\n            Timo Korhonen\n        <\/p>\n<p>Napakka sinkkutilitys<\/p>\n<p class=\"article-content article-content-width !bg-background\">Emman parisuhdekuviot ovat kiinnostaneet kovasti kansalaisia. Kuskikaunotar on viihtynyt jo jonkin aikaa sinkkumarkkinoilla.<\/p>\n<p class=\"article-content article-content-width !bg-background\">\u2013 Silt\u00e4 saralta ei ole oikein mit\u00e4\u00e4n kerrottavaa, Emma parahtaa.<\/p>\n<p class=\"article-content article-content-width !bg-background\">H\u00e4n lis\u00e4\u00e4 olevansa tyytyv\u00e4inen el\u00e4m\u00e4\u00e4ns\u00e4. Mit\u00e4\u00e4n sen kummempaa miesihannetta h\u00e4nell\u00e4 ei ole.<\/p>\n<p class=\"article-content article-content-width !bg-background\">\u2013 Ei ole mit\u00e4\u00e4n sellaista listaa. Uskon enemm\u00e4nkin energioihin.<\/p>\n<p class=\"font-weight-bold m-font-weight-bold article-content article-content-width !bg-background\">Eli ymm\u00e4rt\u00e4\u00e4k\u00f6 reportteri oikein, ett\u00e4 sitten jos kolahtaa, niin se kolahtaa?<\/p>\n<p class=\"article-content article-content-width !bg-background\">\u2013 Se on just niin!<\/p>\n","protected":false},"excerpt":{"rendered":"Timo Korhonen MM-titteleit\u00e4 rohmuava kilpakuski k\u00e4\u00e4nsi katseita Urheilugaalassa. , 36, tekee harvinaisen kovaa j\u00e4lke\u00e4 kilpaveneiden E1-sarjassa. Videolla Emma&hellip;\n","protected":false},"author":2,"featured_media":143347,"comment_status":"","ping_status":"","sticky":false,"template":"","format":"standard","meta":{"footnotes":""},"categories":[136],"tags":[407,24577,13047,137,33,31,30,408,24574,24576,8193,14829,651,32,24578,24579,160,24580,24575,109],"class_list":{"0":"post-143346","1":"post","2":"type-post","3":"status-publish","4":"format-standard","5":"has-post-thumbnail","7":"category-julkkikset","8":"tag-celebrities","9":"tag-e1-series","10":"tag-emma-kimilainen","11":"tag-entertainment","12":"tag-fi","13":"tag-finland","14":"tag-finnish","15":"tag-julkkikset","16":"tag-sahkovene","17":"tag-sam-coleman","18":"tag-sinkku","19":"tag-sinkkutilitys","20":"tag-suhteet","21":"tag-suomi","22":"tag-team-brady","23":"tag-tom-brady","24":"tag-urheilu","25":"tag-urheilugaala","26":"tag-urheilugaala-2026","27":"tag-viihde"},"share_on_mastodon":{"url":"https:\/\/pubeurope.com\/@fi\/115900836980207849","error":""},"_links":{"self":[{"href":"https:\/\/www.europesays.com\/fi\/wp-json\/wp\/v2\/posts\/143346","targetHints":{"allow":["GET"]}}],"collection":[{"href":"https:\/\/www.europesays.com\/fi\/wp-json\/wp\/v2\/posts"}],"about":[{"href":"https:\/\/www.europesays.com\/fi\/wp-json\/wp\/v2\/types\/post"}],"author":[{"embeddable":true,"href":"https:\/\/www.europesays.com\/fi\/wp-json\/wp\/v2\/users\/2"}],"replies":[{"embeddable":true,"href":"https:\/\/www.europesays.com\/fi\/wp-json\/wp\/v2\/comments?post=143346"}],"version-history":[{"count":0,"href":"https:\/\/www.europesays.com\/fi\/wp-json\/wp\/v2\/posts\/143346\/revisions"}],"wp:featuredmedia":[{"embeddable":true,"href":"https:\/\/www.europesays.com\/fi\/wp-json\/wp\/v2\/media\/143347"}],"wp:attachment":[{"href":"https:\/\/www.europesays.com\/fi\/wp-json\/wp\/v2\/media?parent=143346"}],"wp:term":[{"taxonomy":"category","embeddable":true,"href":"https:\/\/www.europesays.com\/fi\/wp-json\/wp\/v2\/categories?post=143346"},{"taxonomy":"post_tag","embeddable":true,"href":"https:\/\/www.europesays.com\/fi\/wp-json\/wp\/v2\/tags?post=143346"}],"curies":[{"name":"wp","href":"https:\/\/api.w.org\/{rel}","templated":true}]}}