{"id":143354,"date":"2026-01-15T19:56:11","date_gmt":"2026-01-15T19:56:11","guid":{"rendered":"https:\/\/www.europesays.com\/fi\/143354\/"},"modified":"2026-01-15T19:56:11","modified_gmt":"2026-01-15T19:56:11","slug":"salaperainen-akkutehdas-aloittaa-tuotannon-imatralla-tiloja-valvotaan-ymparille-rakennetaan-aita-etela-karjala","status":"publish","type":"post","link":"https:\/\/www.europesays.com\/fi\/143354\/","title":{"rendered":"Salaper\u00e4inen akkutehdas aloittaa tuotannon Imatralla \u2013 tiloja valvotaan, ymp\u00e4rille rakennetaan aita | Etel\u00e4-Karjala"},"content":{"rendered":"<p class=\"aw-1gybjub aw-5vja16 kEtdKx kmuxyA yle__article__paragraph\">Nordic Nano Group aloittaa pian akkukennojen valmistuksen. Yrityksen emoyhti\u00f6 Donut Lab on her\u00e4tt\u00e4nyt paljon huomiota kiinte\u00e4n akun kehityksell\u00e4\u00e4n.<\/p>\n<p><img decoding=\"async\" alt=\"Yrityksen toimitilat lumisessa maisemassa aamuh\u00e4m\u00e4r\u00e4ss\u00e4 Imatralla.\" src=\"https:\/\/www.europesays.com\/fi\/wp-content\/uploads\/2026\/01\/39-158162569689c4015acb.jpeg\" class=\"aw-1l9m598 hKVVvP\"\/><\/p>\n<p>Avaa kuvien katselu<\/p>\n<p>Akku- ja aurinkopaneeliteknologiayritys Nordic Nano Group aikoo suojata Imatran Teppanalassa sijaitsevat toimitilansa aidalla yritysvakoilun est\u00e4miseksi. Kuva: Tanja Hannus \/ Yle<\/p>\n<ul class=\"aw-1jjocuh iJTSwP yle__article__list yle__article__list--ul\">\n<li class=\"aw-1j7gwms gNYKfi\">Imatralainen teknologiayritys Nordic Nano Group on tehostanut turvatoimiaan teollisuusvakoilun est\u00e4miseksi.<\/li>\n<li class=\"aw-1j7gwms gNYKfi\">Yhti\u00f6n p\u00e4\u00e4sijoittaja on Donut Lab -yritys, joka kertoo kehitt\u00e4neens\u00e4 uudenlaisen, kiinte\u00e4n olomuodon akun.<\/li>\n<li class=\"aw-1j7gwms gNYKfi\">Asiantuntijat ovat suhtautuneet julkistukseen ep\u00e4ilev\u00e4sti ja kyseenalaistaneet teknologian.<\/li>\n<li class=\"aw-1j7gwms gNYKfi\">Asiakkailla testattavien akkukennojen ja aurinkoenergiaa ker\u00e4\u00e4vien pinnoitteiden prototyyppien valmistus alkaa Imatralla t\u00e4m\u00e4n vuoden ensimm\u00e4isell\u00e4 puoliskolla.<\/li>\n<\/ul>\n<p class=\"aw-1gybjub aw-1p7kakr kEtdKx cEmitX yle__article__paragraph\">Imatralainen teknologiayritys Nordic Nano Group on lis\u00e4nnyt turvatoimia, vaikka se on vasta k\u00e4ynnist\u00e4m\u00e4ss\u00e4 toimintaansa. Teppanalan kaupunginosassa sijaitsevan tehtaan ymp\u00e4rille on rakenteilla aidat. Asiasta kertoi ensin <a class=\"aw-iao6s4 iHOxEa yle__article__link\" href=\"https:\/\/www.uutisvuoksi.fi\/paikalliset\/9133701\" role=\"link\" rel=\"nofollow noopener\" target=\"_blank\">Uutisvuoksi<\/a>.<\/p>\n<p><img decoding=\"async\" alt=\"Nordic Nano Groupin sijainti Imatran kartalla.\" src=\"https:\/\/www.europesays.com\/fi\/wp-content\/uploads\/2026\/01\/39-13655956711f9286e7c0.jpeg\" loading=\"lazy\" class=\"aw-1l9m598 hKVVvP\"\/><\/p>\n<p>Avaa kuvien katselu<\/p>\n<p>Akku- ja aurinkopaneelien valmistukseen keskittyv\u00e4 Nordic Nano Group sijaitsee Imatralla. Kuva: Mirjam Tahkokorpi \/ Yle, Mapcreator, Open Street Map<\/p>\n<p class=\"aw-1gybjub aw-1p7kakr kEtdKx cEmitX yle__article__paragraph\">Turvatoimien tarkoituksena on est\u00e4\u00e4 yritysvakoilua. Kiinnostus yrityst\u00e4 kohtaan on kasvanut, sill\u00e4 sen p\u00e4\u00e4omasijoittaja Donut Lab on saanut paljon julkisuutta. Yhti\u00f6 kertoi pari viikkoa sitten Las Vegasin teknologiamessuilla, ett\u00e4 se on valmistanut kiinte\u00e4n olomuodon akun. Asiasta uutisoi <a class=\"aw-iao6s4 iHOxEa yle__article__link\" href=\"https:\/\/www.hs.fi\/visio\/art-2000011737252.html\" role=\"link\" rel=\"nofollow noopener\" target=\"_blank\">Helsingin Sanomat<\/a>.<\/p>\n<p class=\"aw-1gybjub aw-1p7kakr kEtdKx cEmitX yle__article__paragraph\">Tavallinen litiumioniakku on kuin mehupurkki: sis\u00e4ll\u00e4 on nestett\u00e4. Jos purkki vaurioituu, neste voi vuotaa tai sytty\u00e4. Kiinte\u00e4 akku on kuin kiinte\u00e4 pala: siin\u00e4 ei ole nestett\u00e4 ollenkaan. Siksi se on turvallinen ja kest\u00e4\u00e4 hyvin kulutusta.<\/p>\n<p class=\"aw-1gybjub aw-1p7kakr kEtdKx cEmitX yle__article__paragraph\">Donut Labin sisaryhti\u00f6 Verge Motorcycles alkaa toimittaa n\u00e4ill\u00e4 akuilla varustettuja moottoripy\u00f6ri\u00e4 jo kev\u00e4\u00e4ll\u00e4.<\/p>\n<p class=\"aw-1gybjub aw-1p7kakr kEtdKx cEmitX yle__article__paragraph\">Akkuteknologia on kansainv\u00e4lisesti kilpailtua. Esimerkiksi Kiina panostaa voimakkaasti litiumioniakkujen tuotantoon. Siksi Nordic Nano haluaa suojautua teollisuusvakoilulta, sanoo toimitusjohtaja Esa Parjanen.<\/p>\n<p class=\"aw-1gybjub aw-1p7kakr kEtdKx cEmitX yle__article__paragraph\">\u2013 Emme halua avata, miten teemme tuotteemme. Se on yrityssalaisuus.<\/p>\n<p class=\"aw-1gybjub aw-1p7kakr kEtdKx cEmitX yle__article__paragraph\">Parjanen sanoo, ett\u00e4 tilojen suojaaminen on normaalia.<br \/>Nyt turvatoimia on tehostettu, koska Donut Lab on her\u00e4tt\u00e4nyt paljon kiinnostusta.<\/p>\n<p><img decoding=\"async\" alt=\"Yrityksen toimitilat lumisessa maisemassa aamuh\u00e4m\u00e4r\u00e4ss\u00e4 Imatralla.\" src=\"https:\/\/www.europesays.com\/fi\/wp-content\/uploads\/2026\/01\/39-158163069689c42a0c03.jpeg\" loading=\"lazy\" class=\"aw-1l9m598 hKVVvP\"\/><\/p>\n<p>Avaa kuvien katselu<\/p>\n<p>Nordic Nano Group aloittaa akkukennojen valmistuksen entisess\u00e4 marketrakennuksessa Imatralla. Kuva: Tanja Hannus \/ YleDonut Lab on saanut kritiikki\u00e4<\/p>\n<p class=\"aw-1gybjub aw-1p7kakr kEtdKx cEmitX yle__article__paragraph\">Asiantuntijat ovat arvioineet, ett\u00e4 Donut Labin kiinte\u00e4n akun kuorien alla saattaa olla kondensaattori. He ovat my\u00f6s kyseenalaistaneet akun suorituskyky\u00e4 ja teknologian ep\u00e4selv\u00e4\u00e4 taustaa.<\/p>\n<p class=\"aw-1gybjub aw-1p7kakr kEtdKx cEmitX yle__article__paragraph\">\u2013 Emme olisi tehneet julkistusta, ellemme olisi varmoja, ett\u00e4 t\u00e4m\u00e4 on olemassa ja ett\u00e4 sit\u00e4 aletaan toimittaa melko nopeasti. Toki t\u00e4m\u00e4 my\u00f6s todennetaan ulkopuolisilla tahoilla, Parjanen sanoo.<\/p>\n<p class=\"aw-1gybjub aw-1p7kakr kEtdKx cEmitX yle__article__paragraph\">Parjanen ei kerro, valmistetaanko akkuja Imatralla vai jossain muualla.<\/p>\n<p class=\"aw-1gybjub aw-1p7kakr kEtdKx cEmitX yle__article__paragraph\">Teknologiaa olisi Parjasen mukaan mahdollista k\u00e4ytt\u00e4\u00e4 tulevaisuudessa my\u00f6s puolustusteollisuudessa.<\/p>\n<p class=\"aw-1gybjub aw-1p7kakr kEtdKx cEmitX yle__article__paragraph\">Kyseess\u00e4 on kiinte\u00e4elektrodinen akku, joka voidaan ladata ja purkaa nopeasti.<\/p>\n<p class=\"aw-1gybjub aw-1p7kakr kEtdKx cEmitX yle__article__paragraph\">\u2013 Se my\u00f6s pystyy yll\u00e4pit\u00e4m\u00e4\u00e4n latauksen, mit\u00e4 superkondensaattori ei voi tehd\u00e4, Parjanen lis\u00e4\u00e4.<\/p>\n<p><img decoding=\"async\" alt=\"Tiktokin datakeskuksen rakennusty\u00f6maa-alue kuvattuna dronella Kouvolan Korialla.\" src=\"https:\/\/www.europesays.com\/fi\/wp-content\/uploads\/2026\/01\/39-154094368f61e835a3ab.jpeg\" loading=\"lazy\" class=\"aw-1l9m598 hKVVvP\"\/><\/p>\n<p>Avaa kuvien katselu<\/p>\n<p>Nordic Nano haluaa olla mukana tehostamassa esimerkiksi datakeskusten toimintaa. Kuvituskuvassa datakeskusty\u00f6maa Korialla. Kuva: Antro Valo \/ YleImatralle rekrytoidaan ensi vuonna<\/p>\n<p class=\"aw-1gybjub aw-1p7kakr kEtdKx cEmitX yle__article__paragraph\">Nordic Nano alkaa tuottaa aurinkopaneeleja ja aurinkoenegiaa ker\u00e4\u00e4vi\u00e4 ohutkalvopinnoitteita.<\/p>\n<p class=\"aw-1gybjub aw-1p7kakr kEtdKx cEmitX yle__article__paragraph\">Yritys alkaa valmistaa prototyyppej\u00e4 akkukennoista ja aurinkoenergiaa ker\u00e4\u00e4vist\u00e4 pinnoitteista jo ennen kes\u00e4\u00e4. Asiakkaat p\u00e4\u00e4sev\u00e4t testaamaan niit\u00e4. Varsinainen massatuotanto alkaa syksyll\u00e4.<\/p>\n<p class=\"aw-1gybjub aw-1p7kakr kEtdKx cEmitX yle__article__paragraph\">Yritys palkkaa lis\u00e4\u00e4 ihmisi\u00e4 sen mukaan, miten tuotanto k\u00e4ynnistyy. Aluksi k\u00e4ynnistet\u00e4\u00e4n yksi tuotantolinja.<\/p>\n<p class=\"aw-1gybjub aw-1p7kakr kEtdKx cEmitX yle__article__paragraph\">\u2013 Suurin osa ty\u00f6ntekij\u00f6iden palkkaamisesta ei tapahdu viel\u00e4 t\u00e4m\u00e4n vuoden aikana, Parjanen vahvistaa.<\/p>\n<p class=\"aw-1gybjub aw-1p7kakr kEtdKx cEmitX yle__article__paragraph\">H\u00e4n uskoo, ett\u00e4 uudentyyppinen aurinkopaneeli, joka pystyy ker\u00e4\u00e4m\u00e4\u00e4n energiaa kaksinkertaisen m\u00e4\u00e4r\u00e4n perinteiseen verrattuna, k\u00e4ynnist\u00e4\u00e4 uudelleen aurinkopuistojen rakentamisen uudelleen. Nykyisell\u00e4 s\u00e4hk\u00f6nhinnalla ja piikennopohjaisilla aurinkopaneeleilla aurinkopuistot eiv\u00e4t Parjasen mukaan ole kannattavia<\/p>\n<p class=\"aw-1gybjub aw-1p7kakr kEtdKx cEmitX yle__article__paragraph\">\u2013 Teknologiamme kiinnostaa my\u00f6s datakeskuksia, sill\u00e4 se voi parantaa niiden tehokkuutta ja energiaomavaraisuutta.<\/p>\n<p>Kuvaus: Ville Toijonen \/ Yle Editointi Mirjam Tahkokorpi \/ Yle <\/p>\n","protected":false},"excerpt":{"rendered":"Nordic Nano Group aloittaa pian akkukennojen valmistuksen. Yrityksen emoyhti\u00f6 Donut Lab on her\u00e4tt\u00e4nyt paljon huomiota kiinte\u00e4n akun kehityksell\u00e4\u00e4n.&hellip;\n","protected":false},"author":2,"featured_media":143355,"comment_status":"","ping_status":"","sticky":false,"template":"","format":"standard","meta":{"footnotes":""},"categories":[76],"tags":[6863,10582,79,77,2038,1302,33,31,30,736,71,1431,32,78,92,3904],"class_list":{"0":"post-143354","1":"post","2":"type-post","3":"status-publish","4":"format-standard","5":"has-post-thumbnail","7":"category-talous","8":"tag-akut","9":"tag-aurinkovoimalat","10":"tag-business","11":"tag-economy","12":"tag-energia","13":"tag-etela-karjala","14":"tag-fi","15":"tag-finland","16":"tag-finnish","17":"tag-imatra","18":"tag-kotimaa","19":"tag-palvelinkeskukset","20":"tag-suomi","21":"tag-talous","22":"tag-teknologia","23":"tag-teknologiateollisuus"},"share_on_mastodon":{"url":"https:\/\/pubeurope.com\/@fi\/115900880377827571","error":""},"_links":{"self":[{"href":"https:\/\/www.europesays.com\/fi\/wp-json\/wp\/v2\/posts\/143354","targetHints":{"allow":["GET"]}}],"collection":[{"href":"https:\/\/www.europesays.com\/fi\/wp-json\/wp\/v2\/posts"}],"about":[{"href":"https:\/\/www.europesays.com\/fi\/wp-json\/wp\/v2\/types\/post"}],"author":[{"embeddable":true,"href":"https:\/\/www.europesays.com\/fi\/wp-json\/wp\/v2\/users\/2"}],"replies":[{"embeddable":true,"href":"https:\/\/www.europesays.com\/fi\/wp-json\/wp\/v2\/comments?post=143354"}],"version-history":[{"count":0,"href":"https:\/\/www.europesays.com\/fi\/wp-json\/wp\/v2\/posts\/143354\/revisions"}],"wp:featuredmedia":[{"embeddable":true,"href":"https:\/\/www.europesays.com\/fi\/wp-json\/wp\/v2\/media\/143355"}],"wp:attachment":[{"href":"https:\/\/www.europesays.com\/fi\/wp-json\/wp\/v2\/media?parent=143354"}],"wp:term":[{"taxonomy":"category","embeddable":true,"href":"https:\/\/www.europesays.com\/fi\/wp-json\/wp\/v2\/categories?post=143354"},{"taxonomy":"post_tag","embeddable":true,"href":"https:\/\/www.europesays.com\/fi\/wp-json\/wp\/v2\/tags?post=143354"}],"curies":[{"name":"wp","href":"https:\/\/api.w.org\/{rel}","templated":true}]}}