{"id":143356,"date":"2026-01-15T19:57:09","date_gmt":"2026-01-15T19:57:09","guid":{"rendered":"https:\/\/www.europesays.com\/fi\/143356\/"},"modified":"2026-01-15T19:57:09","modified_gmt":"2026-01-15T19:57:09","slug":"isn-tiedot-eduskunnan-puolustusvaliokunta-halytetty-istuntotauolta-ylimaaraiseen-kokoukseen","status":"publish","type":"post","link":"https:\/\/www.europesays.com\/fi\/143356\/","title":{"rendered":"IS:n tiedot: Eduskunnan puolustusvaliokunta h\u00e4lytetty istuntotauolta ylim\u00e4\u00e4r\u00e4iseen kokoukseen"},"content":{"rendered":"<p>Eduskunnan puolustusvaliokunta on kutsuttu poikkeuksellisesti istuntotauolta kokoukseen. Aiheena on Gr\u00f6nlantiin liittyv\u00e4t asiat sek\u00e4 Tanskan pyynt\u00f6 Suomelle, l\u00e4hteet kertovat IS:lle.<\/p>\n<p class=\"article-body mb-nof-24 px-nof-16\">Eduskunnan puolustusvaliokunta on poikkeuksellisesti kutsuttu istuntotauolta ylim\u00e4\u00e4r\u00e4iseen kokoukseen ensi viikon tiistaiksi. Asiasta kertovat Ilta-Sanomille korkeat ulko- ja turvallisuuspolitiikan l\u00e4hteet.<\/p>\n<p class=\"article-body mb-nof-24 px-nof-16\">IS:n tietojen mukaan puolustusvaliokunta k\u00e4sittelee kokouksessaan Gr\u00f6nlannin tilannetta sek\u00e4 Suomelle annettua pyynt\u00f6\u00e4 l\u00e4hett\u00e4\u00e4 sotilaita sotaharjoitukseen Gr\u00f6nlantiin.<\/p>\n<p class=\"article-body mb-nof-24 px-nof-16\">Aiemmin uutisoitiin, ett\u00e4 Suomi l\u00e4hetti jo kaksi yhteysupseeria \u201dtutustumaan harjoitustoiminnan mahdollisuuksiin\u201d. IS:n l\u00e4hteiden mukaan harjoitukseen osallistumisesta on m\u00e4\u00e4r\u00e4 keskustella valiokunnassa, mutta kysymys on Suomen valtiojohdolle vaikea.<\/p>\n<p><img decoding=\"async\" src=\"https:\/\/www.europesays.com\/fi\/wp-content\/uploads\/2026\/01\/1768507028_18_468.jpg\" alt=\"Puolustusvaliokunnan puheenjohtaja Heikki Autto (kok).\" class=\"_Img_1rerz_1\" style=\"aspect-ratio:1.5\" loading=\"eager\"\/><\/p>\n<p class=\"article-picture-caption\">Puolustusvaliokunnan puheenjohtaja Heikki Autto (kok). Kuva:\u00a0Stella Pictures \/ AOP<\/p>\n<p class=\"article-body mb-nof-24 px-nof-16\">IS:n ulko- ja turvallisuuspolitiikan l\u00e4hteiden mukaan Suomi haluaa auttaa Tanskaa Gr\u00f6nlannin kysymyksen suhteen, mutta samalla valtiojohdossa kytee huoli siit\u00e4, aiheuttaisiko lis\u00e4sotilaiden l\u00e4hett\u00e4minen \u00e4rsytyst\u00e4 Yhdysvalloissa ja etenkin sen presidentiss\u00e4 <a class=\"font-bold underline-offset-[0.12em] [text-decoration:var(--person-link-text-decoration)] ![text-decoration-color:var(--person-link-text-decoration-color)]\" href=\"https:\/\/www.is.fi\/haku\/?query=Donald%20Trumpissa\" rel=\"nofollow noopener\" target=\"_blank\">Donald Trumpissa<\/a>.<\/p>\n<p class=\"article-body mb-nof-24 px-nof-16\">Puolustusvaliokunnan puheenjohtaja <a class=\"font-bold underline-offset-[0.12em] [text-decoration:var(--person-link-text-decoration)] ![text-decoration-color:var(--person-link-text-decoration-color)]\" href=\"https:\/\/www.is.fi\/haku\/?query=Heikki%20Autto\" rel=\"nofollow noopener\" target=\"_blank\">Heikki Autto<\/a> (kok) vahvistaa IS:n tiedot. H\u00e4nen mukaansa Suomen l\u00e4hialueilla tapahtuu nyt asioita, joilla on vaikutusta my\u00f6s Suomeen.<\/p>\n<p class=\"article-body mb-nof-24 px-nof-16\">\u2013 Siksi on t\u00e4rke\u00e4\u00e4 ett\u00e4 puolustusvaliokunta kokoontuu tiistaina p\u00e4ivitt\u00e4m\u00e4\u00e4n tiedot ja k\u00e4ym\u00e4\u00e4n keskustelua puolustusministerin kanssa Suomen toimintalinjoista, Autto sanoo.<\/p>\n<p class=\"article-body mb-nof-24 px-nof-16\">Ulko- ja turvallisuuspolitiikan asiantuntija <a class=\"font-bold underline-offset-[0.12em] [text-decoration:var(--person-link-text-decoration)] ![text-decoration-color:var(--person-link-text-decoration-color)]\" href=\"https:\/\/www.is.fi\/haku\/?query=Henri%20Vanhanen\" rel=\"nofollow noopener\" target=\"_blank\">Henri Vanhanen<\/a> arvioi aiemmin IS:lle, ett\u00e4 Suomi voisi osallistua sotaharjoitukseen pienell\u00e4 ja rajatulla panoksella.<\/p>\n<p class=\"article-body mb-nof-24 px-nof-16\">\u2013 En miss\u00e4\u00e4n tapauksessa usko laajempaan joukkojen l\u00e4hett\u00e4miseen, h\u00e4n totesi.<\/p>\n<p class=\"article-body mb-nof-24 px-nof-16\">Samalla puolustusvaliokunnan on m\u00e4\u00e4r\u00e4 k\u00e4sitell\u00e4 ylim\u00e4\u00e4r\u00e4isess\u00e4 kokouksessaan Ukrainan tilannetta ja halukkaiden koalition uusia linjauksia Ukrainan turvatakuista.<\/p>\n<p class=\"article-body mb-nof-24 px-nof-16\">Eduskunnan ja valiokuntaty\u00f6n on m\u00e4\u00e4r\u00e4 jatkua vasta helmikuussa. Tammikuun valiokunta on istuntotauolla. Valiokunnan kutsuminen kokoukseen kesken istuntotauon on poikkeuksellista.<\/p>\n<p><img decoding=\"async\" src=\"https:\/\/www.europesays.com\/fi\/wp-content\/uploads\/2026\/01\/1768507028_582_468.jpg\" alt=\"Tanska j\u00e4rjest\u00e4\u00e4 Gr\u00f6nlannissa sotaharjoituksen.\" class=\"_Img_1rerz_1\" style=\"aspect-ratio:1.5011727912431587\" loading=\"eager\"\/><\/p>\n<p class=\"article-picture-caption\">Tanska j\u00e4rjest\u00e4\u00e4 Gr\u00f6nlannissa sotaharjoituksen. Kuva:\u00a0Reuters<\/p>\n<p class=\"article-body mb-nof-24 px-nof-16\">Tanskan sotaharjoituksen taustalla ovat Yhdysvaltain presidentin Donald Trumpin puheet Gr\u00f6nlannin haltuun ottamisesta. Trump on perustellut Gr\u00f6nlanti-puheitaan kansallisella turvallisuudella ja Kiinan ja Ven\u00e4j\u00e4n aktiivisuudella arktisella alueella.<\/p>\n<p class=\"article-body mb-nof-24 px-nof-16\">Tanskan ja Gr\u00f6nlannin ulkoministerit <a class=\"font-bold underline-offset-[0.12em] [text-decoration:var(--person-link-text-decoration)] ![text-decoration-color:var(--person-link-text-decoration-color)]\" href=\"https:\/\/www.is.fi\/haku\/?query=Lars%20L%C3%B8kke%20Rasmussen\" rel=\"nofollow noopener\" target=\"_blank\">Lars L\u00f8kke Rasmussen<\/a> ja <a class=\"font-bold underline-offset-[0.12em] [text-decoration:var(--person-link-text-decoration)] ![text-decoration-color:var(--person-link-text-decoration-color)]\" href=\"https:\/\/www.is.fi\/haku\/?query=Vivian%20Motzfeldt\" rel=\"nofollow noopener\" target=\"_blank\">Vivian Motzfeldt<\/a> tapasivat keskiviikkona Gr\u00f6nlannissa Yhdysvaltain varapresidentti <a class=\"font-bold underline-offset-[0.12em] [text-decoration:var(--person-link-text-decoration)] ![text-decoration-color:var(--person-link-text-decoration-color)]\" href=\"https:\/\/www.is.fi\/haku\/?query=J.%20D.%20Vancen\" rel=\"nofollow noopener\" target=\"_blank\">J. D. Vancen<\/a> sek\u00e4 ulkoministeri <a class=\"font-bold underline-offset-[0.12em] [text-decoration:var(--person-link-text-decoration)] ![text-decoration-color:var(--person-link-text-decoration-color)]\" href=\"https:\/\/www.is.fi\/haku\/?query=Marco%20Rubion\" rel=\"nofollow noopener\" target=\"_blank\">Marco Rubion<\/a>.<\/p>\n<p><img decoding=\"async\" src=\"https:\/\/www.europesays.com\/fi\/wp-content\/uploads\/2026\/01\/1768507029_173_468.jpg\" alt=\"Yhdysvaltojen presidentti Donald Trump on ilmoittanut, ett\u00e4 Yhdysvallat haluaa liitt\u00e4\u00e4 Gr\u00f6nlannin osaksi itse\u00e4\u00e4n. Trump on sanonut aiemmin, ett\u00e4 on valmis neuvottelemaan Gr\u00f6nlannin ostamisesta, mutta ei ole rajannut sotilaallisia toimia pois.\" class=\"_Img_1rerz_1\" style=\"aspect-ratio:1.5\" loading=\"eager\"\/><\/p>\n<p class=\"article-picture-caption\">Yhdysvaltojen presidentti Donald Trump on ilmoittanut, ett\u00e4 Yhdysvallat haluaa liitt\u00e4\u00e4 Gr\u00f6nlannin osaksi itse\u00e4\u00e4n. Trump on sanonut aiemmin, ett\u00e4 on valmis neuvottelemaan Gr\u00f6nlannin ostamisesta, mutta ei ole rajannut sotilaallisia toimia pois. Kuva:\u00a0Reuters<\/p>\n<p class=\"article-body mb-nof-24 px-nof-16\">Kokouksessa keskusteltiin osapuolten n\u00e4kemyksist\u00e4 Gr\u00f6nlantiin liittyen, mutta varsinaista ratkaisua kokouksessa ei syntynyt. Yhdysvallat haluaa edelleen Gr\u00f6nlannin itselleen \u201dkansallisen turvallisuuden\u201d nimiss\u00e4, mutta Gr\u00f6nlanti ja Tanska ovat asiasta tyystin eri linjoilla.<\/p>\n<p class=\"article-body mb-nof-24 px-nof-16\">Tanska on p\u00e4\u00e4tt\u00e4nyt j\u00e4rjest\u00e4\u00e4 Gr\u00f6nlannissa Operation Arctic Endurance -sotaharjoituksen, johon toistaiseksi ainakin Ruotsi, Norja, Saksa ja Ranska ovat ilmoittaneet l\u00e4hett\u00e4v\u00e4ns\u00e4 sotilaitaan.<\/p>\n","protected":false},"excerpt":{"rendered":"Eduskunnan puolustusvaliokunta on kutsuttu poikkeuksellisesti istuntotauolta kokoukseen. Aiheena on Gr\u00f6nlantiin liittyv\u00e4t asiat sek\u00e4 Tanskan pyynt\u00f6 Suomelle, l\u00e4hteet kertovat&hellip;\n","protected":false},"author":2,"featured_media":143357,"comment_status":"","ping_status":"","sticky":false,"template":"","format":"standard","meta":{"footnotes":""},"categories":[14],"tags":[22,23,26,27,33,31,30,17,34,24,25,28,29,15,18,21,32,19,20,56,16,59,60,61],"class_list":{"0":"post-143356","1":"post","2":"type-post","3":"status-publish","4":"format-standard","5":"has-post-thumbnail","7":"category-ulkomaat","8":"tag-breaking-news","9":"tag-breakingnews","10":"tag-featured-news","11":"tag-featurednews","12":"tag-fi","13":"tag-finland","14":"tag-finnish","15":"tag-headlines","16":"tag-ilta-sanomat","17":"tag-latest-news","18":"tag-latestnews","19":"tag-main-news","20":"tag-mainnews","21":"tag-news","22":"tag-otsikot","23":"tag-paauutiset","24":"tag-suomi","25":"tag-top-stories","26":"tag-topstories","27":"tag-ulkomaat","28":"tag-uutiset","29":"tag-world","30":"tag-world-news","31":"tag-worldnews"},"share_on_mastodon":{"url":"https:\/\/pubeurope.com\/@fi\/115900884212223966","error":""},"_links":{"self":[{"href":"https:\/\/www.europesays.com\/fi\/wp-json\/wp\/v2\/posts\/143356","targetHints":{"allow":["GET"]}}],"collection":[{"href":"https:\/\/www.europesays.com\/fi\/wp-json\/wp\/v2\/posts"}],"about":[{"href":"https:\/\/www.europesays.com\/fi\/wp-json\/wp\/v2\/types\/post"}],"author":[{"embeddable":true,"href":"https:\/\/www.europesays.com\/fi\/wp-json\/wp\/v2\/users\/2"}],"replies":[{"embeddable":true,"href":"https:\/\/www.europesays.com\/fi\/wp-json\/wp\/v2\/comments?post=143356"}],"version-history":[{"count":0,"href":"https:\/\/www.europesays.com\/fi\/wp-json\/wp\/v2\/posts\/143356\/revisions"}],"wp:featuredmedia":[{"embeddable":true,"href":"https:\/\/www.europesays.com\/fi\/wp-json\/wp\/v2\/media\/143357"}],"wp:attachment":[{"href":"https:\/\/www.europesays.com\/fi\/wp-json\/wp\/v2\/media?parent=143356"}],"wp:term":[{"taxonomy":"category","embeddable":true,"href":"https:\/\/www.europesays.com\/fi\/wp-json\/wp\/v2\/categories?post=143356"},{"taxonomy":"post_tag","embeddable":true,"href":"https:\/\/www.europesays.com\/fi\/wp-json\/wp\/v2\/tags?post=143356"}],"curies":[{"name":"wp","href":"https:\/\/api.w.org\/{rel}","templated":true}]}}