{"id":143360,"date":"2026-01-15T19:59:07","date_gmt":"2026-01-15T19:59:07","guid":{"rendered":"https:\/\/www.europesays.com\/fi\/143360\/"},"modified":"2026-01-15T19:59:07","modified_gmt":"2026-01-15T19:59:07","slug":"valkoinen-talo-iranin-oli-tarkoitus-teloittaa-keskiviikkona-800-ihmista-uutisia-lyhyesti","status":"publish","type":"post","link":"https:\/\/www.europesays.com\/fi\/143360\/","title":{"rendered":"Valkoinen talo: Iranin oli tarkoitus teloittaa keskiviikkona 800 ihmist\u00e4 | Uutisia lyhyesti"},"content":{"rendered":"<p class=\"aw-1gybjub aw-1p7kakr kEtdKx cEmitX yle__article__paragraph\">Valkoisen talon mukaan Iran aikoi teloittaa keskiviikkona 800 ihmist\u00e4 ennen teloitussuunnitelmien hylk\u00e4\u00e4mist\u00e4.<\/p>\n<p class=\"aw-1gybjub aw-1p7kakr kEtdKx cEmitX yle__article__paragraph\">Valkoisen talon lehdist\u00f6sihteeri Karoline Leavitt kertoi asiasta lehdist\u00f6tilaisuudessa torstaina.<\/p>\n<p class=\"aw-1gybjub aw-1p7kakr kEtdKx cEmitX yle__article__paragraph\">Leavittin mukaan Yhdysvaltain presidentti Donald Trump teki Iranille selv\u00e4ksi, ett\u00e4 jos tappaminen jatkuu, seuraukset ovat vakavia.<\/p>\n<p class=\"aw-1gybjub aw-1p7kakr kEtdKx cEmitX yle__article__paragraph\">Iran sanoi tiistaina aloittavansa pian mielenosoittajien teloitukset. Torstain vastaisena y\u00f6n\u00e4 julkaistussa Fox Newsin haastattelussa Iranin ulkoministeri kuitenkin totesi, ett\u00e4 teloituksia ei olisi en\u00e4\u00e4 suunnitteilla.<\/p>\n","protected":false},"excerpt":{"rendered":"Valkoisen talon mukaan Iran aikoi teloittaa keskiviikkona 800 ihmist\u00e4 ennen teloitussuunnitelmien hylk\u00e4\u00e4mist\u00e4. Valkoisen talon lehdist\u00f6sihteeri Karoline Leavitt kertoi&hellip;\n","protected":false},"author":2,"featured_media":74,"comment_status":"","ping_status":"","sticky":false,"template":"","format":"standard","meta":{"footnotes":""},"categories":[5],"tags":[22,23,585,26,27,33,31,30,17,3363,3648,5022,24,25,996,28,29,15,18,21,32,21847,19,20,56,16],"class_list":{"0":"post-143360","1":"post","2":"type-post","3":"status-publish","4":"format-standard","5":"has-post-thumbnail","7":"category-otsikot","8":"tag-breaking-news","9":"tag-breakingnews","10":"tag-donald-trump","11":"tag-featured-news","12":"tag-featurednews","13":"tag-fi","14":"tag-finland","15":"tag-finnish","16":"tag-headlines","17":"tag-ihmisoikeudet","18":"tag-iran","19":"tag-kuolemanrangaistus","20":"tag-latest-news","21":"tag-latestnews","22":"tag-levottomuudet","23":"tag-main-news","24":"tag-mainnews","25":"tag-news","26":"tag-otsikot","27":"tag-paauutiset","28":"tag-suomi","29":"tag-teloitus","30":"tag-top-stories","31":"tag-topstories","32":"tag-ulkomaat","33":"tag-uutiset"},"share_on_mastodon":{"url":"https:\/\/pubeurope.com\/@fi\/115900891958123476","error":""},"_links":{"self":[{"href":"https:\/\/www.europesays.com\/fi\/wp-json\/wp\/v2\/posts\/143360","targetHints":{"allow":["GET"]}}],"collection":[{"href":"https:\/\/www.europesays.com\/fi\/wp-json\/wp\/v2\/posts"}],"about":[{"href":"https:\/\/www.europesays.com\/fi\/wp-json\/wp\/v2\/types\/post"}],"author":[{"embeddable":true,"href":"https:\/\/www.europesays.com\/fi\/wp-json\/wp\/v2\/users\/2"}],"replies":[{"embeddable":true,"href":"https:\/\/www.europesays.com\/fi\/wp-json\/wp\/v2\/comments?post=143360"}],"version-history":[{"count":0,"href":"https:\/\/www.europesays.com\/fi\/wp-json\/wp\/v2\/posts\/143360\/revisions"}],"wp:featuredmedia":[{"embeddable":true,"href":"https:\/\/www.europesays.com\/fi\/wp-json\/wp\/v2\/media\/74"}],"wp:attachment":[{"href":"https:\/\/www.europesays.com\/fi\/wp-json\/wp\/v2\/media?parent=143360"}],"wp:term":[{"taxonomy":"category","embeddable":true,"href":"https:\/\/www.europesays.com\/fi\/wp-json\/wp\/v2\/categories?post=143360"},{"taxonomy":"post_tag","embeddable":true,"href":"https:\/\/www.europesays.com\/fi\/wp-json\/wp\/v2\/tags?post=143360"}],"curies":[{"name":"wp","href":"https:\/\/api.w.org\/{rel}","templated":true}]}}