{"id":143369,"date":"2026-01-15T20:22:11","date_gmt":"2026-01-15T20:22:11","guid":{"rendered":"https:\/\/www.europesays.com\/fi\/143369\/"},"modified":"2026-01-15T20:22:11","modified_gmt":"2026-01-15T20:22:11","slug":"yrittaja-aapo-maki-kieltaytyy-lukemasta-tekoalylla-laadittuja-somejulkaisuja-pitaisi-pysya-kaukana","status":"publish","type":"post","link":"https:\/\/www.europesays.com\/fi\/143369\/","title":{"rendered":"Yritt\u00e4j\u00e4 Aapo M\u00e4ki kielt\u00e4ytyy lukemasta teko\u00e4lyll\u00e4 laadittuja somejulkaisuja: \u201dPit\u00e4isi pysy\u00e4 kaukana\u201d"},"content":{"rendered":"<p class=\"gb-ingress__content\">\n\t\t\t\tLinkedIniss\u00e4 aktiivinen yritt\u00e4j\u00e4 kannustaa yritt\u00e4ji\u00e4 opettelemaan kirjallista kommunikointia.\t\t\t<\/p>\n<p>\u2013 Minun nimiss\u00e4ni teko\u00e4ly ei kirjoita mit\u00e4\u00e4n, eik\u00e4 tule kirjoittamaan.<\/p>\n<p>T\u00e4t\u00e4 mielt\u00e4 on helsinkil\u00e4inen yritt\u00e4j\u00e4 ja Into-Digital Oy:n osakas <strong>Aapo M\u00e4ki<\/strong>.<\/p>\n<p>Teko\u00e4yn k\u00e4ytt\u00f6 sosiaalisen median julkaisuissa nousi puheenaiheeksi LinkedIn-palvelussa Ylen <a href=\"https:\/\/yle.fi\/a\/74-20203855\" rel=\"nofollow noopener\" target=\"_blank\">uutisoitua<\/a> yritt\u00e4j\u00e4st\u00e4, jonka kaikki postaukset kyseisell\u00e4 sosiaalisen median alustalla ovat teko\u00e4lyn kirjoittamia.<\/p>\n<p>Aapo M\u00e4ki on niin ik\u00e4\u00e4n aktiivinen LinkedIniss\u00e4, mutta h\u00e4n haluaa jatkossakin kirjoittaa julkaisunsa omin k\u00e4sin. Tulokset puhuvat puolestaan: Vuonna 2025 h\u00e4n kirjoitti LinkedIniin 230 julkaisua, jotka ker\u00e4siv\u00e4t noin 5,5 tuhatta reaktiota ja 1,2 miljoonaa n\u00e4ytt\u00f6kertaa. Sis\u00e4ll\u00f6t tavoittivat 155 000 LinkedIn-k\u00e4ytt\u00e4j\u00e4\u00e4.<\/p>\n<p>\u2013\u00a0Suhtaudun teko\u00e4lyyn periaatteellisesti. Haluaisin, ett\u00e4 ihmisten kyvykkyys kommunikoida kesken\u00e4\u00e4n menisi parempaan, eik\u00e4 huonompaan suuntaan. T\u00e4ll\u00e4 hetkell\u00e4 se menee huonompaan. On huono asia, jos kone julkaisee tekstej\u00e4 ihmisen nimiss\u00e4, vaikka joissakin tapauksissa laatu voi olla parempi kuin henkil\u00f6n itse kirjoittamana. Yleisesti ottaen suhtaudun teko\u00e4lyyn mahdollisuutena, mutta ihmisten v\u00e4lisest\u00e4 kommunikoinnista sen pit\u00e4isi pysy\u00e4 kaukana.<\/p>\n<blockquote class=\"wp-block-quote is-layout-flow wp-block-quote-is-layout-flow\">\n<p>\u201dMinulle on t\u00e4rke\u00e4 huomata, ett\u00e4 julkaisussa on tietynlaista henkil\u00f6kohtaisuutta. Siit\u00e4 pit\u00e4\u00e4 tulla vaikutelma, ett\u00e4 tekstin eteen on n\u00e4hty hieman vaivaa.\u201d<\/p>\n<p>Aapo M\u00e4ki, yritt\u00e4j\u00e4<\/p>\n<\/blockquote>\n<p>\u201dJ\u00e4t\u00e4n lukematta\u201d<\/p>\n<p>\u00c4skett\u00e4in M\u00e4ki p\u00e4\u00e4tti poistaa mobiililaitteistaan kaikki muut somepalvelut paitsi LinkedInin.<\/p>\n<p>\u2013\u00a0Muut somet aiheuttivat el\u00e4m\u00e4\u00e4ni turhaa h\u00e4lin\u00e4\u00e4, jota en tarvitse. LinkedIni\u00e4 sen sijaan tarvitsen ammatillisestan\u00e4k\u00f6kulmasta.<\/p>\n<p>M\u00e4en ja kuuden muun osakkaan yritys tekee verkkopalveluita, verkkosivuja ja sovelluksia. Yritt\u00e4j\u00e4 n\u00e4kee LinkedInin eritt\u00e4in hy\u00f6dyllisen\u00e4 oikein k\u00e4ytettyn\u00e4.<\/p>\n<p>\u2013\u00a0K\u00e4yt\u00e4nn\u00f6ss\u00e4 olen aktiivinen palvelussa vain siksi, ett\u00e4 edist\u00e4n firman liiketoimintaa. Kysynt\u00e4 kasvaa, kun saan n\u00e4kyvyytt\u00e4. Samalla vahvistan omaa henkil\u00f6br\u00e4ndi\u00e4ni.<\/p>\n<p>Yritt\u00e4j\u00e4 kertoo t\u00f6rm\u00e4\u00e4v\u00e4ns\u00e4 t\u00e4m\u00e4n t\u00e4st\u00e4 LinkedIn-julkaisuihin, joiden h\u00e4n arvelee olevan teko\u00e4lyn k\u00e4sialaa.<\/p>\n<p>\u2013\u00a0Sen vaan jotenkin n\u00e4kee ja tuntee esimerkiksi kielenk\u00e4yt\u00f6st\u00e4 sek\u00e4 tekstin rakenteesta ja muotoilusta. Vaikka kirjoitus olisi kieliopillisesti tismalleen oikein, tuntuu vain silt\u00e4, ettei se ole k\u00e4ytt\u00e4j\u00e4n omasta p\u00e4\u00e4st\u00e4.<\/p>\n<p>N\u00e4iss\u00e4 tapauksissa M\u00e4ki ei jatka julkaisun lukemista.<\/p>\n<p>\u2013\u00a0Minulle on t\u00e4rke\u00e4 huomata, ett\u00e4 julkaisussa on tietynlaista henkil\u00f6kohtaisuutta. Siit\u00e4 pit\u00e4\u00e4 tulla vaikutelma, ett\u00e4 tekstin eteen on n\u00e4hty hieman vaivaa. Jos tied\u00e4n, ett\u00e4 joku tuottaa julkaisunsa teko\u00e4lyll\u00e4, j\u00e4t\u00e4n sen henkil\u00f6n julkaisut lukematta.\u00a0<\/p>\n<blockquote>\n<p>Jos k\u00e4ytt\u00e4j\u00e4 kuitenkin haluaa hy\u00f6dynt\u00e4\u00e4 teko\u00e4ly\u00e4 julkaisujen kirjoittamiseen, M\u00e4ki ei v\u00e4ltt\u00e4m\u00e4tt\u00e4 kertoisi sit\u00e4 julkisesti.<\/p>\n<\/blockquote>\n<p>Teko\u00e4lyn k\u00e4ytt\u00f6 kasvattaa sis\u00e4ll\u00f6n m\u00e4\u00e4r\u00e4\u00e4<\/p>\n<p>Aktiivisesti LinkedIni\u00e4 k\u00e4ytt\u00e4v\u00e4 M\u00e4ki on pannut merkille, ett\u00e4 julkaisujen ja keskustelujen m\u00e4\u00e4r\u00e4 on kovassa kasvussa. Yhten\u00e4 syyn\u00e4 h\u00e4n pit\u00e4\u00e4 teko\u00e4lyn k\u00e4ytt\u00f6\u00e4.<\/p>\n<p>\u2013\u00a0Ihmiset, jotka eiv\u00e4t osaisi muuten laatia tekstej\u00e4, ovat aktivoituneet teko\u00e4lyn tukemina.<\/p>\n<p>Seuraus on yritt\u00e4j\u00e4n mukaan se, ett\u00e4 sis\u00e4ll\u00f6t j\u00e4\u00e4v\u00e4t paikoin \u201dvaljuiksi\u201d ja julkaisujen laatu k\u00e4rsii. Samaan aikaan osa teko\u00e4lyll\u00e4 julkaisuja tekevist\u00e4 k\u00e4ytt\u00e4jist\u00e4 kertoo kasvattaneensa yrityksen liikevaihtoa pitk\u00e4lti LinkedIn-julkaisujen ansiosta.<\/p>\n<p>\u2013\u00a0Toivon, ett\u00e4 ihmiset arvostaisivat enemm\u00e4n ihmisen kirjoittamaa sis\u00e4lt\u00f6\u00e4. Uskon, ett\u00e4 sellainen sis\u00e4lt\u00f6 saa jatkossa jalansijaa, kun somek\u00e4ytt\u00e4j\u00e4t kyll\u00e4styv\u00e4t teko\u00e4lykirjoitteluun.<\/p>\n<p>Jos k\u00e4ytt\u00e4j\u00e4 kuitenkin haluaa hy\u00f6dynt\u00e4\u00e4 teko\u00e4ly\u00e4 julkaisujen kirjoittamiseen, M\u00e4ki ei v\u00e4ltt\u00e4m\u00e4tt\u00e4 kertoisi sit\u00e4 julkisesti.<\/p>\n<p>\u2013\u00a0Pid\u00e4n sit\u00e4 riskin\u00e4, koska k\u00e4ytt\u00e4jien mielenkiinto julkaisujen lukemiseen voi laskea. Toisaalta on parempi k\u00e4ytt\u00e4\u00e4 teko\u00e4ly\u00e4 kuin j\u00e4tt\u00e4\u00e4 julkaisematta kokonaan, jos tuntuu silt\u00e4, ettei itse ole tarpeeksi kyvyk\u00e4s. Kaikissa tapauksissa suosittelen ihmisi\u00e4 opettelemaan kirjallista kommunikointia.<\/p>\n<p>\u201dJutuistani tyk\u00e4t\u00e4\u00e4n tai ei tyk\u00e4t\u00e4 yht\u00e4\u00e4n\u201d<\/p>\n<p>M\u00e4en oma resepti LinkedIn-julkaisujen tekemiseen on avoimen rehellinen: H\u00e4n kirjoittaa ajatuksistaan suoraan.<\/p>\n<p>\u2013\u00a0Minulla ei ole suunniteltua sis\u00e4lt\u00f6kalenteria. Kun p\u00e4\u00e4ss\u00e4 on ajatus tai mielipide, kirjoitan siit\u00e4 julkaisun hieman raflaavasti, jotta se saa keskustelua aikaan.<\/p>\n<p>Osalta k\u00e4ytt\u00e4jist\u00e4 on tullut M\u00e4elle suoraa palautetta siit\u00e4, ett\u00e4 h\u00e4n tuo mielipiteens\u00e4 esille liiankin suoraan.<\/p>\n<p>\u2013\u00a0Olen huomannut, ett\u00e4 joko jutuistani tyk\u00e4t\u00e4\u00e4n tai ei tyk\u00e4t\u00e4 yht\u00e4\u00e4n.<\/p>\n<p>Viime syksyn\u00e4 M\u00e4ki kirjoitti irtisanomisista ja siit\u00e4, miten syy ty\u00f6n menett\u00e4miseen voi l\u00f6yty\u00e4 peilikuvasta eik\u00e4 niink\u00e4\u00e4n ty\u00f6nantajasta. Palautteissa h\u00e4nt\u00e4 syytettiin \u201driist\u00e4j\u00e4yritt\u00e4j\u00e4ksi\u201d.<\/p>\n<p>\u2013\u00a0Kun puhutaan avoimesti tulenaroista aiheista, t\u00e4llaista voi odottaa. Linkedin toimii niin, ett\u00e4 jos julkaisulla saa keskustelua aikaan, reaktioluvut ovat hyvi\u00e4.<\/p>\n<p>Vinkit aloittavalle LinkedIn-k\u00e4ytt\u00e4j\u00e4lle<\/p>\n<p>Aapo M\u00e4ki kannustaa yritt\u00e4ji\u00e4 liittym\u00e4\u00e4n LinkedIn-alustalle. H\u00e4n neuvoo seuraamaan itsens\u00e4 tai yrityksen kannalta kiinnostavia ihmisi\u00e4.<\/p>\n<p>\u2013\u00a0On t\u00e4rke\u00e4\u00e4 luottaa itseens\u00e4. Ylpeys kannattaa heitt\u00e4\u00e4 romukoppaan. Pit\u00e4\u00e4 uskaltaa kontaktoitua muiden k\u00e4ytt\u00e4jien kanssa ja ottaa kantaa muiden avaamiin keskusteluihin.<\/p>\n<p>Mutta mik\u00e4 olisi sopiva m\u00e4\u00e4r\u00e4 julkaisuja? M\u00e4en mukaan k\u00e4ytt\u00e4j\u00e4n kannattaa julkaista mieluummin enemm\u00e4n kuin v\u00e4hemm\u00e4n.<\/p>\n<p>\u2013\u00a0Mieluummin kerran p\u00e4iv\u00e4ss\u00e4, v\u00e4hint\u00e4\u00e4n muutaman kerran viikossa. LinkedInin algoritmit suosivat useampia kymmeni\u00e4 kommentteja ja mieluusti useampia kymmeni\u00e4 postauksia.<\/p>\n<p>T\u00e4n\u00e4 vuonna h\u00e4n itse aikoo julkaista yli 300 kertaa.<\/p>\n<p>\t\t\t\t\t\tVinkkaa meille juttuaihe!<\/p>\n<p>                            Vinkkaa meille juttuaihe!<\/p>\n","protected":false},"excerpt":{"rendered":"LinkedIniss\u00e4 aktiivinen yritt\u00e4j\u00e4 kannustaa yritt\u00e4ji\u00e4 opettelemaan kirjallista kommunikointia. \u2013 Minun nimiss\u00e4ni teko\u00e4ly ei kirjoita mit\u00e4\u00e4n, eik\u00e4 tule kirjoittamaan.&hellip;\n","protected":false},"author":2,"featured_media":143370,"comment_status":"","ping_status":"","sticky":false,"template":"","format":"standard","meta":{"footnotes":"","_share_on_mastodon":"0"},"categories":[76],"tags":[79,77,33,31,30,32,78,8341],"class_list":["post-143369","post","type-post","status-publish","format-standard","has-post-thumbnail","category-talous","tag-business","tag-economy","tag-fi","tag-finland","tag-finnish","tag-suomi","tag-talous","tag-tekou00e4ly"],"share_on_mastodon":{"url":"https:\/\/pubeurope.com\/@fi\/115900982491748438","error":""},"_links":{"self":[{"href":"https:\/\/www.europesays.com\/fi\/wp-json\/wp\/v2\/posts\/143369","targetHints":{"allow":["GET"]}}],"collection":[{"href":"https:\/\/www.europesays.com\/fi\/wp-json\/wp\/v2\/posts"}],"about":[{"href":"https:\/\/www.europesays.com\/fi\/wp-json\/wp\/v2\/types\/post"}],"author":[{"embeddable":true,"href":"https:\/\/www.europesays.com\/fi\/wp-json\/wp\/v2\/users\/2"}],"replies":[{"embeddable":true,"href":"https:\/\/www.europesays.com\/fi\/wp-json\/wp\/v2\/comments?post=143369"}],"version-history":[{"count":0,"href":"https:\/\/www.europesays.com\/fi\/wp-json\/wp\/v2\/posts\/143369\/revisions"}],"wp:featuredmedia":[{"embeddable":true,"href":"https:\/\/www.europesays.com\/fi\/wp-json\/wp\/v2\/media\/143370"}],"wp:attachment":[{"href":"https:\/\/www.europesays.com\/fi\/wp-json\/wp\/v2\/media?parent=143369"}],"wp:term":[{"taxonomy":"category","embeddable":true,"href":"https:\/\/www.europesays.com\/fi\/wp-json\/wp\/v2\/categories?post=143369"},{"taxonomy":"post_tag","embeddable":true,"href":"https:\/\/www.europesays.com\/fi\/wp-json\/wp\/v2\/tags?post=143369"}],"curies":[{"name":"wp","href":"https:\/\/api.w.org\/{rel}","templated":true}]}}