{"id":143373,"date":"2026-01-15T20:24:08","date_gmt":"2026-01-15T20:24:08","guid":{"rendered":"https:\/\/www.europesays.com\/fi\/143373\/"},"modified":"2026-01-15T20:24:08","modified_gmt":"2026-01-15T20:24:08","slug":"hehkutettu-muotibrandi-lopettaa-liikkeensa-suomessa","status":"publish","type":"post","link":"https:\/\/www.europesays.com\/fi\/143373\/","title":{"rendered":"Hehkutettu muotibr\u00e4ndi lopettaa liikkeens\u00e4 Suomessa"},"content":{"rendered":"<p>Br\u00e4ndi jatkaa toimintaansa verkkokaupassa ja Popup-myym\u00e4l\u00f6iss\u00e4.<\/p>\n<p><img decoding=\"async\" class=\"image image-show image-preview\" src=\"https:\/\/www.europesays.com\/fi\/wp-content\/uploads\/2026\/01\/bf6d355495479583e29fe58097631a167148ff1563bfb8ae3c3b34616e2a9e98.jpg\" alt=\"\"\/><img decoding=\"async\" class=\"image image-show\" src=\"https:\/\/www.europesays.com\/fi\/wp-content\/uploads\/2026\/01\/1768508648_561_bf6d355495479583e29fe58097631a167148ff1563bfb8ae3c3b34616e2a9e98.jpg\" alt=\"\"\/><\/p>\n<p>Perustajat Sanna Kantola ja Bruno Beaugrand kuvattuna Senaatintorin-liikkeess\u00e4\u00e4n Helsingin keskustassa. PEKKA KARHUNEN\/KL<\/p>\n<p class=\"paragraph\">Suomalainen, kansainv\u00e4lisesti tunnettu muotibr\u00e4ndi Lumi sulkee ovensa tammikuussa\u00a0l\u00e4hes 15 vuoden j\u00e4lkeen. Lumi Supermarket on sijainnut historiallisessa Kiseleffin talossa keskell\u00e4 Helsinki\u00e4 ja Senaatintoria.<\/p>\n<p class=\"paragraph\">\u2013 Olemme toki ylpeit\u00e4, ett\u00e4 olemme olleet pienen\u00e4 designmerkkin\u00e4 t\u00e4ss\u00e4 ihanassa historiallisessa milj\u00f6\u00f6ss\u00e4. Mutta myynti on keskittynyt liikaa sesonkeihin eli kes\u00e4kuukausiin ja joulusesonkiin, kertoo Lumin toimitusjohtaja <strong>Sanna Kantola<\/strong>.<\/p>\n<p class=\"paragraph\">Muotibr\u00e4ndin liikkeen sijainti keskell\u00e4 Helsinki\u00e4 on t\u00e4ll\u00e4 hetkell\u00e4 liian hiljainen osan aikaa vuodesta.<\/p>\n<p class=\"paragraph\">\u2013 Meill\u00e4 on ihania suomalaisia vakioasiakkaita, mutta t\u00e4ss\u00e4 lokaatiossa korostuu se, ett\u00e4 pit\u00e4\u00e4 olla my\u00f6s ulkomaalaisia asiakkaita, h\u00e4n kertoo.<\/p>\n<p class=\"paragraph\">Kantola kertoo syiksi liikkeen lopettamiselle my\u00f6s Suomen talouden alakulon, mutta my\u00f6s Kiinan kr\u00e4\u00e4s\u00e4kaupan.<\/p>\n<p class=\"paragraph\">\u2013 Toki se v\u00e4hent\u00e4\u00e4 ostoja muualta.<\/p>\n<p class=\"paragraph\">Lumi jatkaa toimintaansa verkkokaupassa, sek\u00e4 Popup-myym\u00e4l\u00f6ist\u00e4.<\/p>\n<p class=\"paragraph\">Lumi Accessoriesin perustajat hakivat rahoitusta ja n\u00e4kyvyytt\u00e4 Nelosen <a href=\"https:\/\/www.iltalehti.fi\/tv-ja-leffat\/ba98b95e-14b0-4bae-9de5-e084e4442dc4\" rel=\"nofollow noopener\" target=\"_blank\">Leijonanluola-ohjelmassa<\/a> syksyll\u00e4 2023. Sijoitusta yritykseen ei tullut.<\/p>\n","protected":false},"excerpt":{"rendered":"Br\u00e4ndi jatkaa toimintaansa verkkokaupassa ja Popup-myym\u00e4l\u00f6iss\u00e4. Perustajat Sanna Kantola ja Bruno Beaugrand kuvattuna Senaatintorin-liikkeess\u00e4\u00e4n Helsingin keskustassa. PEKKA KARHUNEN\/KL&hellip;\n","protected":false},"author":2,"featured_media":143374,"comment_status":"","ping_status":"","sticky":false,"template":"","format":"standard","meta":{"footnotes":""},"categories":[12],"tags":[35,22,23,2110,26,27,33,31,30,17,898,3187,24,25,28,29,15,18,21,32,3144,19,20,16,4113],"class_list":{"0":"post-143373","1":"post","2":"type-post","3":"status-publish","4":"format-standard","5":"has-post-thumbnail","7":"category-suomi","8":"tag-24h","9":"tag-breaking-news","10":"tag-breakingnews","11":"tag-elamantapa-ja-vapaa-aika","12":"tag-featured-news","13":"tag-featurednews","14":"tag-fi","15":"tag-finland","16":"tag-finnish","17":"tag-headlines","18":"tag-kulutustavarat","19":"tag-kulutustavarat-ja-palvelut-sektori","20":"tag-latest-news","21":"tag-latestnews","22":"tag-main-news","23":"tag-mainnews","24":"tag-news","25":"tag-otsikot","26":"tag-paauutiset","27":"tag-suomi","28":"tag-tavaratalot-ostoskeskukset","29":"tag-top-stories","30":"tag-topstories","31":"tag-uutiset","32":"tag-vaatteiden-vahittaiskauppa"},"share_on_mastodon":{"url":"https:\/\/pubeurope.com\/@fi\/115900990377103345","error":""},"_links":{"self":[{"href":"https:\/\/www.europesays.com\/fi\/wp-json\/wp\/v2\/posts\/143373","targetHints":{"allow":["GET"]}}],"collection":[{"href":"https:\/\/www.europesays.com\/fi\/wp-json\/wp\/v2\/posts"}],"about":[{"href":"https:\/\/www.europesays.com\/fi\/wp-json\/wp\/v2\/types\/post"}],"author":[{"embeddable":true,"href":"https:\/\/www.europesays.com\/fi\/wp-json\/wp\/v2\/users\/2"}],"replies":[{"embeddable":true,"href":"https:\/\/www.europesays.com\/fi\/wp-json\/wp\/v2\/comments?post=143373"}],"version-history":[{"count":0,"href":"https:\/\/www.europesays.com\/fi\/wp-json\/wp\/v2\/posts\/143373\/revisions"}],"wp:featuredmedia":[{"embeddable":true,"href":"https:\/\/www.europesays.com\/fi\/wp-json\/wp\/v2\/media\/143374"}],"wp:attachment":[{"href":"https:\/\/www.europesays.com\/fi\/wp-json\/wp\/v2\/media?parent=143373"}],"wp:term":[{"taxonomy":"category","embeddable":true,"href":"https:\/\/www.europesays.com\/fi\/wp-json\/wp\/v2\/categories?post=143373"},{"taxonomy":"post_tag","embeddable":true,"href":"https:\/\/www.europesays.com\/fi\/wp-json\/wp\/v2\/tags?post=143373"}],"curies":[{"name":"wp","href":"https:\/\/api.w.org\/{rel}","templated":true}]}}