{"id":143394,"date":"2026-01-15T20:51:09","date_gmt":"2026-01-15T20:51:09","guid":{"rendered":"https:\/\/www.europesays.com\/fi\/143394\/"},"modified":"2026-01-15T20:51:09","modified_gmt":"2026-01-15T20:51:09","slug":"harri-heliovaara-on-vuoden-urheilija","status":"publish","type":"post","link":"https:\/\/www.europesays.com\/fi\/143394\/","title":{"rendered":"Harri Heli\u00f6vaara on vuoden urheilija"},"content":{"rendered":"<p>Urheilugaala|Urheilugaalassa palkittiin urheiluvuoden 2025 parhaita.<\/p>\n<p class=\"article-body mb-nof-24 px-nof-16\">Vuoden urheilijaksi valittiin torstai-illan Urheilugaalassa tennispelaaja <a class=\"font-bold underline-offset-[0.12em] [text-decoration:var(--person-link-text-decoration)] ![text-decoration-color:var(--person-link-text-decoration-color)]\" href=\"https:\/\/www.hs.fi\/haku\/?query=Harri%20Heli%C3%B6vaara\" rel=\"nofollow noopener\" target=\"_blank\">Harri Heli\u00f6vaara<\/a>, joka muun muassa voitti parinsa <a class=\"font-bold underline-offset-[0.12em] [text-decoration:var(--person-link-text-decoration)] ![text-decoration-color:var(--person-link-text-decoration-color)]\" href=\"https:\/\/www.hs.fi\/haku\/?query=Henry%20Pattenin\" rel=\"nofollow noopener\" target=\"_blank\">Henry Pattenin<\/a> kanssa Grand Slam-turnauksen Australian avoimet.<\/p>\n<p class=\"article-body mb-nof-24 px-nof-16\">\u201dEn uskonut, ett\u00e4 tenniksen nelinpelaajana voisin t\u00e4llaista saavuttaa, mutta kertoo siit\u00e4, ett\u00e4 el\u00e4m\u00e4ss\u00e4 on tullut tehty\u00e4 aika paljon oikeita valintoja\u201d, Heli\u00f6vaara kertoi kiitospuheessaan.<\/p>\n<p class=\"article-body mb-nof-24 px-nof-16\">\u201dKyll\u00e4 t\u00e4m\u00e4 [kunnia] menee l\u00e4helle sit\u00e4 k\u00e4rke\u00e4, mit\u00e4 suomalaisena tennispelaajana voi saavuttaa.\u201d<\/p>\n<p><img decoding=\"async\" src=\"https:\/\/www.europesays.com\/fi\/wp-content\/uploads\/2026\/01\/1768510268_234_468.jpg\" alt=\"Vuoden urheilija Harri Heli\u00f6vaara juhli Australian avointen nelinpelin voittoa yhdess\u00e4 Henry Pattenin kanssa.\" class=\"_Img_1rerz_1\" style=\"aspect-ratio:1.7777777777777777\" loading=\"eager\"\/><\/p>\n<p class=\"article-picture-caption\">Vuoden urheilija Harri Heli\u00f6vaara juhli Australian avointen nelinpelin voittoa yhdess\u00e4 Henry Pattenin kanssa. Kuva:\u00a0Rachel Bach\/Shutterstock\/AOP<\/p>\n<p class=\"article-body mb-nof-24 px-nof-16\">Vuoden valmentajana palkittiin Susijengin p\u00e4\u00e4valmentaja <a class=\"font-bold underline-offset-[0.12em] [text-decoration:var(--person-link-text-decoration)] ![text-decoration-color:var(--person-link-text-decoration-color)]\" href=\"https:\/\/www.hs.fi\/haku\/?query=Lassi%20Tuovi\" rel=\"nofollow noopener\" target=\"_blank\">Lassi Tuovi<\/a>. Kyseess\u00e4 on ensimm\u00e4inen kerta gaalan historiassa, kun koripallojoukkueen valmentaja voittaa kyseisen palkinnon.<\/p>\n<p class=\"article-body mb-nof-24 px-nof-16\">\u201dJokainen, joka toimii huippu-urheilun parissa, varmaan ymm\u00e4rt\u00e4\u00e4, ett\u00e4 t\u00e4m\u00e4 palkinto voitaisiin p\u00e4ivitt\u00e4\u00e4 nykyaikaan \u2013 sen t\u00e4ytyisi olla vuoden valmennus\u201d, Tuovi aloitti puheensa.<\/p>\n<p class=\"article-body mb-nof-24 px-nof-16\">Susijengin p\u00e4\u00e4valmentaja toikin lavalle mukanaan koripallomaajoukkueen valmennustiimin.<\/p>\n<p><img decoding=\"async\" src=\"https:\/\/www.europesays.com\/fi\/wp-content\/uploads\/2026\/01\/1768510268_63_468.jpg\" alt=\"P\u00e4\u00e4valmentaja Lassi Tuovin luotsaama Susijengi palkittiin my\u00f6s vuoden joukkueena.\" class=\"_Img_1rerz_1\" style=\"aspect-ratio:1.7777777777777777\" loading=\"eager\"\/><\/p>\n<p class=\"article-picture-caption\">P\u00e4\u00e4valmentaja Lassi Tuovin luotsaama Susijengi palkittiin my\u00f6s vuoden joukkueena. Kuva:\u00a0JUSSI HELTTUNEN<\/p>\n<p class=\"article-body mb-nof-24 px-nof-16\">Vuoden syk\u00e4hdytt\u00e4vimm\u00e4ksi urheiluhetkeksi Suomen kansa \u00e4\u00e4nesti <a class=\"font-bold underline-offset-[0.12em] [text-decoration:var(--person-link-text-decoration)] ![text-decoration-color:var(--person-link-text-decoration-color)]\" href=\"https:\/\/www.hs.fi\/haku\/?query=Suvi%20Minkkisen\" rel=\"nofollow noopener\" target=\"_blank\">Suvi Minkkisen<\/a> hiiht\u00e4m\u00e4n MM-pronssin.<\/p>\n<p class=\"article-body mb-nof-24 px-nof-16\">Minkkinen voitti aiemmin illalla jo Vuoden l\u00e4pimurto -palkinnon. Ruhpoldingin maailmancupissa parhaillaan oleva Minkkinen v\u00e4litti kiitoksensa juhlakansalle videon v\u00e4lityksell\u00e4.<\/p>\n<p class=\"article-body mb-nof-24 px-nof-16\">\u201dKiitos tosi paljon. Varmasti n\u00e4ette joukkueenkin reaktiosta, ett\u00e4 n\u00e4m\u00e4 hetket syk\u00e4hdytt\u00e4\u00e4 my\u00f6s meit\u00e4 itse\u00e4mme\u201d, Minkkinen kertoi.<\/p>\n<p><img decoding=\"async\" src=\"https:\/\/www.europesays.com\/fi\/wp-content\/uploads\/2026\/01\/1768510268_278_468.jpg\" alt=\"Suvi Minkkinen palkittiin vuoden l\u00e4pimurto -palkinnolla ja vuoden syk\u00e4hdytt\u00e4vimm\u00e4ll\u00e4 urheiluhetkell\u00e4.\" class=\"_Img_1rerz_1\" style=\"aspect-ratio:1.7777777777777777\" loading=\"eager\"\/><\/p>\n<p class=\"article-picture-caption\">Suvi Minkkinen palkittiin vuoden l\u00e4pimurto -palkinnolla ja vuoden syk\u00e4hdytt\u00e4vimm\u00e4ll\u00e4 urheiluhetkell\u00e4. Kuva:\u00a0Kalle Koponen \/ HS<\/p>\n<p class=\"article-body mb-nof-24 px-nof-16\">Suomalaisen urheilun kunniagalleriaan, eli Hall of Fameen, valittiin torstaina kolme uutta urheilijaa. Valinnan t\u00e4n\u00e4 vuonna ansaitsivat m\u00e4kihypp\u00e4\u00e4j\u00e4 <a class=\"font-bold underline-offset-[0.12em] [text-decoration:var(--person-link-text-decoration)] ![text-decoration-color:var(--person-link-text-decoration-color)]\" href=\"https:\/\/www.hs.fi\/haku\/?query=Janne%20Ahonen\" rel=\"nofollow noopener\" target=\"_blank\">Janne Ahonen<\/a>, kilpapurjehtija <a class=\"font-bold underline-offset-[0.12em] [text-decoration:var(--person-link-text-decoration)] ![text-decoration-color:var(--person-link-text-decoration-color)]\" href=\"https:\/\/www.hs.fi\/haku\/?query=Esko%20Rechardt\" rel=\"nofollow noopener\" target=\"_blank\">Esko Rechardt<\/a> ja keih\u00e4\u00e4nheitt\u00e4j\u00e4 <a class=\"font-bold underline-offset-[0.12em] [text-decoration:var(--person-link-text-decoration)] ![text-decoration-color:var(--person-link-text-decoration-color)]\" href=\"https:\/\/www.hs.fi\/haku\/?query=Heli%20Rantanen\" rel=\"nofollow noopener\" target=\"_blank\">Heli Rantanen<\/a>.<\/p>\n<p class=\"article-body mb-nof-24 px-nof-16\">Ahonen, 48, muistetaan uraltaan muun muassa m\u00e4kiviikon viisinkertaisena voittajana ja kaksinkertaisena maailmanmestarina.<\/p>\n<p class=\"article-body mb-nof-24 px-nof-16\">\u201dHaluan ensinn\u00e4kin kiitt\u00e4\u00e4 niit\u00e4 henkil\u00f6it\u00e4, jotka nimeni viel\u00e4 muistivat, kun alettiin mietti\u00e4 uusia nimi\u00e4 t\u00e4h\u00e4n galleriaan\u201d, Ahonen nauratti juhlayleis\u00f6\u00e4.<\/p>\n<p class=\"article-body mb-nof-24 px-nof-16\">Rechardt, 67, voitti finnjollan olympiakultaa Moskovassa vuonna 1980.<\/p>\n<p class=\"article-body mb-nof-24 px-nof-16\">Kolmantena ja viimeisen\u00e4 Suomen urheilun kunniagalleriaan nostettu Rantanen, 55, on keih\u00e4\u00e4nheiton olympiavoittaja Atlantasta vuodelta 1996.<\/p>\n<p class=\"article-body mb-nof-24 px-nof-16\">Hall of Fameen valituista Ahonen ja Rantanen on valittu urallaan vuoden urheilijaksi. Rantanen on valittu my\u00f6s vuoden valmentajaksi.<\/p>\n<p><img decoding=\"async\" src=\"https:\/\/www.europesays.com\/fi\/wp-content\/uploads\/2026\/01\/1768510268_686_468.jpg\" alt=\"Hall of Fameen valittu Heli Rantanen saapui Urheilugaalaan yhdess\u00e4 valmentajansa Leo Pusan kanssa.\" class=\"_Img_1rerz_1\" style=\"aspect-ratio:1.7777777777777777\" loading=\"eager\"\/><\/p>\n<p class=\"article-picture-caption\">Hall of Fameen valittu Heli Rantanen saapui Urheilugaalaan yhdess\u00e4 valmentajansa Leo Pusan kanssa. Kuva:\u00a0Tomi Natri \/ All Over Press<\/p>\n<p class=\"article-body mb-nof-24 px-nof-16\">Vuoden joukkueeksi valittiin miesten koripallomaajoukkue eli tuttavallisemmin Susijengi. Vuoden joukkueen valinnasta \u00e4\u00e4nestiv\u00e4t urheilutoimittajien liiton j\u00e4senet.<\/p>\n<p class=\"article-body mb-nof-24 px-nof-16\">\u201dSusijengi on malliesimerkki sellaisesta yhteis\u00f6st\u00e4, jossa kaikilla on yhteinen p\u00e4\u00e4m\u00e4\u00e4r\u00e4, motivaatio eik\u00e4 kukaan aseta itse\u00e4\u00e4n toisten yl\u00e4puolelle\u201d, Susijengin valmennustiimiin kuuluva <a class=\"font-bold underline-offset-[0.12em] [text-decoration:var(--person-link-text-decoration)] ![text-decoration-color:var(--person-link-text-decoration-color)]\" href=\"https:\/\/www.hs.fi\/haku\/?query=Hanno%20M%C3%B6tt%C3%B6l%C3%A4\" rel=\"nofollow noopener\" target=\"_blank\">Hanno M\u00f6tt\u00f6l\u00e4<\/a> sanoi kiitospuheessaan.<\/p>\n<p><img decoding=\"async\" src=\"https:\/\/www.europesays.com\/fi\/wp-content\/uploads\/2026\/01\/1768510269_276_468.jpg\" alt=\"Susijengin valmennustiimiin kuuluvat entiset pelaajat Hanno M\u00f6tt\u00f6l\u00e4 ja Teemu Rannikko.\" class=\"_Img_1rerz_1\" style=\"aspect-ratio:1.7777777777777777\" loading=\"eager\"\/><\/p>\n<p class=\"article-picture-caption\">Susijengin valmennustiimiin kuuluvat entiset pelaajat Hanno M\u00f6tt\u00f6l\u00e4 ja Teemu Rannikko. Kuva:\u00a0Tomi Natri \/ All Over Press<\/p>\n<p class=\"article-body mb-nof-24 px-nof-16\">Vuoden nuoreksi urheilijaksi valittiin koripalloilija <a class=\"font-bold underline-offset-[0.12em] [text-decoration:var(--person-link-text-decoration)] ![text-decoration-color:var(--person-link-text-decoration-color)]\" href=\"https:\/\/www.hs.fi\/haku\/?query=Miikka%20Muurinen\" rel=\"nofollow noopener\" target=\"_blank\">Miikka Muurinen<\/a>.<\/p>\n<p class=\"article-body mb-nof-24 px-nof-16\">Serbialaisseura Partizan Belgradissa pelaava Muurinen, 18, oli osa Suomen koripallomaajoukkuetta, kun se ylsi kes\u00e4n EM-kisoissa historian parhaaseen sijoitukseensa.<\/p>\n<p class=\"article-body mb-nof-24 px-nof-16\">\u201dAivan mahtavaa voittaa t\u00e4m\u00e4 palkinto. Haluan kiitt\u00e4\u00e4 kaikkia, jotka ovat olleet minun matkallani mukana. Minulla on silti viel\u00e4 paljon matkaa edess\u00e4, ett\u00e4 p\u00e4\u00e4sen tavoitteisiini ja unelmiini\u201d, Muurinen kertoi gaalassa n\u00e4ytetyll\u00e4 videolla.<\/p>\n<p><img decoding=\"async\" src=\"https:\/\/www.europesays.com\/fi\/wp-content\/uploads\/2026\/01\/1768510269_300_468.jpg\" alt=\"Suomen maajoukkueessa EM-kisoissa pelannut Miikka Muurinen palkittiin vuoden nuorena urheilijana.\" class=\"_Img_1rerz_1\" style=\"aspect-ratio:1.7777777777777777\" loading=\"eager\"\/><\/p>\n<p class=\"article-picture-caption\">Suomen maajoukkueessa EM-kisoissa pelannut Miikka Muurinen palkittiin vuoden nuorena urheilijana. Kuva:\u00a0Jussi Eskola<\/p>\n","protected":false},"excerpt":{"rendered":"Urheilugaala|Urheilugaalassa palkittiin urheiluvuoden 2025 parhaita. Vuoden urheilijaksi valittiin torstai-illan Urheilugaalassa tennispelaaja Harri Heli\u00f6vaara, joka muun muassa voitti parinsa&hellip;\n","protected":false},"author":2,"featured_media":143395,"comment_status":"","ping_status":"","sticky":false,"template":"","format":"standard","meta":{"footnotes":""},"categories":[5],"tags":[22,23,26,27,33,31,30,17,46,24,25,28,29,15,18,21,32,19,20,16],"class_list":{"0":"post-143394","1":"post","2":"type-post","3":"status-publish","4":"format-standard","5":"has-post-thumbnail","7":"category-otsikot","8":"tag-breaking-news","9":"tag-breakingnews","10":"tag-featured-news","11":"tag-featurednews","12":"tag-fi","13":"tag-finland","14":"tag-finnish","15":"tag-headlines","16":"tag-helsingin-sanomat","17":"tag-latest-news","18":"tag-latestnews","19":"tag-main-news","20":"tag-mainnews","21":"tag-news","22":"tag-otsikot","23":"tag-paauutiset","24":"tag-suomi","25":"tag-top-stories","26":"tag-topstories","27":"tag-uutiset"},"share_on_mastodon":{"url":"https:\/\/pubeurope.com\/@fi\/115901096488990973","error":""},"_links":{"self":[{"href":"https:\/\/www.europesays.com\/fi\/wp-json\/wp\/v2\/posts\/143394","targetHints":{"allow":["GET"]}}],"collection":[{"href":"https:\/\/www.europesays.com\/fi\/wp-json\/wp\/v2\/posts"}],"about":[{"href":"https:\/\/www.europesays.com\/fi\/wp-json\/wp\/v2\/types\/post"}],"author":[{"embeddable":true,"href":"https:\/\/www.europesays.com\/fi\/wp-json\/wp\/v2\/users\/2"}],"replies":[{"embeddable":true,"href":"https:\/\/www.europesays.com\/fi\/wp-json\/wp\/v2\/comments?post=143394"}],"version-history":[{"count":0,"href":"https:\/\/www.europesays.com\/fi\/wp-json\/wp\/v2\/posts\/143394\/revisions"}],"wp:featuredmedia":[{"embeddable":true,"href":"https:\/\/www.europesays.com\/fi\/wp-json\/wp\/v2\/media\/143395"}],"wp:attachment":[{"href":"https:\/\/www.europesays.com\/fi\/wp-json\/wp\/v2\/media?parent=143394"}],"wp:term":[{"taxonomy":"category","embeddable":true,"href":"https:\/\/www.europesays.com\/fi\/wp-json\/wp\/v2\/categories?post=143394"},{"taxonomy":"post_tag","embeddable":true,"href":"https:\/\/www.europesays.com\/fi\/wp-json\/wp\/v2\/tags?post=143394"}],"curies":[{"name":"wp","href":"https:\/\/api.w.org\/{rel}","templated":true}]}}