{"id":143406,"date":"2026-01-15T21:15:09","date_gmt":"2026-01-15T21:15:09","guid":{"rendered":"https:\/\/www.europesays.com\/fi\/143406\/"},"modified":"2026-01-15T21:15:09","modified_gmt":"2026-01-15T21:15:09","slug":"politico-trumpin-suurlahettilasehdokas-vitsaili-islannin-liittamisella-yhdysvaltoihin","status":"publish","type":"post","link":"https:\/\/www.europesays.com\/fi\/143406\/","title":{"rendered":"Politico: Trumpin suurl\u00e4hettil\u00e4sehdokas vitsaili Islannin liitt\u00e4misell\u00e4 Yhdysvaltoihin"},"content":{"rendered":"<p>Mediatieto on saanut islantilaiset ker\u00e4\u00e4m\u00e4\u00e4n nimi\u00e4 vetoomukseen.<\/p>\n<p class=\"article-body mb-nof-24 px-nof-16\">Islannin ulkoministeri\u00f6 <a class=\"underline underline-offset-[0.12em] [text-decoration-thickness:var(--generic-link-underline-thickness)] [text-decoration-color:var(--generic-link-underline-color)] [text-decoration-skip-ink:var(--generic-link-underline-skip-ink)] break-words\" href=\"https:\/\/www.politico.eu\/article\/iceland-us-ambassador-billy-long-donald-trump-52nd-state\/\" rel=\"nofollow noopener\" target=\"_blank\">kertoo<\/a> Politico-medialle ottaneensa yhteytt\u00e4 Yhdysvaltoihin.<\/p>\n<p class=\"article-body mb-nof-24 px-nof-16\">Syyn\u00e4 t\u00e4h\u00e4n on Politicon aiempi uutinen liittyen entiseen republikaanikongressi\u00adedustajaan <a class=\"font-bold underline-offset-[0.12em] [text-decoration:var(--person-link-text-decoration)] ![text-decoration-color:var(--person-link-text-decoration-color)]\" href=\"https:\/\/www.is.fi\/haku\/?query=Billy%20Longiin\" rel=\"nofollow noopener\" target=\"_blank\">Billy Longiin<\/a>, joka on Yhdysvaltain presidentti <a class=\"font-bold underline-offset-[0.12em] [text-decoration:var(--person-link-text-decoration)] ![text-decoration-color:var(--person-link-text-decoration-color)]\" href=\"https:\/\/www.is.fi\/haku\/?query=Donald%20Trumpin\" rel=\"nofollow noopener\" target=\"_blank\">Donald Trumpin<\/a> ehdokas maan uudeksi Islannin-suurl\u00e4hettil\u00e4\u00e4ksi. <a class=\"underline underline-offset-[0.12em] [text-decoration-thickness:var(--generic-link-underline-thickness)] [text-decoration-color:var(--generic-link-underline-color)] [text-decoration-skip-ink:var(--generic-link-underline-skip-ink)] break-words\" href=\"https:\/\/www.politico.com\/newsletters\/inside-congress\/2026\/01\/14\/more-floor-meltdowns-threaten-funding-bills-00727023\" rel=\"nofollow noopener\" target=\"_blank\">Uutiskirjeess\u00e4\u00e4n<\/a> keskiviikkona Politico kertoi kuulleensa, ett\u00e4 Long olisi vitsaillut Yhdysvaltain kongressissa Islannista tulevan Yhdysvaltojen 52. osavaltio ja Longista itsest\u00e4\u00e4n sen kuvern\u00f6\u00f6ri.<\/p>\n<p class=\"article-body mb-nof-24 px-nof-16\">Islannin ulkoministeri\u00f6 kertoi Politicolle torstaina ottaneensa yhteytt\u00e4 Yhdysvaltain Islannin-suurl\u00e4hetyst\u00f6\u00f6n vahvistaakseen, ovatko tiedot Longin kommenteista paikkansapit\u00e4vi\u00e4.<\/p>\n<p class=\"article-body mb-nof-24 px-nof-16\">My\u00f6hemmin torstaina Long pyysi anteeksi vitsi\u00e4\u00e4n, uutisoi Islannin yleisradioyhti\u00f6 <a class=\"underline underline-offset-[0.12em] [text-decoration-thickness:var(--generic-link-underline-thickness)] [text-decoration-color:var(--generic-link-underline-color)] [text-decoration-skip-ink:var(--generic-link-underline-skip-ink)] break-words\" href=\"https:\/\/www.ruv.is\/frettir\/erlent\/2026-01-15-bidst-afsokunar-a-grini-um-ad-island-verdi-hluti-af-bandarikjunum-463862\" rel=\"nofollow noopener\" target=\"_blank\">R\u00daV<\/a>.<\/p>\n<p class=\"article-body mb-nof-24 px-nof-16\">Long vahvistaa kertoneensa kyseisen vitsin ja pyysi sit\u00e4 anteeksi Arctic Today -sivuston <a class=\"underline underline-offset-[0.12em] [text-decoration-thickness:var(--generic-link-underline-thickness)] [text-decoration-color:var(--generic-link-underline-color)] [text-decoration-skip-ink:var(--generic-link-underline-skip-ink)] break-words\" href=\"https:\/\/www.arctictoday.com\/trumps-iceland-ambassador-pick-apologizes-for-52nd-state-comment\/\" rel=\"nofollow noopener\" target=\"_blank\">haastattelussa<\/a>. Long kertoo heittonsa olleen vastaus vanhojen tuttujensa vitsailuun siit\u00e4, ett\u00e4 <a class=\"font-bold underline-offset-[0.12em] [text-decoration:var(--person-link-text-decoration)] ![text-decoration-color:var(--person-link-text-decoration-color)]\" href=\"https:\/\/www.is.fi\/haku\/?query=Jeff%20Landryst%C3%A4\" rel=\"nofollow noopener\" target=\"_blank\">Jeff Landryst\u00e4<\/a> tulisi Gr\u00f6nlannin kuvern\u00f6\u00f6ri.<\/p>\n<p class=\"article-body mb-nof-24 px-nof-16\">Louisianan kuvern\u00f6\u00f6ri Landry toimii my\u00f6s presidentti Trumpin Gr\u00f6nlannin-erityisl\u00e4hettil\u00e4\u00e4n\u00e4. J\u00e4nnitteet Yhdysvaltojen ja Euroopan maiden v\u00e4lill\u00e4 ovat kasvaneet Yhdysvaltojen vaadittua toistuvasti Tanskaan kuuluvan Gr\u00f6nlannin liitt\u00e4mist\u00e4 itseens\u00e4. Saarivaltio Islanti sijaitsee l\u00e4hell\u00e4 Gr\u00f6nlantia Atlantin valtameren pohjoisosassa.<\/p>\n<p class=\"article-body mb-nof-24 px-nof-16\">Long vakuuttaa, ettei ollut tosissaan, ja kertoo odottavansa ty\u00f6skentely\u00e4 Islannin kansan kanssa. H\u00e4n kertoo, ettei ole tietoinen vitsins\u00e4 her\u00e4tt\u00e4m\u00e4st\u00e4 reaktiosta Islannissa, mutta ymm\u00e4rt\u00e4\u00e4 asian her\u00e4tt\u00e4m\u00e4n porun Gr\u00f6nlannin tilanteen johdosta.<\/p>\n<p><img decoding=\"async\" src=\"https:\/\/www.europesays.com\/fi\/wp-content\/uploads\/2026\/01\/1768511709_796_468.jpg\" alt=\"Republikaanien Billy Long edusti Missourin osavaltiota Yhdysvaltain edustajainhuoneessa vuosina 2011\u20132023. Kuva vuodelta 2020.\" class=\"_Img_1rerz_1\" style=\"aspect-ratio:1.5\" loading=\"eager\"\/><\/p>\n<p class=\"article-picture-caption\">Republikaanien Billy Long edusti Missourin osavaltiota Yhdysvaltain edustajainhuoneessa vuosina 2011\u20132023. Kuva vuodelta 2020. Kuva:\u00a0Greg Nash\/ REUTERS<\/p>\n<p class=\"article-body mb-nof-24 px-nof-16\">Tanska on kertonut lis\u00e4\u00e4v\u00e4ns\u00e4 sotilaallista l\u00e4sn\u00e4oloaan Gr\u00f6nlannissa ja aloittaneensa siell\u00e4 Arctic Exposure -sotaharjoituksen. Torstaina uutisoitiin my\u00f6s Suomen l\u00e4hett\u00e4v\u00e4n Gr\u00f6nlantiin kaksi yhteysupseeria.<\/p>\n<p class=\"article-body mb-nof-24 px-nof-16\">Lue lis\u00e4\u00e4: <a class=\"underline underline-offset-[0.12em] [text-decoration-thickness:var(--generic-link-underline-thickness)] [text-decoration-color:var(--generic-link-underline-color)] [text-decoration-skip-ink:var(--generic-link-underline-skip-ink)] break-words\" href=\"https:\/\/www.is.fi\/politiikka\/art-2000011752020.html\" rel=\"nofollow noopener\" target=\"_blank\">Suomi osallistuu operaatioon Gr\u00f6nlannissa<\/a><\/p>\n<p class=\"article-body mb-nof-24 px-nof-16\">Longin vitsailu sai islantilaiset ker\u00e4\u00e4m\u00e4\u00e4n nimi\u00e4 <a class=\"underline underline-offset-[0.12em] [text-decoration-thickness:var(--generic-link-underline-thickness)] [text-decoration-color:var(--generic-link-underline-color)] [text-decoration-skip-ink:var(--generic-link-underline-skip-ink)] break-words\" href=\"https:\/\/island.is\/undirskriftalistar\/915fdb39-dad8-4b98-86a1-da6db479775c\" rel=\"nofollow noopener\" target=\"_blank\">vetoomukseen<\/a> maan ulkoministeri <a class=\"font-bold underline-offset-[0.12em] [text-decoration:var(--person-link-text-decoration)] ![text-decoration-color:var(--person-link-text-decoration-color)]\" href=\"https:\/\/www.is.fi\/haku\/?query=Katr%C3%ADn%20Gunnarsdott%C3%ADrille\" rel=\"nofollow noopener\" target=\"_blank\">Katr\u00edn Gunnarsdott\u00edrille<\/a>, jossa vaaditaan t\u00e4t\u00e4 hylk\u00e4\u00e4m\u00e4\u00e4n Longin nimitys suurl\u00e4hettil\u00e4\u00e4ksi, Politico kertoo.<\/p>\n<p class=\"article-body mb-nof-24 px-nof-16\">Vetoomuksessa sanotaan, ett\u00e4 vaikkei Long v\u00e4ltt\u00e4m\u00e4tt\u00e4 ollut tosissaan, h\u00e4nen sanansa silti loukkaavat Islantia ja islantilaisia, jotka \u201dovat joutuneet taistelemaan vapautensa puolesta ja ovat aina olleet Yhdysvaltojen yst\u00e4vi\u00e4\u201d.<\/p>\n<p class=\"article-body mb-nof-24 px-nof-16\">Vetoomuksessa vaaditaan Yhdysvaltain Islannin-suurl\u00e4hettil\u00e4\u00e4ksi jotakuta toista, \u201djoka osoittaa Islantia ja islantilaisia kohtaan enemm\u00e4n kunnioitusta\u201d.<\/p>\n<p class=\"article-body nof-ui-body-medium mb-nof-24 px-nof-16\">Juttua p\u00e4ivitetty 15. tammikuuta 2026 kello 23.02: Lis\u00e4tty tieto Billy Longin anteeksipyynn\u00f6st\u00e4.<\/p>\n","protected":false},"excerpt":{"rendered":"Mediatieto on saanut islantilaiset ker\u00e4\u00e4m\u00e4\u00e4n nimi\u00e4 vetoomukseen. Islannin ulkoministeri\u00f6 kertoo Politico-medialle ottaneensa yhteytt\u00e4 Yhdysvaltoihin. Syyn\u00e4 t\u00e4h\u00e4n on Politicon&hellip;\n","protected":false},"author":2,"featured_media":143407,"comment_status":"","ping_status":"","sticky":false,"template":"","format":"standard","meta":{"footnotes":""},"categories":[14],"tags":[22,23,26,27,33,31,30,17,34,24,25,28,29,15,18,21,32,19,20,56,16,59,60,61],"class_list":{"0":"post-143406","1":"post","2":"type-post","3":"status-publish","4":"format-standard","5":"has-post-thumbnail","7":"category-ulkomaat","8":"tag-breaking-news","9":"tag-breakingnews","10":"tag-featured-news","11":"tag-featurednews","12":"tag-fi","13":"tag-finland","14":"tag-finnish","15":"tag-headlines","16":"tag-ilta-sanomat","17":"tag-latest-news","18":"tag-latestnews","19":"tag-main-news","20":"tag-mainnews","21":"tag-news","22":"tag-otsikot","23":"tag-paauutiset","24":"tag-suomi","25":"tag-top-stories","26":"tag-topstories","27":"tag-ulkomaat","28":"tag-uutiset","29":"tag-world","30":"tag-world-news","31":"tag-worldnews"},"share_on_mastodon":{"url":"https:\/\/pubeurope.com\/@fi\/115901190919678915","error":""},"_links":{"self":[{"href":"https:\/\/www.europesays.com\/fi\/wp-json\/wp\/v2\/posts\/143406","targetHints":{"allow":["GET"]}}],"collection":[{"href":"https:\/\/www.europesays.com\/fi\/wp-json\/wp\/v2\/posts"}],"about":[{"href":"https:\/\/www.europesays.com\/fi\/wp-json\/wp\/v2\/types\/post"}],"author":[{"embeddable":true,"href":"https:\/\/www.europesays.com\/fi\/wp-json\/wp\/v2\/users\/2"}],"replies":[{"embeddable":true,"href":"https:\/\/www.europesays.com\/fi\/wp-json\/wp\/v2\/comments?post=143406"}],"version-history":[{"count":0,"href":"https:\/\/www.europesays.com\/fi\/wp-json\/wp\/v2\/posts\/143406\/revisions"}],"wp:featuredmedia":[{"embeddable":true,"href":"https:\/\/www.europesays.com\/fi\/wp-json\/wp\/v2\/media\/143407"}],"wp:attachment":[{"href":"https:\/\/www.europesays.com\/fi\/wp-json\/wp\/v2\/media?parent=143406"}],"wp:term":[{"taxonomy":"category","embeddable":true,"href":"https:\/\/www.europesays.com\/fi\/wp-json\/wp\/v2\/categories?post=143406"},{"taxonomy":"post_tag","embeddable":true,"href":"https:\/\/www.europesays.com\/fi\/wp-json\/wp\/v2\/tags?post=143406"}],"curies":[{"name":"wp","href":"https:\/\/api.w.org\/{rel}","templated":true}]}}