{"id":143408,"date":"2026-01-15T21:16:08","date_gmt":"2026-01-15T21:16:08","guid":{"rendered":"https:\/\/www.europesays.com\/fi\/143408\/"},"modified":"2026-01-15T21:16:08","modified_gmt":"2026-01-15T21:16:08","slug":"suomen-vankilat-ovat-aariaan-myoten-taynna-vankeja-joudutaan-sijoittamaan-saunatiloihinkin","status":"publish","type":"post","link":"https:\/\/www.europesays.com\/fi\/143408\/","title":{"rendered":"Suomen vankilat ovat \u00e4\u00e4ri\u00e4\u00e4n my\u00f6ten t\u00e4ynn\u00e4 \u2013 vankeja joudutaan sijoittamaan saunatiloihinkin"},"content":{"rendered":"<p>Suomessa ei ole en\u00e4\u00e4 ainuttakaan suljettua vankilaa, joka ei olisi yli sataprosenttisesti t\u00e4ynn\u00e4. Pieniinkin selleihin on jouduttu laittamaan kerross\u00e4nkyj\u00e4.<\/p>\n<p class=\"article-body mb-nof-24 px-nof-16\">Suomen vankilat ovat niin \u00e4\u00e4ri\u00e4\u00e4n my\u00f6ten t\u00e4ynn\u00e4, ett\u00e4 Rikosseuraamuslaitos (Rise) on huolissaan sek\u00e4 vankien ett\u00e4 vankilan ty\u00f6ntekij\u00f6iden turvallisuudesta.<\/p>\n<p class=\"article-body mb-nof-24 px-nof-16\">Rise j\u00e4rjesti torstaina tiedotustilaisuuden Helsingin vankilassa. Tilaisuudessa kerrotut numerot puhuvat korutonta kielt\u00e4\u00e4n: Suomessa on noin 3\u202f000 vankipaikkaa ja yli 3\u202f600 vankia.<\/p>\n<p class=\"article-body mb-nof-24 px-nof-16\">Risen mukaan vankilan \u201doptimaalinen turvallinen\u201d k\u00e4ytt\u00f6aste olisi 90 prosenttia, eli silloin, kun vankila ei ole viel\u00e4 aivan t\u00e4ynn\u00e4.<\/p>\n<p class=\"article-body mb-nof-24 px-nof-16\">Suomessa on 15 suljettua vankilaa. Joka ikisen k\u00e4ytt\u00f6aste on yli 100 prosenttia, ja kahdeksassa se on jo yli 120 prosenttia.<\/p>\n<p class=\"article-body mb-nof-24 px-nof-16\">Kaikkein pahin tilanne on K\u00f6yli\u00f6n vankilassa, jonka k\u00e4ytt\u00f6aste on huimat 129 prosenttia.<\/p>\n<p class=\"article-body mb-nof-24 px-nof-16\">Helsingin vankilan tilanne ei ole pahimmasta p\u00e4\u00e4st\u00e4, mutta tilanpuute n\u00e4kyy siit\u00e4 huolimatta. K\u00e4ytt\u00f6aste on 108 prosenttia, siis 18 prosenttiyksikk\u00f6\u00e4 yli turvalliseksi m\u00e4\u00e4ritetyn rajan.<\/p>\n<p class=\"article-body mb-nof-24 px-nof-16\">Helsingin vankilan rikosseuraamusasiamies <a class=\"font-bold underline-offset-[0.12em] [text-decoration:var(--person-link-text-decoration)] ![text-decoration-color:var(--person-link-text-decoration-color)]\" href=\"https:\/\/www.is.fi\/haku\/?query=Tommi%20Kiiala\" rel=\"nofollow noopener\" target=\"_blank\">Tommi Kiiala<\/a> kertoo, ett\u00e4 yhden hengen sellit ovat t\u00e4t\u00e4 nyky\u00e4 melkoinen harvinaisuus.<\/p>\n<p><img decoding=\"async\" src=\"https:\/\/www.europesays.com\/fi\/wp-content\/uploads\/2026\/01\/1768511768_452_468.jpg\" alt=\"\u2013 Pieniinkin selleihin on jouduttu laittamaan kerross\u00e4nkyj\u00e4, kertoi Tommi Kiiala.\" class=\"_Img_1rerz_1\" style=\"aspect-ratio:1.7777777777777777\" loading=\"eager\"\/><\/p>\n<p class=\"article-picture-caption\">\u2013 Pieniinkin selleihin on jouduttu laittamaan kerross\u00e4nkyj\u00e4, kertoi Tommi Kiiala. Kuva:\u00a0Mika Ranta \/ HS<\/p>\n<p class=\"article-body mb-nof-24 px-nof-16\">Helsingin vankila ottaa vuosittain yli tuhat vapaudesta tulevaa uutta vankia. Vankilat eiv\u00e4t voi kielt\u00e4yty\u00e4 ottamasta vankeja vastaan, mik\u00e4 on johtanut jokseenkin luoviin ratkaisuihin vankien sijoittamisessa ja kirist\u00e4nyt ilmapiiri\u00e4.<\/p>\n<p class=\"article-body mb-nof-24 px-nof-16\">\u2013 Pahimmillaan vankeja on asutettu saunan pukuhuoneessa. Tilaa ei ole siirt\u00e4\u00e4 vankeja. Jos tulee riitaa tai muuta, voidaan vain vaihtaa vanki toiseen, toiselle osastolle tai vankiloiden v\u00e4lill\u00e4. T\u00e4ydest\u00e4 laitoksesta toiseen. Pieniinkin selleihin on jouduttu laittamaan kerross\u00e4nkyj\u00e4 ja asuttamaan useampaa vankia, tulevat he toimeen tai eiv\u00e4t, Kiiala sanoi.<\/p>\n<p class=\"article-body mb-nof-24 px-nof-16\">Kiialan mukaan vankien kasvanut m\u00e4\u00e4r\u00e4 kuormittaa henkil\u00f6kuntaa ja vaarantaa vankien kuntoutuksen.<\/p>\n<p class=\"article-body mb-nof-24 px-nof-16\">\u2013 Mik\u00e4li resurssipula t\u00e4st\u00e4 pahenee, eik\u00e4 asialle tehd\u00e4 mit\u00e4\u00e4n, kykenemme en\u00e4\u00e4 vankien varastoimiseen emmek\u00e4 siihenk\u00e4\u00e4n turvallisesti, Kiiala kertoi.<\/p>\n<p class=\"article-body mb-nof-24 px-nof-16\">Tilanpuute ei ole ainoa muutos, joka huonontaa vankien ja vankilan ty\u00f6ntekij\u00f6iden turvallisuutta.<\/p>\n<p class=\"article-body mb-nof-24 px-nof-16\">Risen tilastojen mukaan vankien v\u00e4linen v\u00e4kivalta on ollut nousussa viimeiset nelj\u00e4 vuotta. Vuonna 2025 tilastoitiin 142 vankien v\u00e4list\u00e4 v\u00e4kivaltatapausta. Henkil\u00f6kuntaan kohdistuvia v\u00e4kivaltatapauksia tilastoitiin viime vuonna 60. M\u00e4\u00e4r\u00e4 on miltei kaksinkertainen edellisvuoteen verrattuna.<\/p>\n<p class=\"article-body mb-nof-24 px-nof-16\">Vankilaan suljettavat vangit ovat yh\u00e4 useammin vaikeasti p\u00e4ihderiippuvaisia, ja vieroitusoireet sek\u00e4 vankilassa k\u00e4yt\u00e4v\u00e4 huumekauppa aiheuttavat v\u00e4kivaltaa, uhkailua ja painostamista.<\/p>\n<p class=\"article-body mb-nof-24 px-nof-16\">Vaaroja aiheuttavat my\u00f6s vankien mielenterveysongelmat. Tiedotustilaisuudessa kerrottiin, ett\u00e4 merkitt\u00e4v\u00e4 osa vankiloiden vaaratilanteista johtuu nyky\u00e4\u00e4n vankien mielenterveysongelmista.<\/p>\n<p class=\"article-body mb-nof-24 px-nof-16\">Vankien lis\u00e4\u00e4ntyv\u00e4 m\u00e4\u00e4r\u00e4 ja ahdas majoittaminen vaikeuttavat rikoksiin, v\u00e4kivaltaan ja uhkailuun puuttumista. My\u00f6s j\u00e4rjest\u00e4ytyneen rikollisuuden est\u00e4minen on vaikeampaa.<\/p>\n<p class=\"article-body mb-nof-24 px-nof-16\">Risen mukaan Suomen vankiloissa on noin 350 vankia, jotka kytkeytyv\u00e4t j\u00e4rjest\u00e4ytyneeseen rikollisuuteen. T\u00e4llaiset vangit pyrkiv\u00e4t useimmiten jatkamaan rikoksiaan vankilassa.<\/p>\n<p class=\"article-body mb-nof-24 px-nof-16\">Operatiivisen vastuualueen johtaja <a class=\"font-bold underline-offset-[0.12em] [text-decoration:var(--person-link-text-decoration)] ![text-decoration-color:var(--person-link-text-decoration-color)]\" href=\"https:\/\/www.is.fi\/haku\/?query=Riitta%20Kari\" rel=\"nofollow noopener\" target=\"_blank\">Riitta Kari<\/a> kertoi tiedotustilaisuudessa, ett\u00e4 turvallinen taso ylittyy t\u00e4ll\u00e4 hetkell\u00e4 900 vangilla. Tilanne ei todenn\u00e4k\u00f6isesti helpota aivan l\u00e4hiaikoina.<\/p>\n<p class=\"article-body mb-nof-24 px-nof-16\">Oikeusministeri\u00f6 on p\u00e4\u00e4tt\u00e4nyt lis\u00e4t\u00e4 vankipaikkoja. Seuraavan kolmen vuoden aikana saadaan 400 uutta vankipaikkaa.<\/p>\n<p class=\"article-body mb-nof-24 px-nof-16\">\u2013 On kuitenkin huomioitava, ett\u00e4 osa nykyisist\u00e4 vankiloista on teknisen k\u00e4ytt\u00f6ik\u00e4ns\u00e4 p\u00e4\u00e4ss\u00e4, Kari sanoi.<\/p>\n<p class=\"article-body mb-nof-24 px-nof-16\">Kari kertoi, ett\u00e4 valtioneuvosto on p\u00e4\u00e4tt\u00e4nyt \u201dk\u00e4ynnist\u00e4\u00e4 uuden suljetun vankilan suunnittelemisen Uudellemaalle\u201d.<\/p>\n<p class=\"article-body mb-nof-24 px-nof-16\">Toistaiseksi ei ole tiedossa, koska se valmistuu tai kuinka monta vankipaikkaa sinne tulee.<\/p>\n<p class=\"article-body mb-nof-24 px-nof-16\">Risen odotus on, ett\u00e4 vankim\u00e4\u00e4r\u00e4 kasvaa vuoteen 2030 menness\u00e4 yli 4\u202f000 vankiin.<\/p>\n","protected":false},"excerpt":{"rendered":"Suomessa ei ole en\u00e4\u00e4 ainuttakaan suljettua vankilaa, joka ei olisi yli sataprosenttisesti t\u00e4ynn\u00e4. Pieniinkin selleihin on jouduttu laittamaan&hellip;\n","protected":false},"author":2,"featured_media":143409,"comment_status":"","ping_status":"","sticky":false,"template":"","format":"standard","meta":{"footnotes":""},"categories":[12],"tags":[22,23,26,27,33,31,30,17,34,24,25,28,29,15,18,21,32,19,20,16],"class_list":{"0":"post-143408","1":"post","2":"type-post","3":"status-publish","4":"format-standard","5":"has-post-thumbnail","7":"category-suomi","8":"tag-breaking-news","9":"tag-breakingnews","10":"tag-featured-news","11":"tag-featurednews","12":"tag-fi","13":"tag-finland","14":"tag-finnish","15":"tag-headlines","16":"tag-ilta-sanomat","17":"tag-latest-news","18":"tag-latestnews","19":"tag-main-news","20":"tag-mainnews","21":"tag-news","22":"tag-otsikot","23":"tag-paauutiset","24":"tag-suomi","25":"tag-top-stories","26":"tag-topstories","27":"tag-uutiset"},"share_on_mastodon":{"url":"https:\/\/pubeurope.com\/@fi\/115901194905005558","error":""},"_links":{"self":[{"href":"https:\/\/www.europesays.com\/fi\/wp-json\/wp\/v2\/posts\/143408","targetHints":{"allow":["GET"]}}],"collection":[{"href":"https:\/\/www.europesays.com\/fi\/wp-json\/wp\/v2\/posts"}],"about":[{"href":"https:\/\/www.europesays.com\/fi\/wp-json\/wp\/v2\/types\/post"}],"author":[{"embeddable":true,"href":"https:\/\/www.europesays.com\/fi\/wp-json\/wp\/v2\/users\/2"}],"replies":[{"embeddable":true,"href":"https:\/\/www.europesays.com\/fi\/wp-json\/wp\/v2\/comments?post=143408"}],"version-history":[{"count":0,"href":"https:\/\/www.europesays.com\/fi\/wp-json\/wp\/v2\/posts\/143408\/revisions"}],"wp:featuredmedia":[{"embeddable":true,"href":"https:\/\/www.europesays.com\/fi\/wp-json\/wp\/v2\/media\/143409"}],"wp:attachment":[{"href":"https:\/\/www.europesays.com\/fi\/wp-json\/wp\/v2\/media?parent=143408"}],"wp:term":[{"taxonomy":"category","embeddable":true,"href":"https:\/\/www.europesays.com\/fi\/wp-json\/wp\/v2\/categories?post=143408"},{"taxonomy":"post_tag","embeddable":true,"href":"https:\/\/www.europesays.com\/fi\/wp-json\/wp\/v2\/tags?post=143408"}],"curies":[{"name":"wp","href":"https:\/\/api.w.org\/{rel}","templated":true}]}}