{"id":143410,"date":"2026-01-15T21:17:08","date_gmt":"2026-01-15T21:17:08","guid":{"rendered":"https:\/\/www.europesays.com\/fi\/143410\/"},"modified":"2026-01-15T21:17:08","modified_gmt":"2026-01-15T21:17:08","slug":"trump-kaansi-kelkkansa-pitka-ja-vimmattu-ponnistelu","status":"publish","type":"post","link":"https:\/\/www.europesays.com\/fi\/143410\/","title":{"rendered":"Trump k\u00e4\u00e4nsi kelkkansa \u2013 \u201dPitk\u00e4 ja vimmattu ponnistelu\u201d"},"content":{"rendered":"<p>L\u00e4hi-id\u00e4n maat onnistuivat diplomaattisissa pyrkimyksiss\u00e4\u00e4n.<\/p>\n<p><img decoding=\"async\" class=\"image image-show image-preview\" src=\"https:\/\/www.europesays.com\/fi\/wp-content\/uploads\/2026\/01\/7b07ebb6df0c45be2e01abc782125f06ba1faa897ead8a6035a3df4e5de3bb09.jpg\" alt=\"\"\/><img decoding=\"async\" class=\"image image-show\" src=\"https:\/\/www.europesays.com\/fi\/wp-content\/uploads\/2026\/01\/1768511828_466_7b07ebb6df0c45be2e01abc782125f06ba1faa897ead8a6035a3df4e5de3bb09.jpg\" alt=\"\"\/><\/p>\n<p>Valkoinen talo vahvistaa mediatiedot Donald Trumpin p\u00e4\u00e4t\u00f6ksest\u00e4 peruuttaa sotilaalliset toimet Irania vastaan. AOP<\/p>\n<p class=\"paragraph\">Yhdysvalloissa <a href=\"https:\/\/www.iltalehti.fi\/henkilot\/Donald Trump\" class=\"article-link-person-page\" rel=\"nofollow noopener\" target=\"_blank\">Donald Trump<\/a> on mit\u00e4 ilmeisemmin muuttanut mielt\u00e4\u00e4n Iraniin teht\u00e4vist\u00e4 iskuista.<\/p>\n<p class=\"paragraph\">Uutistoimisto AFP kertoo Persianlahden maiden ryhtyneen tiukkoihin diplomaattisiin ponnisteluihin pys\u00e4ytt\u00e4\u00e4kseen Trumpin aikeet. Trumpin taivutteluun ottivat osaa ainakin Saudi-Arabia, Qatar ja Oman.<\/p>\n<p class=\"paragraph\">\u2013 Kerroimme Yhdysvalloille, ett\u00e4 isku Iraniin avaisi tien vakaviin seurauksiin alueella, AFP:n l\u00e4hteet kertovat.<\/p>\n<p class=\"paragraph\">\u2013 Johdimme pitk\u00e4\u00e4 ja vimmattua viime hetken ponnistelua vakuuttaaksemme Trumpin antamaan Iranille mahdollisuuden osoittaa hyv\u00e4t aikeensa.<\/p>\n<p class=\"paragraph\">The New York Timesin mukaan my\u00f6s Israelin p\u00e4\u00e4ministeri <a href=\"https:\/\/www.iltalehti.fi\/henkilot\/Benjamin Netanjahu\" class=\"article-link-person-page\" rel=\"nofollow noopener\" target=\"_blank\">Benjamin Netanjahu<\/a> kehotti keskiviikkona Trumpia harkitsemaan iskua uudelleen.<\/p>\n<p class=\"paragraph\">AFP:n ja NYT:n mukaan vetoomukset n\u00e4ytt\u00e4v\u00e4t tehonneen Trumpiin, joka ilmoitti keskiviikkona saaneen tiet\u00e4\u00e4 \u201deritt\u00e4in t\u00e4rke\u00e4lt\u00e4 l\u00e4hteelt\u00e4\u201d, ett\u00e4 Iran on lopettanut mielenosoittajien surmaamisen ja keskeytt\u00e4nyt teloitusten toimeenpanon.<\/p>\n<p class=\"paragraph\">NYT uutisoi, ett\u00e4 Trumpin kommentit viestiv\u00e4t siit\u00e4, ett\u00e4 h\u00e4n on peruuttanut iskut. AFP:n arabil\u00e4hde puolestaan kertoo, ett\u00e4 Yhdysvallat on nyt valmis \u201dantamaan aikaa neuvotteluille Iranin kanssa\u201d.<\/p>\n<p class=\"paragraph\">Valkoinen talo vahvistaa, ett\u00e4 Trump on toistaiseksi peruuttanut sotilaalliset toimet. Valkoisen talon lehdist\u00f6sihteeri <a href=\"https:\/\/www.iltalehti.fi\/henkilot\/Karoline Leavitt\" class=\"article-link-person-page\" rel=\"nofollow noopener\" target=\"_blank\">Karoline Leavitt<\/a> kuitenkin korostaa, ett\u00e4 Trump ei ole hyl\u00e4nnyt mit\u00e4\u00e4n vaihtoehtoa kokonaan.<\/p>\n<p class=\"paragraph\">Leavittin mukaan Trump on uhannut Irania \u201dvakavilla seurauksilla\u201d, mik\u00e4li mielenosoittajien surmat ja teloitukset jatkuvat.<\/p>\n<p class=\"paragraph\">Uutistoimisto Reuters uutisoi keskiviikkona kolmen l\u00e4hteens\u00e4 perusteella, ett\u00e4 Trump olisi p\u00e4\u00e4tt\u00e4nyt iske\u00e4 Iraniin. Yksi eurooppalainen virkamiesl\u00e4hde arvioi, ett\u00e4 Yhdysvallat olisi saattanut iske\u00e4 niinkin nopeasti kuin seuraavan 24 tunnin aikana.<\/p>\n","protected":false},"excerpt":{"rendered":"L\u00e4hi-id\u00e4n maat onnistuivat diplomaattisissa pyrkimyksiss\u00e4\u00e4n. Valkoinen talo vahvistaa mediatiedot Donald Trumpin p\u00e4\u00e4t\u00f6ksest\u00e4 peruuttaa sotilaalliset toimet Irania vastaan. AOP&hellip;\n","protected":false},"author":2,"featured_media":143411,"comment_status":"","ping_status":"","sticky":false,"template":"","format":"standard","meta":{"footnotes":""},"categories":[5],"tags":[35,22,23,26,27,33,31,30,17,24,25,28,29,15,18,21,142,637,144,32,19,20,16,638,143],"class_list":{"0":"post-143410","1":"post","2":"type-post","3":"status-publish","4":"format-standard","5":"has-post-thumbnail","7":"category-otsikot","8":"tag-24h","9":"tag-breaking-news","10":"tag-breakingnews","11":"tag-featured-news","12":"tag-featurednews","13":"tag-fi","14":"tag-finland","15":"tag-finnish","16":"tag-headlines","17":"tag-latest-news","18":"tag-latestnews","19":"tag-main-news","20":"tag-mainnews","21":"tag-news","22":"tag-otsikot","23":"tag-paauutiset","24":"tag-poliitikot","25":"tag-politiikka","26":"tag-presidentti","27":"tag-suomi","28":"tag-top-stories","29":"tag-topstories","30":"tag-uutiset","31":"tag-valtiovalta","32":"tag-yhdysvaltain-politiikka"},"share_on_mastodon":{"url":"https:\/\/pubeurope.com\/@fi\/115901198704898204","error":""},"_links":{"self":[{"href":"https:\/\/www.europesays.com\/fi\/wp-json\/wp\/v2\/posts\/143410","targetHints":{"allow":["GET"]}}],"collection":[{"href":"https:\/\/www.europesays.com\/fi\/wp-json\/wp\/v2\/posts"}],"about":[{"href":"https:\/\/www.europesays.com\/fi\/wp-json\/wp\/v2\/types\/post"}],"author":[{"embeddable":true,"href":"https:\/\/www.europesays.com\/fi\/wp-json\/wp\/v2\/users\/2"}],"replies":[{"embeddable":true,"href":"https:\/\/www.europesays.com\/fi\/wp-json\/wp\/v2\/comments?post=143410"}],"version-history":[{"count":0,"href":"https:\/\/www.europesays.com\/fi\/wp-json\/wp\/v2\/posts\/143410\/revisions"}],"wp:featuredmedia":[{"embeddable":true,"href":"https:\/\/www.europesays.com\/fi\/wp-json\/wp\/v2\/media\/143411"}],"wp:attachment":[{"href":"https:\/\/www.europesays.com\/fi\/wp-json\/wp\/v2\/media?parent=143410"}],"wp:term":[{"taxonomy":"category","embeddable":true,"href":"https:\/\/www.europesays.com\/fi\/wp-json\/wp\/v2\/categories?post=143410"},{"taxonomy":"post_tag","embeddable":true,"href":"https:\/\/www.europesays.com\/fi\/wp-json\/wp\/v2\/tags?post=143410"}],"curies":[{"name":"wp","href":"https:\/\/api.w.org\/{rel}","templated":true}]}}