{"id":143414,"date":"2026-01-15T21:36:07","date_gmt":"2026-01-15T21:36:07","guid":{"rendered":"https:\/\/www.europesays.com\/fi\/143414\/"},"modified":"2026-01-15T21:36:07","modified_gmt":"2026-01-15T21:36:07","slug":"hifkn-kapteenille-pelikieltoa-hs-fi","status":"publish","type":"post","link":"https:\/\/www.europesays.com\/fi\/143414\/","title":{"rendered":"HIFK:n kapteenille pelikieltoa | HS.fi"},"content":{"rendered":"<p>J\u00e4\u00e4kiekko|Sanktio r\u00e4ps\u00e4hti p\u00e4\u00e4h\u00e4n kohdistuneesta taklauksesta.<\/p>\n<p class=\"article-body mb-nof-24 px-nof-16\">SM-liigan kurinpitodelegaatio on m\u00e4\u00e4r\u00e4nnyt HIFKn kapteenin <a class=\"font-bold underline-offset-[0.12em] [text-decoration:var(--person-link-text-decoration)] ![text-decoration-color:var(--person-link-text-decoration-color)]\" href=\"https:\/\/www.hs.fi\/haku\/?query=Iiro%20Pakarisen\" rel=\"nofollow noopener\" target=\"_blank\">Iiro Pakarisen<\/a> kolmen ottelun pelikieltoon.<\/p>\n<p class=\"article-body mb-nof-24 px-nof-16\">Pakarinen taklasi keskiviikkona KooKoo-ottelussa vastustajan <a class=\"font-bold underline-offset-[0.12em] [text-decoration:var(--person-link-text-decoration)] ![text-decoration-color:var(--person-link-text-decoration-color)]\" href=\"https:\/\/www.hs.fi\/haku\/?query=Samuel%20Valkeej%C3%A4rve%C3%A4\" rel=\"nofollow noopener\" target=\"_blank\">Samuel Valkeej\u00e4rve\u00e4<\/a> p\u00e4\u00e4h\u00e4n ottelun kolmannen er\u00e4n alussa. H\u00e4n sai teostaan tuoreeltaan pelirangaistuksen ja joutui j\u00e4tt\u00e4m\u00e4\u00e4n pelin siihen.<\/p>\n<p class=\"article-body mb-nof-24 px-nof-16\">Kurinpitodelegaatio <a class=\"underline underline-offset-[0.12em] [text-decoration-thickness:var(--generic-link-underline-thickness)] [text-decoration-color:var(--generic-link-underline-color)] [text-decoration-skip-ink:var(--generic-link-underline-skip-ink)] break-words\" href=\"https:\/\/liiga.fi\/fi\/uutiset\/hifk-n-iiro-pakariselle-kolmen-ottelun-pelikielto\" rel=\"nofollow noopener\" target=\"_blank\">perusteli<\/a> pelikieltoa muun muassa sill\u00e4, ett\u00e4 Pakarisen taklauksesta aiheutunut kontakti kohdistui kokonaisuudessaan Valkeej\u00e4rve\u00e4 p\u00e4\u00e4h\u00e4n.<\/p>\n<p class=\"article-body mb-nof-24 px-nof-16\">Maalitykin kausi on ollut rikkonainen. H\u00e4n oli alkukauden loukkaantuneena ja pelasi kauden ensimm\u00e4isen liigaottelunsa vasta viime viikolla.<\/p>\n<p class=\"article-body mb-nof-24 px-nof-16\">HIFK h\u00e4visi keskiviikon kotiottelunsa KooKoota vastaan maalein 1\u20136.<\/p>\n<p class=\"article-body mb-nof-24 px-nof-16\">Sen seuraavat kolme ottelua ovat Tapparaa, Kiekko-Espoota ja Sportia vastaan.<\/p>\n<p class=\"article-body mb-nof-24 px-nof-16\">Pakarisen puuttuminen noista otteluista on pitkin kautta loukkaantumisista k\u00e4rsineelle HIFK:lle merkitt\u00e4v\u00e4 takaisku.<\/p>\n<p class=\"article-body mb-nof-24 px-nof-16\">HIFK on sarjataulukossa sijalla 11 ja taistelee ankarasti paikasta pudotuspeleihin.<\/p>\n","protected":false},"excerpt":{"rendered":"J\u00e4\u00e4kiekko|Sanktio r\u00e4ps\u00e4hti p\u00e4\u00e4h\u00e4n kohdistuneesta taklauksesta. SM-liigan kurinpitodelegaatio on m\u00e4\u00e4r\u00e4nnyt HIFKn kapteenin Iiro Pakarisen kolmen ottelun pelikieltoon. Pakarinen taklasi&hellip;\n","protected":false},"author":2,"featured_media":143415,"comment_status":"","ping_status":"","sticky":false,"template":"","format":"standard","meta":{"footnotes":""},"categories":[158],"tags":[33,31,30,46,159,32,160],"class_list":{"0":"post-143414","1":"post","2":"type-post","3":"status-publish","4":"format-standard","5":"has-post-thumbnail","7":"category-urheilu","8":"tag-fi","9":"tag-finland","10":"tag-finnish","11":"tag-helsingin-sanomat","12":"tag-sports","13":"tag-suomi","14":"tag-urheilu"},"share_on_mastodon":{"url":"https:\/\/pubeurope.com\/@fi\/115901273494439514","error":""},"_links":{"self":[{"href":"https:\/\/www.europesays.com\/fi\/wp-json\/wp\/v2\/posts\/143414","targetHints":{"allow":["GET"]}}],"collection":[{"href":"https:\/\/www.europesays.com\/fi\/wp-json\/wp\/v2\/posts"}],"about":[{"href":"https:\/\/www.europesays.com\/fi\/wp-json\/wp\/v2\/types\/post"}],"author":[{"embeddable":true,"href":"https:\/\/www.europesays.com\/fi\/wp-json\/wp\/v2\/users\/2"}],"replies":[{"embeddable":true,"href":"https:\/\/www.europesays.com\/fi\/wp-json\/wp\/v2\/comments?post=143414"}],"version-history":[{"count":0,"href":"https:\/\/www.europesays.com\/fi\/wp-json\/wp\/v2\/posts\/143414\/revisions"}],"wp:featuredmedia":[{"embeddable":true,"href":"https:\/\/www.europesays.com\/fi\/wp-json\/wp\/v2\/media\/143415"}],"wp:attachment":[{"href":"https:\/\/www.europesays.com\/fi\/wp-json\/wp\/v2\/media?parent=143414"}],"wp:term":[{"taxonomy":"category","embeddable":true,"href":"https:\/\/www.europesays.com\/fi\/wp-json\/wp\/v2\/categories?post=143414"},{"taxonomy":"post_tag","embeddable":true,"href":"https:\/\/www.europesays.com\/fi\/wp-json\/wp\/v2\/tags?post=143414"}],"curies":[{"name":"wp","href":"https:\/\/api.w.org\/{rel}","templated":true}]}}