{"id":143416,"date":"2026-01-15T21:37:10","date_gmt":"2026-01-15T21:37:10","guid":{"rendered":"https:\/\/www.europesays.com\/fi\/143416\/"},"modified":"2026-01-15T21:37:10","modified_gmt":"2026-01-15T21:37:10","slug":"yle-meritan-ja-kopn-johtajana-toiminut-pankkivaikuttaja-pertti-voutilainen-kuollut-85-vuotiaana","status":"publish","type":"post","link":"https:\/\/www.europesays.com\/fi\/143416\/","title":{"rendered":"Yle: Meritan ja KOP:n johtajana toiminut pankkivaikuttaja Pertti Voutilainen kuollut 85-vuotiaana"},"content":{"rendered":"<p>&#13;<br \/>\n        &#13;<br \/>\n&#13;<br \/>\n        &#13;<\/p>\n<p>            <a href=\"https:\/\/www.sss.fi\/wp-content\/uploads\/2026\/01\/2026011519010-eG5LQRZuaqI.jpg\" data-caption=\"Pertti Voutilainen oli Kansallis-Osake-Pankin toimitusjohtaja, kun pankki fuusioitui SYP:n kanssa uudeksi Merita-pankiksi. MARJA AIRIO \/ LEHTIKUVA\" rel=\"nofollow noopener\" target=\"_blank\"><img loading=\"lazy\" decoding=\"async\" width=\"696\" height=\"464\" class=\"entry-thumb td-modal-image\" src=\"https:\/\/www.europesays.com\/fi\/wp-content\/uploads\/2026\/01\/2026011519010-eG5LQRZuaqI-696x464.jpg\"   alt=\"Pertti Voutilainen oli Kansallis-Osake-Pankin toimitusjohtaja, kun pankki fuusioitui SYP:n kanssa uudeksi Merita-pankiksi. MARJA AIRIO \/ LEHTIKUVA\" title=\"Pertti Voutilainen oli Kansallis-Osake-Pankin toimitusjohtaja, kun pankki fuusioitui SYP:n kanssa uudeksi Merita-pankiksi. MARJA AIRIO \/ LEHTIKUVA\"\/><\/a>Pertti Voutilainen oli Kansallis-Osake-Pankin toimitusjohtaja, kun pankki fuusioitui SYP:n kanssa uudeksi Merita-pankiksi. MARJA AIRIO \/ LEHTIKUVA<\/p>\n<p>Meritan ja Kansallis-Osake-Pankin (KOP) johtajana toiminut pankkialan vaikuttaja Pertti Voutilainen on kuollut 85-vuotiaana.<\/p>\n<p>Voutilaisen poika kertoi <a href=\"https:\/\/yle.fi\/a\/74-20204608?utm_medium=social&amp;utm_source=copy-link-share\" rel=\"nofollow noopener\" target=\"_blank\">Ylelle<\/a>, ett\u00e4 vuorineuvos kuoli torstain vastaisena y\u00f6n\u00e4.<\/p>\n<p>Voutilainen oli keskeisesti mukana suomalaisen pankkimaailman mullistuksissa 1990-luvulla.<\/p>\n<p>H\u00e4n oli KOP:n toimitusjohtaja pankin fuusioituessa SYP:n kanssa uudeksi Merita-pankiksi vuonna 1995.<\/p>\n<p>Voutilaisen toimitusjohtajakaudella Merita ja ruotsalainen Nordbanken yhdistyiv\u00e4t vuonna 1997. Pankki vaihtoi vuosituhannen alussa nimekseen Nordea.<\/p>\n<p>Ennen pankkialalle siirtymist\u00e4 Voutilainen teki pitk\u00e4n uran kaivos- ja metallialan yritys Outokummussa. Voutilainen syntyi Outokummun Kuusj\u00e4rven kyl\u00e4ss\u00e4.<\/p>\n<p>Voutilainen toimi my\u00f6s Metson ja kanadalaisen Agnico-Eaglen hallituksissa.<\/p>\n<p>        &#13;<br \/>\n&#13;<br \/>\n        &#13;<br \/>\n                        &#13;<br \/>\n            &#13;<br \/>\n&#13;<br \/>\n                                                        &#13;<br \/>\n&#13;<\/p>\n","protected":false},"excerpt":{"rendered":"&#13; &#13; &#13; &#13; Pertti Voutilainen oli Kansallis-Osake-Pankin toimitusjohtaja, kun pankki fuusioitui SYP:n kanssa uudeksi Merita-pankiksi. MARJA AIRIO&hellip;\n","protected":false},"author":2,"featured_media":143417,"comment_status":"","ping_status":"","sticky":false,"template":"","format":"standard","meta":{"footnotes":""},"categories":[130],"tags":[137,33,31,30,32,78,109],"class_list":{"0":"post-143416","1":"post","2":"type-post","3":"status-publish","4":"format-standard","5":"has-post-thumbnail","7":"category-viihde","8":"tag-entertainment","9":"tag-fi","10":"tag-finland","11":"tag-finnish","12":"tag-suomi","13":"tag-talous","14":"tag-viihde"},"share_on_mastodon":{"url":"https:\/\/pubeurope.com\/@fi\/115901277493067560","error":""},"_links":{"self":[{"href":"https:\/\/www.europesays.com\/fi\/wp-json\/wp\/v2\/posts\/143416","targetHints":{"allow":["GET"]}}],"collection":[{"href":"https:\/\/www.europesays.com\/fi\/wp-json\/wp\/v2\/posts"}],"about":[{"href":"https:\/\/www.europesays.com\/fi\/wp-json\/wp\/v2\/types\/post"}],"author":[{"embeddable":true,"href":"https:\/\/www.europesays.com\/fi\/wp-json\/wp\/v2\/users\/2"}],"replies":[{"embeddable":true,"href":"https:\/\/www.europesays.com\/fi\/wp-json\/wp\/v2\/comments?post=143416"}],"version-history":[{"count":0,"href":"https:\/\/www.europesays.com\/fi\/wp-json\/wp\/v2\/posts\/143416\/revisions"}],"wp:featuredmedia":[{"embeddable":true,"href":"https:\/\/www.europesays.com\/fi\/wp-json\/wp\/v2\/media\/143417"}],"wp:attachment":[{"href":"https:\/\/www.europesays.com\/fi\/wp-json\/wp\/v2\/media?parent=143416"}],"wp:term":[{"taxonomy":"category","embeddable":true,"href":"https:\/\/www.europesays.com\/fi\/wp-json\/wp\/v2\/categories?post=143416"},{"taxonomy":"post_tag","embeddable":true,"href":"https:\/\/www.europesays.com\/fi\/wp-json\/wp\/v2\/tags?post=143416"}],"curies":[{"name":"wp","href":"https:\/\/api.w.org\/{rel}","templated":true}]}}