{"id":143420,"date":"2026-01-15T21:40:12","date_gmt":"2026-01-15T21:40:12","guid":{"rendered":"https:\/\/www.europesays.com\/fi\/143420\/"},"modified":"2026-01-15T21:40:12","modified_gmt":"2026-01-15T21:40:12","slug":"opn-mobiili-ja-verkkopalveluiden-hairiot-jatkuneet-useita-tunteja","status":"publish","type":"post","link":"https:\/\/www.europesays.com\/fi\/143420\/","title":{"rendered":"OP:n mobiili- ja verkkopalveluiden h\u00e4iri\u00f6t jatkuneet useita tunteja"},"content":{"rendered":"<p>    <img decoding=\"async\" class=\"responsive-image article__image-image lozad\"   src=\"https:\/\/www.europesays.com\/fi\/wp-content\/uploads\/2026\/01\/Wlm8CnHBmhkO89ttCNzuYPit6PRjKE2QaPnjwhtf2UthOL0R7k9dI91_NzzkM8EIl9Qc-gQ8m1sBJtQ7-uwrJSSvoahtQE07YKQY.jpeg\" alt=\"-\"\/><\/p>\n<p class=\"article__paragraph\">\n      OP:n mobiili- ja verkkopalveluissa on h\u00e4iri\u00f6it\u00e4. Palveluiden korjaukset ovat parhaillaan k\u00e4ynniss\u00e4, eiv\u00e4tk\u00e4 verkkosivut ole t\u00e4ll\u00e4 hetkell\u00e4 ollenkaan k\u00e4yt\u00f6ss\u00e4.\n    <\/p>\n<p class=\"article__paragraph\">\n      OP:n viestinn\u00e4st\u00e4 kerrotaan STT:lle, ett\u00e4 korttimaksaminen kaupoissa toimii normaalisti. Viestinn\u00e4st\u00e4 ei osattu antaa h\u00e4iri\u00f6ille tarkkaa korjausaikataulua.\n    <\/p>\n<p class=\"article__paragraph\">\n      Palveluissa on ollut ajoittaisia h\u00e4iri\u00f6it\u00e4 jo usean tunnin ajan. <a href=\"https:\/\/downdetector.fi\/ei-toimi\/op\/\" rel=\"nofollow noopener\" target=\"_blank\">Downdetector<\/a>-sivuston mukaan k\u00e4ytt\u00e4j\u00e4t ovat raportoineet ongelmista noin aamukymmenest\u00e4 l\u00e4htien. Pahimmillaan tuhannet k\u00e4ytt\u00e4j\u00e4t ovat ilmoittaneet h\u00e4iri\u00f6ist\u00e4.\n    <\/p>\n","protected":false},"excerpt":{"rendered":"OP:n mobiili- ja verkkopalveluissa on h\u00e4iri\u00f6it\u00e4. Palveluiden korjaukset ovat parhaillaan k\u00e4ynniss\u00e4, eiv\u00e4tk\u00e4 verkkosivut ole t\u00e4ll\u00e4 hetkell\u00e4 ollenkaan k\u00e4yt\u00f6ss\u00e4.&hellip;\n","protected":false},"author":2,"featured_media":143421,"comment_status":"","ping_status":"","sticky":false,"template":"","format":"standard","meta":{"footnotes":""},"categories":[76],"tags":[79,77,33,31,30,32,78],"class_list":{"0":"post-143420","1":"post","2":"type-post","3":"status-publish","4":"format-standard","5":"has-post-thumbnail","7":"category-talous","8":"tag-business","9":"tag-economy","10":"tag-fi","11":"tag-finland","12":"tag-finnish","13":"tag-suomi","14":"tag-talous"},"share_on_mastodon":{"url":"https:\/\/pubeurope.com\/@fi\/115901289245056092","error":""},"_links":{"self":[{"href":"https:\/\/www.europesays.com\/fi\/wp-json\/wp\/v2\/posts\/143420","targetHints":{"allow":["GET"]}}],"collection":[{"href":"https:\/\/www.europesays.com\/fi\/wp-json\/wp\/v2\/posts"}],"about":[{"href":"https:\/\/www.europesays.com\/fi\/wp-json\/wp\/v2\/types\/post"}],"author":[{"embeddable":true,"href":"https:\/\/www.europesays.com\/fi\/wp-json\/wp\/v2\/users\/2"}],"replies":[{"embeddable":true,"href":"https:\/\/www.europesays.com\/fi\/wp-json\/wp\/v2\/comments?post=143420"}],"version-history":[{"count":0,"href":"https:\/\/www.europesays.com\/fi\/wp-json\/wp\/v2\/posts\/143420\/revisions"}],"wp:featuredmedia":[{"embeddable":true,"href":"https:\/\/www.europesays.com\/fi\/wp-json\/wp\/v2\/media\/143421"}],"wp:attachment":[{"href":"https:\/\/www.europesays.com\/fi\/wp-json\/wp\/v2\/media?parent=143420"}],"wp:term":[{"taxonomy":"category","embeddable":true,"href":"https:\/\/www.europesays.com\/fi\/wp-json\/wp\/v2\/categories?post=143420"},{"taxonomy":"post_tag","embeddable":true,"href":"https:\/\/www.europesays.com\/fi\/wp-json\/wp\/v2\/tags?post=143420"}],"curies":[{"name":"wp","href":"https:\/\/api.w.org\/{rel}","templated":true}]}}