{"id":143426,"date":"2026-01-15T21:43:10","date_gmt":"2026-01-15T21:43:10","guid":{"rendered":"https:\/\/www.europesays.com\/fi\/143426\/"},"modified":"2026-01-15T21:43:10","modified_gmt":"2026-01-15T21:43:10","slug":"kova-kylmyys-etelaan","status":"publish","type":"post","link":"https:\/\/www.europesays.com\/fi\/143426\/","title":{"rendered":"Kova kylmyys etel\u00e4\u00e4n"},"content":{"rendered":"<p>Kuukausiennusteessa my\u00f6s helmikuun alku on muuttunut aiempaa kylmemm\u00e4ksi.<\/p>\n<p><img decoding=\"async\" class=\"image image-show image-preview\" src=\"https:\/\/www.europesays.com\/fi\/wp-content\/uploads\/2026\/01\/f697622f8f65285320caa8ecc13b720b7fc81fccb77083b115b9a9bebe2aef86.jpg\" alt=\"\"\/><img decoding=\"async\" class=\"image image-show\" src=\"https:\/\/www.europesays.com\/fi\/wp-content\/uploads\/2026\/01\/1768513389_225_f697622f8f65285320caa8ecc13b720b7fc81fccb77083b115b9a9bebe2aef86.jpg\" alt=\"\"\/><\/p>\n<p>Pakkanen voi kiristy\u00e4 ensi viikkolla kire\u00e4ksi koko maassa. Pasi Liesimaa<\/p>\n<p class=\"paragraph\">S\u00e4\u00e4 on muuttumassa t\u00e4ll\u00e4 hetkell\u00e4 lauhemmaksi, mutta heti ensi viikosta alkaen tammikuun loppuun saakka ennuste lupaa kylm\u00e4\u00e4 ilmaa. <a href=\"https:\/\/www.foreca.fi\/meteorologilta\/i56bos8x\" target=\"_blank\" rel=\"noopener nofollow\">Forecan<\/a> tuoreen kuukausiennusteen mukaan viimeinen viikko tammikuusta on selv\u00e4sti tavanomaista kylmempi.<\/p>\n<p class=\"paragraph\">Tilastollisesti tammikuun loppu ja helmikuun alku ovat vuoden kylmint\u00e4 aikaa.<\/p>\n<p class=\"paragraph\">Tyypillisesti p\u00e4iv\u00e4n alin l\u00e4mp\u00f6tila on kuun vaihteessa maan etel\u00e4- ja l\u00e4nsiosassa enimm\u00e4kseen 4\u201310 pakkasastetta ja Lapissa 14\u201318 pakkasastetta. Alustava ennuste lupailee siis viel\u00e4kin kylmempi\u00e4 l\u00e4mp\u00f6tiloja.<\/p>\n<p class=\"paragraph\">Sadem\u00e4\u00e4r\u00e4n ennustetaan olevan keskim\u00e4\u00e4r\u00e4ist\u00e4 pienempi, mutta todenn\u00e4k\u00f6isesti koko viikko ei kulu samanlaisessa poutas\u00e4\u00e4ss\u00e4.<\/p>\n<p class=\"paragraph\">Helmikuun ensimm\u00e4inen viikko on muuttunut kuukausiennusteessa aiempaa kylmemp\u00e4\u00e4n suuntaan. Ennusteeseen vaikuttaa mahdollinen korkeapaine, joka voi liikkua kauemmaksi Suomesta. Ennustettavuus on kuitenkin viel\u00e4 t\u00e4ss\u00e4 vaiheessa heikko.<\/p>\n<p class=\"paragraph\">Tammi-helmikuussa valon m\u00e4\u00e4r\u00e4 lis\u00e4\u00e4ntyy nopeasti ja helmikuun puolella auringon l\u00e4mmitt\u00e4v\u00e4n vaikutuksen alkaa huomata. Nyt kaamoksen viimeisi\u00e4 p\u00e4ivi\u00e4 vietet\u00e4\u00e4n Utsjoella, mutta jo helmikuun puoliv\u00e4liss\u00e4 pohjoisessa p\u00e4iv\u00e4n pituus on noin seitsem\u00e4n tuntia.<\/p>\n<p class=\"paragraph\">Kuluvan viikon lauhan ajanjakson j\u00e4lkeen pakkanen kirist\u00e4\u00e4 otettaan ja Suomi jakautuu lauhaan Lappiin ja kylm\u00e4\u00e4n etel\u00e4\u00e4n. Ennusteen mukaan l\u00e4mp\u00f6tilat pysyv\u00e4t mantereella pakkasella. Jos s\u00e4\u00e4 selkenee, kire\u00e4t pakkaset ovat mahdollisia koko maassa.<\/p>\n<p class=\"paragraph\">Tuleva viikko vaikuttaa sadem\u00e4\u00e4r\u00e4lt\u00e4\u00e4n tavanomaista v\u00e4hemm\u00e4lt\u00e4. P\u00e4ivien v\u00e4lill\u00e4 on vaihtelua, koska korkeapaineen sijainti Suomeen n\u00e4hden vaihtelee. Odotettavissa on ainakin heikkoja lumisateita ymp\u00e4ri Suomea. Sulan meren l\u00e4hettyvill\u00e4 lumikuurot voivat olla sakeampia, mik\u00e4 voi hankaloittaa ajokeli\u00e4 rannikkokaupungeissa.<\/p>\n<p><a href=\"https:\/\/www.iltalehti.fi\/parassaa?storeCampaign=ArticleBottomBanner\" rel=\"nofollow noopener\" target=\"_blank\"><img decoding=\"async\" src=\"https:\/\/www.europesays.com\/fi\/wp-content\/uploads\/2025\/08\/d0fd7860228df4fdd5fd0367e49d769aa09b08189080ddc5ccdd8c31ad63aca9.png\" alt=\"IL Paras S\u00e4\u00e4 - S\u00e4\u00e4tiedot ja s\u00e4\u00e4ennusteet\"\/><\/a><\/p>\n","protected":false},"excerpt":{"rendered":"Kuukausiennusteessa my\u00f6s helmikuun alku on muuttunut aiempaa kylmemm\u00e4ksi. Pakkanen voi kiristy\u00e4 ensi viikkolla kire\u00e4ksi koko maassa. Pasi Liesimaa&hellip;\n","protected":false},"author":2,"featured_media":143427,"comment_status":"","ping_status":"","sticky":false,"template":"","format":"standard","meta":{"footnotes":""},"categories":[5],"tags":[35,22,23,26,27,33,31,30,17,713,24,25,28,29,715,15,18,21,710,714,32,10305,19,20,16],"class_list":{"0":"post-143426","1":"post","2":"type-post","3":"status-publish","4":"format-standard","5":"has-post-thumbnail","7":"category-otsikot","8":"tag-24h","9":"tag-breaking-news","10":"tag-breakingnews","11":"tag-featured-news","12":"tag-featurednews","13":"tag-fi","14":"tag-finland","15":"tag-finnish","16":"tag-headlines","17":"tag-lampotila-saa","18":"tag-latest-news","19":"tag-latestnews","20":"tag-main-news","21":"tag-mainnews","22":"tag-meteorologia","23":"tag-news","24":"tag-otsikot","25":"tag-paauutiset","26":"tag-saa","27":"tag-saaennustus","28":"tag-suomi","29":"tag-talvisaa","30":"tag-top-stories","31":"tag-topstories","32":"tag-uutiset"},"share_on_mastodon":{"url":"https:\/\/pubeurope.com\/@fi\/115901300901585382","error":""},"_links":{"self":[{"href":"https:\/\/www.europesays.com\/fi\/wp-json\/wp\/v2\/posts\/143426","targetHints":{"allow":["GET"]}}],"collection":[{"href":"https:\/\/www.europesays.com\/fi\/wp-json\/wp\/v2\/posts"}],"about":[{"href":"https:\/\/www.europesays.com\/fi\/wp-json\/wp\/v2\/types\/post"}],"author":[{"embeddable":true,"href":"https:\/\/www.europesays.com\/fi\/wp-json\/wp\/v2\/users\/2"}],"replies":[{"embeddable":true,"href":"https:\/\/www.europesays.com\/fi\/wp-json\/wp\/v2\/comments?post=143426"}],"version-history":[{"count":0,"href":"https:\/\/www.europesays.com\/fi\/wp-json\/wp\/v2\/posts\/143426\/revisions"}],"wp:featuredmedia":[{"embeddable":true,"href":"https:\/\/www.europesays.com\/fi\/wp-json\/wp\/v2\/media\/143427"}],"wp:attachment":[{"href":"https:\/\/www.europesays.com\/fi\/wp-json\/wp\/v2\/media?parent=143426"}],"wp:term":[{"taxonomy":"category","embeddable":true,"href":"https:\/\/www.europesays.com\/fi\/wp-json\/wp\/v2\/categories?post=143426"},{"taxonomy":"post_tag","embeddable":true,"href":"https:\/\/www.europesays.com\/fi\/wp-json\/wp\/v2\/tags?post=143426"}],"curies":[{"name":"wp","href":"https:\/\/api.w.org\/{rel}","templated":true}]}}