{"id":14343,"date":"2025-08-23T19:37:08","date_gmt":"2025-08-23T19:37:08","guid":{"rendered":"https:\/\/www.europesays.com\/fi\/14343\/"},"modified":"2025-08-23T19:37:08","modified_gmt":"2025-08-23T19:37:08","slug":"emme-hapeile-olemme-sellaisia-kuin-olemme","status":"publish","type":"post","link":"https:\/\/www.europesays.com\/fi\/14343\/","title":{"rendered":"Emme h\u00e4peile, olemme sellaisia kuin olemme"},"content":{"rendered":"<p>Komiat-<a href=\"https:\/\/www.instagram.com\/komiatofficial\/\" target=\"_blank\" rel=\"noreferrer noopener nofollow\">yhtyeen <\/a>solisti <strong>Aleksi Yli-Sissala<\/strong>, 29, ja <a href=\"https:\/\/www.instagram.com\/eeronummela\/\" target=\"_blank\" rel=\"noreferrer noopener nofollow\">rumpali <\/a><strong>Eero Nummela<\/strong>, 31, vastaavat yst\u00e4vyyteen ja yhtyeeseen liittyviin kysymyksiin.<\/p>\n<p>Miten tutustuitte toisiinne?<\/p>\n<p><strong>Eero: <\/strong>\u201dTapasin <strong>Aleksin<\/strong> ensimm\u00e4ist\u00e4 kertaa \u00adl\u00e4hes kahdeksan vuotta sitten. Olin ajatellut, ett\u00e4 olisi kiva tehd\u00e4 keikkoja tanssilavoilla ja tarjota jotakin sellaista, joka tuntui sill\u00e4 \u00adhetkell\u00e4 puuttuvan \u2013 suoraviivaista, rehti\u00e4, haitarivetoista musiikkia.<\/p>\n<p>Esitin idean kavereilleni. Kukaan meist\u00e4 ei soittanut haitaria, joten aloimme etsim\u00e4\u00e4n sopivaa soittajaa. Bongasin <a href=\"https:\/\/www.harmonikkaliitto.fi\/uutisia\/aleksi-laukkonen-vuoden-harmonikkataiteilija-2022\/\" target=\"_blank\" rel=\"noreferrer noopener nofollow\">Kultaisen harmonikan voittajan<\/a> <strong><a href=\"https:\/\/www.instagram.com\/aleksilaukkonen\/\" target=\"_blank\" rel=\"noreferrer noopener nofollow\">Aleksi Laukkosen<\/a><\/strong>, joka puolestaan tunsi Aleksin. Kilautin heille, ett\u00e4 meill\u00e4 olisi b\u00e4ndi ja t\u00e4llaista musiikkia, tuletteko treeneihin b\u00e4ndik\u00e4mp\u00e4lle Yl\u00e4neelle.<\/p>\n<p>Koen, ett\u00e4 muusikoilla on usein jokin selitt\u00e4m\u00e4t\u00f6n yhteys ja kokemuspohja, mink\u00e4 takia \u00adjuttu l\u00e4htee helposti luistamaan. N\u00e4in k\u00e4vi my\u00f6s ensikohtaamisessamme. <\/p>\n<p>Jossain vaiheessa piti muistaa lopettaa kahvin juominen ja \u00adaloittaa treenaaminen. Soittaminen sujui hienosti, ja \u00adfiilistelimme treeneist\u00e4 otettuja \u00e4\u00e4nitteit\u00e4 viel\u00e4 j\u00e4lkik\u00e4teen. Kohtaamisesta j\u00e4i l\u00e4mmin ja hauska tunnelma. Jos ensivaikutelma ei olisi ollut hyv\u00e4, niin b\u00e4ndi\u00e4 ei olisi.\u201d<\/p>\n<p><strong>Aleksi:<\/strong> \u201dMinulla ei ollut aikaisemmin ollut omaa b\u00e4ndi\u00e4, vaan olin keikkaillut p\u00e4\u00e4asiassa solistina.<\/p>\n<p>Eero ja muut halusivat v\u00e4litt\u00e4\u00e4 tunteen, ett\u00e4 t\u00e4m\u00e4 on mukavaa hommaa ja t\u00e4st\u00e4 kannattaa alkaa rakentamaan. Eero oli miettinyt etuk\u00e4teen ruoat sek\u00e4 majoitukset, ja harjoitusten j\u00e4lkeen h\u00e4n l\u00e4mmitti saunan.<\/p>\n<p>Olin ehk\u00e4 eniten k\u00f6ysiss\u00e4 ensimm\u00e4isiss\u00e4 treeneiss\u00e4, kun tajusin, miten taitava porukka on.\u201d<\/p>\n<p><strong>Eero: <\/strong>\u201dOlimme harjoitelleet etuk\u00e4teen, kun tiesimme, ett\u00e4 kovat \u00e4ij\u00e4t Etel\u00e4-Pohjanmaalta ovat tulossa!<\/p>\n<p>B\u00e4ndin ymp\u00e4rille on muodostunut yhteis\u00f6, joka haluaa n\u00e4hd\u00e4 meid\u00e4n onnistuvan. Se on todella arvokasta. Olen tutustunut Aleksin vanhempiin, kun keikkareissuilla joskus majoitumme heid\u00e4n luonaan. Aina on puhtaat lakanat, petipaikka ja l\u00e4mmint\u00e4 ruokaa. Vanhempamme ovat tulleet my\u00f6s kesken\u00e4\u00e4n tutuiksi.\u201d<\/p>\n<p>Mist\u00e4 yhtyeen nimi Komiat tulee?<\/p>\n<p><strong>Aleksi:<\/strong> \u201dKomiat oli Eeron ehdotus. Kyse ei ole siit\u00e4, ett\u00e4 olisimme ensimm\u00e4isten promokuvausten j\u00e4lkeen todenneet, ett\u00e4 onpa komiaa porukkaa! Nimi viittaa b\u00e4ndin suoraselk\u00e4iseen asenteeseen sek\u00e4 Etel\u00e4-Pohjanmaahan.\u201d<\/p>\n<p><strong>Eero: <\/strong>\u201dOlemme kaikki alun perin maaseudulta, joten jaamme kokemuksen siit\u00e4, millaista \u00adsiell\u00e4 on el\u00e4\u00e4. On hienoa keikkailla pienill\u00e4 paikkakunnilla eik\u00e4 vain kiert\u00e4\u00e4 isoja kasvukeskuksia. Lavalla meill\u00e4 on iloinen ja reipas \u00admeininki. Emme h\u00e4peile, vaan olemme sellaisia kuin olemme.\u201d<\/p>\n<p>Mit\u00e4 tekisitte, jos olisitte p\u00e4iv\u00e4n toistenne kehoissa?<\/p>\n<p><strong>Eero:<\/strong> \u201dPys\u00e4htyisin ihmettelem\u00e4\u00e4n t\u00e4t\u00e4 maailmaa, sill\u00e4 jokainen katsoo sit\u00e4 eri tavalla. Piirt\u00e4isin ja maalaisin. Olen umpisurkea molemmissa, ja Aleksi on paljon parempi.\u201d<\/p>\n<p><strong>Aleksi: <\/strong>\u201dMeill\u00e4 on erilaiset vahvuusalueet. Eero on todella taitava k\u00e4sist\u00e4\u00e4n ja osaa visualisoida asioita. H\u00e4n saattaa keksi\u00e4, ett\u00e4 tarvitsemme roudaamiseen tietynlaisen laatikon, hankkii laatikon ja muokkaa siit\u00e4 oikeanlaisen. Kumpikin on luovia mutta eri tavoin.<\/p>\n<p>Jos olisin p\u00e4iv\u00e4n Eeron nahoissa, paistaisin pizzaa h\u00e4nen pizzauunissaan. Eero on oikea pizza-artesaani.\u201d<\/p>\n<p>Millaisen kappaleen tekisitte toisistanne?<\/p>\n<p><strong>Eero:<\/strong> \u201dKappale olisi herkk\u00e4 balladi, jossa on mukana haaveilua. Jos se olisi englanninkielinen, nimi voisi olla Daydreaming.\u201d<\/p>\n<p><strong>Aleksi:<\/strong> \u201dEero tykk\u00e4\u00e4 paljon iskelm\u00e4keikoista, mutta olen my\u00f6s n\u00e4hnyt, kun h\u00e4n soittaa soulia ja<strong> Stingin<\/strong> musiikkia. Taitava muusikko nauttii haastavasta tekemisest\u00e4 ja siit\u00e4 suoriutumisesta.<\/p>\n<p>T\u00e4st\u00e4 syyst\u00e4 Eeron biisiss\u00e4 olisi ep\u00e4tyypillinen komppi ja erikoinen tahtilaji, ehk\u00e4 s\u00e4hk\u00f6kitaraa ja puhaltimia. Minulla tulee Eerosta puhallinfiilis. Eero pit\u00e4\u00e4 tyylikk\u00e4ist\u00e4 sanoituksista, joten kappaleen nimi voisi olla Turkoosi vesi.\u201d<\/p>\n<p>Miksi soitatte juuri iskelm\u00e4\u00e4?<\/p>\n<p><strong>\u200bAleksi: <\/strong>\u201dIskelm\u00e4 on musiikkia muiden joukossa. B\u00e4ndiss\u00e4 on mukana ammattimuusikoita, ja osa opiskelee instrumenttipedagogiksi. On rikkaus, ett\u00e4 osaa soittaa monenlaista musiikkia. Jokainen on soittanut rock- ja pop-keikkoja.<\/p>\n<p>Iskelm\u00e4 on Suomessa todella vahvalla pohjalla ja tuo eri-ik\u00e4isi\u00e4 ja taustaisia ihmisi\u00e4 yhteen. On suoranainen ihme, ett\u00e4 meid\u00e4n ik\u00e4isi\u00e4mme on kent\u00e4ll\u00e4 niin v\u00e4h\u00e4n.\u201d<\/p>\n<p><strong>Eero: <\/strong>\u201dIskelm\u00e4ss\u00e4 on hieno jatkumo ja kerroksellisuutta. Meill\u00e4 on ohjelmistossa kappaleita, joita pappani soitti aikanaan haitarilla. Kun esit\u00e4mme sata vuotta vanhan biisin, moni saattaa kuulla sen ensimm\u00e4ist\u00e4 kertaa.\u201d<\/p>\n<p><a href=\"https:\/\/seura.fi\/ilmiot\/reportaasit\/iskelma-teki-paluun-kake-randelin-villitsee-kaiken-ikaiset-keikalla\/\" rel=\"nofollow noopener\" target=\"_blank\">Lue my\u00f6s: Iskelm\u00e4 teki paluun \u2013 Kake Randelin villitsee kaiken ik\u00e4iset: \u201dViihdyt\u00e4n jo kolmatta sukupolvea \u2013 b\u00e4ndin pojatkin sanovat, ett\u00e4 olet ihme ukko\u201d<\/a><\/p>\n<p>Kenet iskelm\u00e4laulajan yhdist\u00e4tte lapsuutenne kesiin?<\/p>\n<p><strong>Aleksi:<\/strong> \u201dJos saa sanoa vain yhden, niin vastaan <strong><a href=\"https:\/\/seura.fi\/ilmiot\/historia\/fiilaten-ja-hoylaten-tuottaja-loyto-amerikasta-rauli-badding-somerjoki-basisti-olli-helander-muistelee-kesa-1973\/\" rel=\"nofollow noopener\" target=\"_blank\">Rauli Badding Somerjoki<\/a><\/strong>.\u201d<\/p>\n<p><strong>Eero: <\/strong>\u201dMuistan, kun <a href=\"https:\/\/seura.fi\/terveys\/terveystarinat\/purentaleikkaus-kohensi-simo-silmun-elamaa\/\" rel=\"nofollow noopener\" target=\"_blank\">Y\u00f6lintu<\/a> soitti Ylen Kes\u00e4illan valssi -ohjelmassa. Rummunsoittoharrastukseni l\u00e4hti liikkeelle siit\u00e4, kun muksuna katsoin ohjelmaa ja rummutin samalla keksipurkkeja. Pappa keksi, ett\u00e4 pojalle pit\u00e4\u00e4 hankkia rummut.<\/p>\n<p>Minulle tulee edelleen kes\u00e4fiilis, kun laitan Y\u00f6linnun Tositarkoituksella-kappaleen soimaan ja l\u00e4hden ajamaan hiekkatiet\u00e4.\u201d<\/p>\n<p><a href=\"https:\/\/seura.fi\/viihde\/komiat-keikkamuistot\/\" rel=\"nofollow noopener\" target=\"_blank\">Lue my\u00f6s: Komiat-yhtyeen Aleksi Yli-Sissala ja Eero Nummela kertovat mieleen painuneista keikkamuistoistaan: \u201dYleis\u00f6 kiipeili ikkunalaudoille, jotta n\u00e4kisi paremmin\u201d<\/a><\/p>\n<p>    <a href=\"https:\/\/seura.fi\/wp-content\/uploads\/2025\/08\/nimeton-malli-29.jpg\" rel=\"nofollow noopener\" target=\"_blank\"><img loading=\"lazy\" decoding=\"async\" alt=\"\" class=\"wp-image-2120621 awpo-lqip awpo-lazy\" width=\"2100\" height=\"1400\" style=\"--aspect-ratio: 1.5\" src=\"https:\/\/www.europesays.com\/fi\/wp-content\/uploads\/2025\/08\/nimeton-malli-29.jpg\"\/><\/a><br \/>\n      Jos keikkamatkalla j\u00e4\u00e4 vapaa-aikaa, Komiat-yhtye saunoo, ui ja kopittelee pes\u00e4palloa. Vapaat kuluvat palautumiseen l\u00e4heisten seurassa.      <\/p>\n<p>          \u00a9 Juha Harju        <\/p>\n<p>  <script async src=\"\/\/www.instagram.com\/embed.js\"><\/script><\/p>\n","protected":false},"excerpt":{"rendered":"Komiat-yhtyeen solisti Aleksi Yli-Sissala, 29, ja rumpali Eero Nummela, 31, vastaavat yst\u00e4vyyteen ja yhtyeeseen liittyviin kysymyksiin. Miten tutustuitte&hellip;\n","protected":false},"author":2,"featured_media":14344,"comment_status":"","ping_status":"","sticky":false,"template":"","format":"standard","meta":{"footnotes":""},"categories":[136],"tags":[407,137,1377,33,31,30,1006,1007,408,5780,32,109,5781,4857],"class_list":{"0":"post-14343","1":"post","2":"type-post","3":"status-publish","4":"format-standard","5":"has-post-thumbnail","7":"category-julkkikset","8":"tag-celebrities","9":"tag-entertainment","10":"tag-etela-pohjanmaa","11":"tag-fi","12":"tag-finland","13":"tag-finnish","14":"tag-iskelma","15":"tag-iskelmamusiikki","16":"tag-julkkikset","17":"tag-meidan-kesken","18":"tag-suomi","19":"tag-viihde","20":"tag-yhtye","21":"tag-ystavyys"},"share_on_mastodon":{"url":"","error":""},"_links":{"self":[{"href":"https:\/\/www.europesays.com\/fi\/wp-json\/wp\/v2\/posts\/14343","targetHints":{"allow":["GET"]}}],"collection":[{"href":"https:\/\/www.europesays.com\/fi\/wp-json\/wp\/v2\/posts"}],"about":[{"href":"https:\/\/www.europesays.com\/fi\/wp-json\/wp\/v2\/types\/post"}],"author":[{"embeddable":true,"href":"https:\/\/www.europesays.com\/fi\/wp-json\/wp\/v2\/users\/2"}],"replies":[{"embeddable":true,"href":"https:\/\/www.europesays.com\/fi\/wp-json\/wp\/v2\/comments?post=14343"}],"version-history":[{"count":0,"href":"https:\/\/www.europesays.com\/fi\/wp-json\/wp\/v2\/posts\/14343\/revisions"}],"wp:featuredmedia":[{"embeddable":true,"href":"https:\/\/www.europesays.com\/fi\/wp-json\/wp\/v2\/media\/14344"}],"wp:attachment":[{"href":"https:\/\/www.europesays.com\/fi\/wp-json\/wp\/v2\/media?parent=14343"}],"wp:term":[{"taxonomy":"category","embeddable":true,"href":"https:\/\/www.europesays.com\/fi\/wp-json\/wp\/v2\/categories?post=14343"},{"taxonomy":"post_tag","embeddable":true,"href":"https:\/\/www.europesays.com\/fi\/wp-json\/wp\/v2\/tags?post=14343"}],"curies":[{"name":"wp","href":"https:\/\/api.w.org\/{rel}","templated":true}]}}