{"id":143442,"date":"2026-01-15T22:07:08","date_gmt":"2026-01-15T22:07:08","guid":{"rendered":"https:\/\/www.europesays.com\/fi\/143442\/"},"modified":"2026-01-15T22:07:08","modified_gmt":"2026-01-15T22:07:08","slug":"machado-antoi-nobelin-rauhanpalkinnon-trumpille","status":"publish","type":"post","link":"https:\/\/www.europesays.com\/fi\/143442\/","title":{"rendered":"Machado antoi Nobelin rauhanpalkinnon Trumpille"},"content":{"rendered":"<p>Ei ole varmaa, ottiko Trump palkinnon vastaan.<\/p>\n<p>15.1. 23:23<\/p>\n<p class=\"article-body mb-nof-24 px-nof-16\">Venezuelalainen oppositiojohtaja ja Nobelin rauhanpalkinnon voittaja <a class=\"font-bold underline-offset-[0.12em] [text-decoration:var(--person-link-text-decoration)] ![text-decoration-color:var(--person-link-text-decoration-color)]\" href=\"https:\/\/www.is.fi\/haku\/?query=Mar%C3%ADa%20Corina%20Machado\" rel=\"nofollow noopener\" target=\"_blank\">Mar\u00eda Corina Machado<\/a> kertoo antaneensa Nobel-palkintonsa Yhdysvaltain presidentti <a class=\"font-bold underline-offset-[0.12em] [text-decoration:var(--person-link-text-decoration)] ![text-decoration-color:var(--person-link-text-decoration-color)] font-bold\" href=\"https:\/\/www.is.fi\/haku\/?query=Donald%20Trumpille\" rel=\"nofollow noopener\" target=\"_blank\">Donald Trumpille<\/a>.<\/p>\n<p class=\"article-body mb-nof-24 px-nof-16\">Machadon lausunnosta kertoo uutistoimisto Reuters. Trump tapasi Machadon torstaina Valkoisessa talossa.<\/p>\n<p class=\"article-body mb-nof-24 px-nof-16\">Reutersin mukaan Machado ei suostunut kertomaan toimittajille, ottiko Trump palkinnon vastaan.<\/p>\n<p class=\"article-body mb-nof-24 px-nof-16\">Machado sai Nobelin rauhanpalkinnon viime joulukuussa. Nobel-komitea on aiemmin korostanut, ettei palkinnon luovuttaminen toiselle henkil\u00f6lle ole mahdollista.<\/p>\n<p class=\"article-body mb-nof-24 px-nof-16\">Nobel-palkintokokonaisuuteen kuuluu kunniakirja, rahasumma ja kultainen mitali. Reutersin mukaan Machado tarjosi Trumpille nimenomaan Nobel-mitalia.<\/p>\n<p class=\"article-body mb-nof-24 px-nof-16\">Trump on havitellut palkintoa itselleen ja suhtautunut aiemmin julkisuudessa Machadoon pense\u00e4sti. H\u00e4n on v\u00e4itt\u00e4nyt, ettei Machadolla ole kannatusta eik\u00e4 kunnioitusta kotimaassaan.<\/p>\n<p class=\"article-body mb-nof-24 px-nof-16\">Torstaina Trumpin lehdist\u00f6sihteeri <a class=\"font-bold underline-offset-[0.12em] [text-decoration:var(--person-link-text-decoration)] ![text-decoration-color:var(--person-link-text-decoration-color)]\" href=\"https:\/\/www.is.fi\/haku\/?query=Karoline%20Leavitt\" rel=\"nofollow noopener\" target=\"_blank\">Karoline Leavitt<\/a> kertoi Trumpin odottavan tapaamista Machadon kanssa ja kuvaili t\u00e4t\u00e4 rohkeaksi. Leavitt kuitenkin totesi, ettei Trumpin arvio Machadon mahdollisuuksista johtaa Venezuelaa ole muuttunut.<\/p>\n<p class=\"article-body mb-nof-24 px-nof-16\">Machado on yksi Venezuelan opposition t\u00e4rkeimmist\u00e4 hahmoista. H\u00e4n on pyrkinyt p\u00e4\u00e4sem\u00e4\u00e4n Trumpin suosioon.<\/p>\n<p class=\"article-body mb-nof-24 px-nof-16\">Aiemmin tammikuussa h\u00e4n ilmaisi haluavansa luovuttaa saamansa rauhanpalkinnon Trumpille kiitollisuudenosoituksena siit\u00e4, ett\u00e4 Yhdysvallat poisti presidentti <a class=\"font-bold underline-offset-[0.12em] [text-decoration:var(--person-link-text-decoration)] ![text-decoration-color:var(--person-link-text-decoration-color)] font-bold\" href=\"https:\/\/www.is.fi\/haku\/?query=Nicol%C3%A1s%20Maduron\" rel=\"nofollow noopener\" target=\"_blank\">Nicol\u00e1s Maduron<\/a> Venezuelan johdosta.<\/p>\n<p class=\"article-body mb-nof-24 px-nof-16\">Yhdysvallat iski vuoden alussa Venezuelaan ja kaappasi maan itsevaltaisen presidentin. Yhdysvallat ei ole kuitenkaan nostanut ket\u00e4\u00e4n maan oppositiosta valtaan, ja Trump on ilmoittanut Yhdysvaltojen johtavan maata toistaiseksi.<\/p>\n<p class=\"article-body mb-nof-24 px-nof-16\">K\u00e4yt\u00e4nn\u00f6ss\u00e4 Venezuelassa pit\u00e4\u00e4 valtaa t\u00e4ll\u00e4 hetkell\u00e4 Maduron entinen varapresidentti <a class=\"font-bold underline-offset-[0.12em] [text-decoration:var(--person-link-text-decoration)] ![text-decoration-color:var(--person-link-text-decoration-color)]\" href=\"https:\/\/www.is.fi\/haku\/?query=Delcy%20Rodriguez\" rel=\"nofollow noopener\" target=\"_blank\">Delcy Rodriguez<\/a>, mutta maan poliittinen tilanne on ollut Yhdysvaltain iskun j\u00e4lkeen hyvin ep\u00e4selv\u00e4.<\/p>\n<p class=\"article-body mb-nof-24 px-nof-16\">Trump on suhtautunut my\u00f6nteisesti Rodrigueziin. Keskiviikkona Trump kertoi Reutersin haastattelussa k\u00e4yneens\u00e4 Rodriguezin kanssa kiehtovan keskustelun, ja kuvaili t\u00e4m\u00e4n kanssa tehdyn yhteisty\u00f6n sujuneen hyvin.<\/p>\n","protected":false},"excerpt":{"rendered":"Ei ole varmaa, ottiko Trump palkinnon vastaan. 15.1. 23:23 Venezuelalainen oppositiojohtaja ja Nobelin rauhanpalkinnon voittaja Mar\u00eda Corina Machado&hellip;\n","protected":false},"author":2,"featured_media":143443,"comment_status":"","ping_status":"","sticky":false,"template":"","format":"standard","meta":{"footnotes":""},"categories":[14],"tags":[22,23,26,27,33,31,30,17,34,24,25,28,29,15,18,21,32,19,20,56,16,59,60,61],"class_list":{"0":"post-143442","1":"post","2":"type-post","3":"status-publish","4":"format-standard","5":"has-post-thumbnail","7":"category-ulkomaat","8":"tag-breaking-news","9":"tag-breakingnews","10":"tag-featured-news","11":"tag-featurednews","12":"tag-fi","13":"tag-finland","14":"tag-finnish","15":"tag-headlines","16":"tag-ilta-sanomat","17":"tag-latest-news","18":"tag-latestnews","19":"tag-main-news","20":"tag-mainnews","21":"tag-news","22":"tag-otsikot","23":"tag-paauutiset","24":"tag-suomi","25":"tag-top-stories","26":"tag-topstories","27":"tag-ulkomaat","28":"tag-uutiset","29":"tag-world","30":"tag-world-news","31":"tag-worldnews"},"share_on_mastodon":{"url":"https:\/\/pubeurope.com\/@fi\/115901395357316677","error":""},"_links":{"self":[{"href":"https:\/\/www.europesays.com\/fi\/wp-json\/wp\/v2\/posts\/143442","targetHints":{"allow":["GET"]}}],"collection":[{"href":"https:\/\/www.europesays.com\/fi\/wp-json\/wp\/v2\/posts"}],"about":[{"href":"https:\/\/www.europesays.com\/fi\/wp-json\/wp\/v2\/types\/post"}],"author":[{"embeddable":true,"href":"https:\/\/www.europesays.com\/fi\/wp-json\/wp\/v2\/users\/2"}],"replies":[{"embeddable":true,"href":"https:\/\/www.europesays.com\/fi\/wp-json\/wp\/v2\/comments?post=143442"}],"version-history":[{"count":0,"href":"https:\/\/www.europesays.com\/fi\/wp-json\/wp\/v2\/posts\/143442\/revisions"}],"wp:featuredmedia":[{"embeddable":true,"href":"https:\/\/www.europesays.com\/fi\/wp-json\/wp\/v2\/media\/143443"}],"wp:attachment":[{"href":"https:\/\/www.europesays.com\/fi\/wp-json\/wp\/v2\/media?parent=143442"}],"wp:term":[{"taxonomy":"category","embeddable":true,"href":"https:\/\/www.europesays.com\/fi\/wp-json\/wp\/v2\/categories?post=143442"},{"taxonomy":"post_tag","embeddable":true,"href":"https:\/\/www.europesays.com\/fi\/wp-json\/wp\/v2\/tags?post=143442"}],"curies":[{"name":"wp","href":"https:\/\/api.w.org\/{rel}","templated":true}]}}